{"id":26835,"date":"2018-02-07T02:00:59","date_gmt":"2018-02-07T01:00:59","guid":{"rendered":"http:\/\/www.region-schwabach.de\/wordpress\/?p=26835"},"modified":"2018-02-07T02:11:56","modified_gmt":"2018-02-07T01:11:56","slug":"unfall-an-strassenkreuzung-in-schwabach","status":"publish","type":"post","link":"https:\/\/www.region-schwabach.de\/wordpress\/unfall-an-strassenkreuzung-in-schwabach\/","title":{"rendered":"Unfall an Stra\u00dfenkreuzung in Schwabach"},"content":{"rendered":"\t\t<div data-elementor-type=\"wp-post\" data-elementor-id=\"26835\" class=\"elementor elementor-26835 elementor-bc-flex-widget\">\n\t\t\t\t\t\t<section class=\"elementor-section elementor-top-section elementor-element elementor-element-tlus4ia elementor-section-boxed elementor-section-height-default elementor-section-height-default\" data-id=\"tlus4ia\" data-element_type=\"section\">\n\t\t\t\t\t\t<div class=\"elementor-container elementor-column-gap-default\">\n\t\t\t\t\t<div class=\"elementor-column elementor-col-66 elementor-top-column elementor-element elementor-element-sphcucl\" data-id=\"sphcucl\" data-element_type=\"column\">\n\t\t\t<div class=\"elementor-widget-wrap elementor-element-populated\">\n\t\t\t\t\t\t<div class=\"elementor-element elementor-element-4f2h2af elementor-widget elementor-widget-text-editor\" data-id=\"4f2h2af\" data-element_type=\"widget\" data-widget_type=\"text-editor.default\">\n\t\t\t\t<div class=\"elementor-widget-container\">\n\t\t\t\t\t\t\t<h3>Schwerer Unfall an Schwabacher Kreuzung<\/h3><p>Schwabach &#8211; Am Dienstagmorgen, den 06.02.2018, ereignete sich an der Kreuzung F\u00fcrther Stra\u00dfe \/ Penzendorfer Stra\u00dfe ein schwerer Verkehrsunfall, als ein 27-j\u00e4hriger BMW Fahrer auf der Penzendorfer Stra\u00dfe stadteinw\u00e4rts unterwegs war, und in die Wei\u00dfenburger Stra\u00dfe abbiegenwollte.<\/p><h3>Mutma\u00dfliche Unfallverursacherin \u00fcbersah vermutlich rote Ampel<\/h3><p>An der Kreuzung mu\u00dfte er verkehrsbedingt an der dortigen Ampel anhalten, und bei der Weiterfahrt kollidierte er dann mit dem PKW einer 52 J\u00e4hrigen aus Schwabach, die stadtausw\u00e4rtigs unterwegs war, und vermutlich eine rote Ampel \u00fcbersehen hatte.<\/p><h3>Leicht Verletzter wurde ins Krankenhaus gebracht<\/h3><p>Bei dem heftigen Zusammensto\u00df, bei dem der BMW um einige Meter zur\u00fcckgeschoben, wurde der BMW Fahrer leicht verletzt, konnte aber gl\u00fccklicherweise das Krankenhaus bereits wieder verlassen. Die Ermittlungen zum genauen Unfallhergang dauern noch an.<\/p>\t\t\t\t\t\t<\/div>\n\t\t\t\t<\/div>\n\t\t\t\t<div class=\"elementor-element elementor-element-39c5f74 elementor-widget elementor-widget-google_maps\" data-id=\"39c5f74\" data-element_type=\"widget\" data-widget_type=\"google_maps.default\">\n\t\t\t\t<div class=\"elementor-widget-container\">\n\t\t\t\t\t<div class=\"elementor-custom-embed\">\n\t\t\t<iframe loading=\"lazy\"\n\t\t\t\t\tsrc=\"https:\/\/maps.google.com\/maps?q=49.329359%2C%2011.032035&#038;t=m&#038;z=15&#038;output=embed&#038;iwloc=near\"\n\t\t\t\t\ttitle=\"49.329359, 11.032035\"\n\t\t\t\t\taria-label=\"49.329359, 11.032035\"\n\t\t\t><\/iframe>\n\t\t<\/div>\n\t\t\t\t<\/div>\n\t\t\t\t<\/div>\n\t\t\t\t\t<\/div>\n\t\t<\/div>\n\t\t\t\t<div class=\"elementor-column elementor-col-33 elementor-top-column elementor-element elementor-element-flkv3o5\" data-id=\"flkv3o5\" data-element_type=\"column\">\n\t\t\t<div class=\"elementor-widget-wrap elementor-element-populated\">\n\t\t\t\t\t\t<div class=\"elementor-element elementor-element-bpvimlk elementor-widget elementor-widget-image\" data-id=\"bpvimlk\" data-element_type=\"widget\" data-widget_type=\"image.default\">\n\t\t\t\t<div class=\"elementor-widget-container\">\n\t\t\t\t\t\t\t\t\t\t\t\t\t\t<a href=\"http:\/\/www.region-schwabach.de\/wordpress\/werben-auf-region-schwabach\/\" target=\"_blank\">\n\t\t\t\t\t\t\t<img fetchpriority=\"high\" decoding=\"async\" width=\"1024\" height=\"1024\" src=\"https:\/\/www.region-schwabach.de\/wordpress\/wp-content\/uploads\/2017\/06\/werbung8-1024x1024.png\" class=\"attachment-large size-large wp-image-2484\" alt=\"\" srcset=\"https:\/\/www.region-schwabach.de\/wordpress\/wp-content\/uploads\/2017\/06\/werbung8-1024x1024.png 1024w, https:\/\/www.region-schwabach.de\/wordpress\/wp-content\/uploads\/2017\/06\/werbung8-150x150.png 150w, https:\/\/www.region-schwabach.de\/wordpress\/wp-content\/uploads\/2017\/06\/werbung8-300x300.png 300w, https:\/\/www.region-schwabach.de\/wordpress\/wp-content\/uploads\/2017\/06\/werbung8-768x768.png 768w, https:\/\/www.region-schwabach.de\/wordpress\/wp-content\/uploads\/2017\/06\/werbung8-600x600.png 600w, https:\/\/www.region-schwabach.de\/wordpress\/wp-content\/uploads\/2017\/06\/werbung8.png 1200w\" sizes=\"(max-width: 1024px) 100vw, 1024px\" \/>\t\t\t\t\t\t\t\t<\/a>\n\t\t\t\t\t\t\t\t\t\t\t\t\t<\/div>\n\t\t\t\t<\/div>\n\t\t\t\t\t<\/div>\n\t\t<\/div>\n\t\t\t\t\t<\/div>\n\t\t<\/section>\n\t\t\t\t<\/div>\n\t\t","protected":false},"excerpt":{"rendered":"<div class=\"mh-excerpt\"><p>Schwerer Unfall an Schwabacher Kreuzung Schwabach &#8211; Am Dienstagmorgen, den 06.02.2018, ereignete sich an der Kreuzung F\u00fcrther Stra\u00dfe \/ Penzendorfer Stra\u00dfe ein schwerer Verkehrsunfall, als ein 27-j\u00e4hriger BMW Fahrer auf der Penzendorfer Stra\u00dfe stadteinw\u00e4rts unterwegs <a class=\"mh-excerpt-more\" href=\"https:\/\/www.region-schwabach.de\/wordpress\/unfall-an-strassenkreuzung-in-schwabach\/\" title=\"Unfall an Stra\u00dfenkreuzung in Schwabach\">[&#8230;]<\/a><\/p>\n<\/div>","protected":false},"author":1,"featured_media":26836,"comment_status":"open","ping_status":"open","sticky":false,"template":"","format":"standard","meta":{"_cbd_carousel_blocks":"[]","footnotes":""},"categories":[15],"tags":[1983,2619,1597,1300,1057,555,1438,716,401,713,19,334,659],"class_list":{"0":"post-26835","1":"post","2":"type-post","3":"status-publish","4":"format-standard","5":"has-post-thumbnail","7":"category-polizeimeldungen","8":"tag-06-02-2018","9":"tag-ampel","10":"tag-bmw","11":"tag-ermittlungen","12":"tag-fuerther-strasse","13":"tag-gegenverkehr","14":"tag-kreuzung","15":"tag-penzendorfer-strasse","16":"tag-sachschaden","17":"tag-schaden","18":"tag-schwabach","19":"tag-unfall","20":"tag-weissenburger-strasse"},"_links":{"self":[{"href":"https:\/\/www.region-schwabach.de\/wordpress\/wp-json\/wp\/v2\/posts\/26835","targetHints":{"allow":["GET"]}}],"collection":[{"href":"https:\/\/www.region-schwabach.de\/wordpress\/wp-json\/wp\/v2\/posts"}],"about":[{"href":"https:\/\/www.region-schwabach.de\/wordpress\/wp-json\/wp\/v2\/types\/post"}],"author":[{"embeddable":true,"href":"https:\/\/www.region-schwabach.de\/wordpress\/wp-json\/wp\/v2\/users\/1"}],"replies":[{"embeddable":true,"href":"https:\/\/www.region-schwabach.de\/wordpress\/wp-json\/wp\/v2\/comments?post=26835"}],"version-history":[{"count":0,"href":"https:\/\/www.region-schwabach.de\/wordpress\/wp-json\/wp\/v2\/posts\/26835\/revisions"}],"wp:featuredmedia":[{"embeddable":true,"href":"https:\/\/www.region-schwabach.de\/wordpress\/wp-json\/wp\/v2\/media\/26836"}],"wp:attachment":[{"href":"https:\/\/www.region-schwabach.de\/wordpress\/wp-json\/wp\/v2\/media?parent=26835"}],"wp:term":[{"taxonomy":"category","embeddable":true,"href":"https:\/\/www.region-schwabach.de\/wordpress\/wp-json\/wp\/v2\/categories?post=26835"},{"taxonomy":"post_tag","embeddable":true,"href":"https:\/\/www.region-schwabach.de\/wordpress\/wp-json\/wp\/v2\/tags?post=26835"}],"curies":[{"name":"wp","href":"https:\/\/api.w.org\/{rel}","templated":true}]}}