{"id":26856,"date":"2018-02-07T10:35:51","date_gmt":"2018-02-07T09:35:51","guid":{"rendered":"http:\/\/www.region-schwabach.de\/wordpress\/?p=26856"},"modified":"2018-02-07T10:48:35","modified_gmt":"2018-02-07T09:48:35","slug":"geaenderte-oeffnungszeiten-am-faschingsdienstag-bei-aemter-und-dienststellen-der-stadtverwaltung","status":"publish","type":"post","link":"https:\/\/www.region-schwabach.de\/wordpress\/geaenderte-oeffnungszeiten-am-faschingsdienstag-bei-aemter-und-dienststellen-der-stadtverwaltung\/","title":{"rendered":"Ge\u00e4nderte \u00d6ffnungszeiten am Faschingsdienstag bei \u00c4mter und Dienststellen der Stadtverwaltung"},"content":{"rendered":"\t\t<div data-elementor-type=\"wp-post\" data-elementor-id=\"26856\" class=\"elementor elementor-26856 elementor-bc-flex-widget\">\n\t\t\t\t\t\t<section class=\"elementor-section elementor-top-section elementor-element elementor-element-1dzeyuh elementor-section-boxed elementor-section-height-default elementor-section-height-default\" data-id=\"1dzeyuh\" data-element_type=\"section\">\n\t\t\t\t\t\t<div class=\"elementor-container elementor-column-gap-default\">\n\t\t\t\t\t<div class=\"elementor-column elementor-col-66 elementor-top-column elementor-element elementor-element-aam59ft\" data-id=\"aam59ft\" data-element_type=\"column\">\n\t\t\t<div class=\"elementor-widget-wrap elementor-element-populated\">\n\t\t\t\t\t\t<div class=\"elementor-element elementor-element-k9p1oyc elementor-widget elementor-widget-text-editor\" data-id=\"k9p1oyc\" data-element_type=\"widget\" data-widget_type=\"text-editor.default\">\n\t\t\t\t<div class=\"elementor-widget-container\">\n\t\t\t\t\t\t\t<h3>Faschingsdienstag<\/h3><p>Am Faschingsdienstag, den 13.02.2018 gelten bei \u00c4mtern und Beh\u00f6rden in Schwabach ge\u00e4nderte \u00d6ffnungszeiten, die wie folgt aussehen:<\/p><ul style=\"list-style-type: disc;\"><li>Die \u00c4mter und Dienststellen der Stadtverwaltung (einschlie\u00dflich des B\u00fcrgerb\u00fcros) sind am Faschingsdienstag, ab 12 Uhr geschlossen.<\/li><li>Die Gesch\u00e4ftsstelle der Volkshochschule Schwabach ist w\u00e4hrend der Faschingsferien von Montag, 12.02., bis Samstag 17.02.18 geschlossen.<\/li><li>Der Recyclinghof ist am Faschingsdienstag von 10 bis 17 Uhr ge\u00f6ffnet.<\/li><li>Die Stadtbibliothek hat von 10 bis 12 Uhr ge\u00f6ffnet.<\/li><\/ul>\t\t\t\t\t\t<\/div>\n\t\t\t\t<\/div>\n\t\t\t\t<div class=\"elementor-element elementor-element-cj4lfz2 elementor-widget elementor-widget-google_maps\" data-id=\"cj4lfz2\" data-element_type=\"widget\" data-widget_type=\"google_maps.default\">\n\t\t\t\t<div class=\"elementor-widget-container\">\n\t\t\t\t\t<div class=\"elementor-custom-embed\">\n\t\t\t<iframe loading=\"lazy\"\n\t\t\t\t\tsrc=\"https:\/\/maps.google.com\/maps?q=N%C3%B6rdliche%20Ringstr.%202a-c%2C%20Schwabach%2C%20Deutschland&#038;t=m&#038;z=18&#038;output=embed&#038;iwloc=near\"\n\t\t\t\t\ttitle=\"N\u00f6rdliche Ringstr. 2a-c, Schwabach, Deutschland\"\n\t\t\t\t\taria-label=\"N\u00f6rdliche Ringstr. 2a-c, Schwabach, Deutschland\"\n\t\t\t><\/iframe>\n\t\t<\/div>\n\t\t\t\t<\/div>\n\t\t\t\t<\/div>\n\t\t\t\t\t<\/div>\n\t\t<\/div>\n\t\t\t\t<div class=\"elementor-column elementor-col-33 elementor-top-column elementor-element elementor-element-uferl75\" data-id=\"uferl75\" data-element_type=\"column\">\n\t\t\t<div class=\"elementor-widget-wrap elementor-element-populated\">\n\t\t\t\t\t\t<div class=\"elementor-element elementor-element-xuttsc2 elementor-widget elementor-widget-image\" data-id=\"xuttsc2\" data-element_type=\"widget\" data-widget_type=\"image.default\">\n\t\t\t\t<div class=\"elementor-widget-container\">\n\t\t\t\t\t\t\t\t\t\t\t\t\t\t<a href=\"http:\/\/www.region-schwabach.de\/wordpress\/werben-auf-region-schwabach\/\" target=\"_blank\">\n\t\t\t\t\t\t\t<img fetchpriority=\"high\" decoding=\"async\" width=\"300\" height=\"300\" src=\"https:\/\/www.region-schwabach.de\/wordpress\/wp-content\/uploads\/2017\/06\/werbung8-300x300.png\" class=\"attachment-medium size-medium wp-image-2484\" alt=\"\" srcset=\"https:\/\/www.region-schwabach.de\/wordpress\/wp-content\/uploads\/2017\/06\/werbung8-300x300.png 300w, https:\/\/www.region-schwabach.de\/wordpress\/wp-content\/uploads\/2017\/06\/werbung8-150x150.png 150w, https:\/\/www.region-schwabach.de\/wordpress\/wp-content\/uploads\/2017\/06\/werbung8-768x768.png 768w, https:\/\/www.region-schwabach.de\/wordpress\/wp-content\/uploads\/2017\/06\/werbung8-1024x1024.png 1024w, https:\/\/www.region-schwabach.de\/wordpress\/wp-content\/uploads\/2017\/06\/werbung8-600x600.png 600w, https:\/\/www.region-schwabach.de\/wordpress\/wp-content\/uploads\/2017\/06\/werbung8.png 1200w\" sizes=\"(max-width: 300px) 100vw, 300px\" \/>\t\t\t\t\t\t\t\t<\/a>\n\t\t\t\t\t\t\t\t\t\t\t\t\t<\/div>\n\t\t\t\t<\/div>\n\t\t\t\t\t<\/div>\n\t\t<\/div>\n\t\t\t\t\t<\/div>\n\t\t<\/section>\n\t\t\t\t<\/div>\n\t\t","protected":false},"excerpt":{"rendered":"<div class=\"mh-excerpt\"><p>Faschingsdienstag Am Faschingsdienstag, den 13.02.2018 gelten bei \u00c4mtern und Beh\u00f6rden in Schwabach ge\u00e4nderte \u00d6ffnungszeiten, die wie folgt aussehen: Die \u00c4mter und Dienststellen der Stadtverwaltung (einschlie\u00dflich des B\u00fcrgerb\u00fcros) sind am Faschingsdienstag, ab 12 Uhr geschlossen. Die <a class=\"mh-excerpt-more\" href=\"https:\/\/www.region-schwabach.de\/wordpress\/geaenderte-oeffnungszeiten-am-faschingsdienstag-bei-aemter-und-dienststellen-der-stadtverwaltung\/\" title=\"Ge\u00e4nderte \u00d6ffnungszeiten am Faschingsdienstag bei \u00c4mter und Dienststellen der Stadtverwaltung\">[&#8230;]<\/a><\/p>\n<\/div>","protected":false},"author":1,"featured_media":26862,"comment_status":"open","ping_status":"open","sticky":false,"template":"template-full.php","format":"standard","meta":{"_cbd_carousel_blocks":"[]","footnotes":""},"categories":[16,61],"tags":[2119,76,77,2556,1282,2627,2555,72,2626],"class_list":{"0":"post-26856","1":"post","2":"type-post","3":"status-publish","4":"format-standard","5":"has-post-thumbnail","7":"category-aktuell","8":"category-rathaus","9":"tag-13-02-2018","10":"tag-aemter","11":"tag-dienststellen","12":"tag-faschingsdienstag","13":"tag-geschlossen","14":"tag-recyclinghof","15":"tag-stadtbibliothek","16":"tag-stadtverwaltung","17":"tag-volkshochschule-schwabach"},"_links":{"self":[{"href":"https:\/\/www.region-schwabach.de\/wordpress\/wp-json\/wp\/v2\/posts\/26856","targetHints":{"allow":["GET"]}}],"collection":[{"href":"https:\/\/www.region-schwabach.de\/wordpress\/wp-json\/wp\/v2\/posts"}],"about":[{"href":"https:\/\/www.region-schwabach.de\/wordpress\/wp-json\/wp\/v2\/types\/post"}],"author":[{"embeddable":true,"href":"https:\/\/www.region-schwabach.de\/wordpress\/wp-json\/wp\/v2\/users\/1"}],"replies":[{"embeddable":true,"href":"https:\/\/www.region-schwabach.de\/wordpress\/wp-json\/wp\/v2\/comments?post=26856"}],"version-history":[{"count":0,"href":"https:\/\/www.region-schwabach.de\/wordpress\/wp-json\/wp\/v2\/posts\/26856\/revisions"}],"wp:featuredmedia":[{"embeddable":true,"href":"https:\/\/www.region-schwabach.de\/wordpress\/wp-json\/wp\/v2\/media\/26862"}],"wp:attachment":[{"href":"https:\/\/www.region-schwabach.de\/wordpress\/wp-json\/wp\/v2\/media?parent=26856"}],"wp:term":[{"taxonomy":"category","embeddable":true,"href":"https:\/\/www.region-schwabach.de\/wordpress\/wp-json\/wp\/v2\/categories?post=26856"},{"taxonomy":"post_tag","embeddable":true,"href":"https:\/\/www.region-schwabach.de\/wordpress\/wp-json\/wp\/v2\/tags?post=26856"}],"curies":[{"name":"wp","href":"https:\/\/api.w.org\/{rel}","templated":true}]}}