{"id":26868,"date":"2018-02-07T11:17:05","date_gmt":"2018-02-07T10:17:05","guid":{"rendered":"http:\/\/www.region-schwabach.de\/wordpress\/?p=26868"},"modified":"2018-02-07T11:38:22","modified_gmt":"2018-02-07T10:38:22","slug":"einiges-zu-tun-fuer-die-polizei-in-roth","status":"publish","type":"post","link":"https:\/\/www.region-schwabach.de\/wordpress\/einiges-zu-tun-fuer-die-polizei-in-roth\/","title":{"rendered":"Einiges zu tun f\u00fcr die Polizei in Roth"},"content":{"rendered":"\t\t<div data-elementor-type=\"wp-post\" data-elementor-id=\"26868\" class=\"elementor elementor-26868 elementor-bc-flex-widget\">\n\t\t\t\t\t\t<section class=\"elementor-section elementor-top-section elementor-element elementor-element-1cuv9jr elementor-section-boxed elementor-section-height-default elementor-section-height-default\" data-id=\"1cuv9jr\" data-element_type=\"section\">\n\t\t\t\t\t\t<div class=\"elementor-container elementor-column-gap-default\">\n\t\t\t\t\t<div class=\"elementor-column elementor-col-66 elementor-top-column elementor-element elementor-element-q5zak7b\" data-id=\"q5zak7b\" data-element_type=\"column\">\n\t\t\t<div class=\"elementor-widget-wrap elementor-element-populated\">\n\t\t\t\t\t\t<div class=\"elementor-element elementor-element-86qws23 elementor-widget elementor-widget-text-editor\" data-id=\"86qws23\" data-element_type=\"widget\" data-widget_type=\"text-editor.default\">\n\t\t\t\t<div class=\"elementor-widget-container\">\n\t\t\t\t\t\t\t<h3><strong>Verschiedene Eins\u00e4tze f\u00fcr die Rother Polizei<\/strong><\/h3><h3>PKW vonGartenmauer gestoppt<\/h3><p>Abenberg\/Bechhofen &#8211; Am Dienstagmorgen, den 06.02.2018, touchierte eine PKW-Fahrerin auf der Ortsdurchfahrt Bechhofen gegen 8.15 Uhr die Bordsteinkante, und schleuderte danach direkt in eine Gartenmauer.<\/p><p>Bei der Kollision mit der Mauer wurde der Pkw ausgehebelt und die Autofahrt der Frau endete schlie\u00dflich auf dem Autodach. Gl\u00fccklicherweise kam die Frau mit dem Schrecken davon und blieb unverletzt, lediglich an ihrem Fahrzeug d\u00fcrfte ein wirtschaftlicher Totalschaden entstanden sein. In folge des Unfalls konnte die Ortsdurchfahrt von Bechhofen mehr als eine Stunde nicht mehr genutzt werden.<\/p><h3>PKW angefahren und gefl\u00fcchtet<\/h3><p>Roth &#8211; Am Montag, den 05.02.2018, wurde in der Zeit zwischen 07.30 Uhr und 13.00 Uhr ein in der Autostra\u00dfe in Roth geparkter schwarzer Ford Focus im vorderen Fahrzeugbereich von einem bisher Unbekannten &#8211; der sich danach unerlaubt vom Unfallort entfernte &#8211; angefahren, und so ein Schaden in H\u00f6he ca. 500 Euro verursacht.<\/p><h3>Zaun besch\u00e4digt<\/h3><p>B\u00fcchenbach &#8211; In der Zeit zwischen Montagnachmittag, den 05.02.2018, und\u00a0 Dienstagvormittag, den 06.02.2018, wurde an der Wasserrunzel in B\u00fcchenbach von einem bisher Unbekannten &#8211; der im Anschlu\u00df fl\u00fcchtete &#8211; der Zaun eines Firmengel\u00e4ndes angefahren, und so ein Sachschaden in H\u00f6he von ca. 200 Euro hinterlassen.<\/p><h3>Verkehrsunfall auf der B2 an der Mauker Kreuzung<\/h3><p>Georgensgm\u00fcnd &#8211; Am Dienstagabend, den 06.02.2018, kam es im Bereich der ehemaligen Mauker Kreuzung kurz vor Mitternacht zu einem Verkehrsunfall, als der Fahrer eines Renault M\u00e9gane auf B2 in Richtung Wei\u00dfenburg unterwegs war, und ihm nach seinen Angaben ein Mercedes entgegen kam, der dabei auf seine Fahrspur geriet.<\/p><p>Beid dem Versuch dem Mercedes auszuweichen, verlor die jedoch Kontrolle \u00fcber seinen Pkw und kam von der Stra\u00dfe ab. Gl\u00fccklicherweise wurde er nicht verletzt, an seinem Fahrzeug entstand jedoch ein Sachschaden vin h\u00f6he von ca. 4.000 Euro.\u00a0<\/p><h3>Polizei bittet um Mithilfe<\/h3><p>Personen, die verd\u00e4chtige Beobachtungen gemacht haben, werden gebeten, diese der Polizei in Roth unter der Rufnummer 09171-9744-0 mitzuteilen.<\/p>\t\t\t\t\t\t<\/div>\n\t\t\t\t<\/div>\n\t\t\t\t<div class=\"elementor-element elementor-element-id240nb elementor-widget elementor-widget-google_maps\" data-id=\"id240nb\" data-element_type=\"widget\" data-widget_type=\"google_maps.default\">\n\t\t\t\t<div class=\"elementor-widget-container\">\n\t\t\t\t\t<div class=\"elementor-custom-embed\">\n\t\t\t<iframe loading=\"lazy\"\n\t\t\t\t\tsrc=\"https:\/\/maps.google.com\/maps?q=Roth%2C%20Deutschland&#038;t=m&#038;z=11&#038;output=embed&#038;iwloc=near\"\n\t\t\t\t\ttitle=\"Roth, Deutschland\"\n\t\t\t\t\taria-label=\"Roth, Deutschland\"\n\t\t\t><\/iframe>\n\t\t<\/div>\n\t\t\t\t<\/div>\n\t\t\t\t<\/div>\n\t\t\t\t\t<\/div>\n\t\t<\/div>\n\t\t\t\t<div class=\"elementor-column elementor-col-33 elementor-top-column elementor-element elementor-element-0w0urt1\" data-id=\"0w0urt1\" data-element_type=\"column\">\n\t\t\t<div class=\"elementor-widget-wrap elementor-element-populated\">\n\t\t\t\t\t\t<div class=\"elementor-element elementor-element-mo6nk5i elementor-widget elementor-widget-image\" data-id=\"mo6nk5i\" data-element_type=\"widget\" data-widget_type=\"image.default\">\n\t\t\t\t<div class=\"elementor-widget-container\">\n\t\t\t\t\t\t\t\t\t\t\t\t\t\t<a href=\"http:\/\/www.region-schwabach.de\/wordpress\/werben-auf-region-schwabach\/\" target=\"_blank\">\n\t\t\t\t\t\t\t<img fetchpriority=\"high\" decoding=\"async\" width=\"1024\" height=\"1024\" src=\"https:\/\/www.region-schwabach.de\/wordpress\/wp-content\/uploads\/2017\/06\/werbung8-1024x1024.png\" class=\"attachment-large size-large wp-image-2484\" alt=\"\" srcset=\"https:\/\/www.region-schwabach.de\/wordpress\/wp-content\/uploads\/2017\/06\/werbung8-1024x1024.png 1024w, https:\/\/www.region-schwabach.de\/wordpress\/wp-content\/uploads\/2017\/06\/werbung8-150x150.png 150w, https:\/\/www.region-schwabach.de\/wordpress\/wp-content\/uploads\/2017\/06\/werbung8-300x300.png 300w, https:\/\/www.region-schwabach.de\/wordpress\/wp-content\/uploads\/2017\/06\/werbung8-768x768.png 768w, https:\/\/www.region-schwabach.de\/wordpress\/wp-content\/uploads\/2017\/06\/werbung8-600x600.png 600w, https:\/\/www.region-schwabach.de\/wordpress\/wp-content\/uploads\/2017\/06\/werbung8.png 1200w\" sizes=\"(max-width: 1024px) 100vw, 1024px\" \/>\t\t\t\t\t\t\t\t<\/a>\n\t\t\t\t\t\t\t\t\t\t\t\t\t<\/div>\n\t\t\t\t<\/div>\n\t\t\t\t\t<\/div>\n\t\t<\/div>\n\t\t\t\t\t<\/div>\n\t\t<\/section>\n\t\t\t\t<\/div>\n\t\t","protected":false},"excerpt":{"rendered":"<div class=\"mh-excerpt\"><p>Verschiedene Eins\u00e4tze f\u00fcr die Rother Polizei PKW vonGartenmauer gestoppt Abenberg\/Bechhofen &#8211; Am Dienstagmorgen, den 06.02.2018, touchierte eine PKW-Fahrerin auf der Ortsdurchfahrt Bechhofen gegen 8.15 Uhr die Bordsteinkante, und schleuderte danach direkt in eine Gartenmauer. Bei <a class=\"mh-excerpt-more\" href=\"https:\/\/www.region-schwabach.de\/wordpress\/einiges-zu-tun-fuer-die-polizei-in-roth\/\" title=\"Einiges zu tun f\u00fcr die Polizei in Roth\">[&#8230;]<\/a><\/p>\n<\/div>","protected":false},"author":1,"featured_media":26869,"comment_status":"open","ping_status":"open","sticky":false,"template":"","format":"standard","meta":{"_cbd_carousel_blocks":"[]","footnotes":""},"categories":[15],"tags":[1982,1983,578,2630,889,492,541,2629,2013,1416,527,528,250,2632,463,1867,32,487,2628,713,1297,457,335,2631,249,2269],"class_list":{"0":"post-26868","1":"post","2":"type-post","3":"status-publish","4":"format-standard","5":"has-post-thumbnail","7":"category-polizeimeldungen","8":"tag-05-02-2018","9":"tag-06-02-2018","10":"tag-abenberg","11":"tag-autostrasse","12":"tag-bechhofen","13":"tag-buechenbach","14":"tag-bundesstrasse-2","15":"tag-fahreflucht","16":"tag-ford-focus","17":"tag-gartenmauer","18":"tag-georgensgmuend","19":"tag-mauker-kreuzung","20":"tag-mercedes","21":"tag-ortsdurchfahrt","22":"tag-pkw","23":"tag-renault-megane","24":"tag-roth","25":"tag-sachbeschaedigung","26":"tag-sachscahden","27":"tag-schaden","28":"tag-totalschaden","29":"tag-unfallflucht","30":"tag-verkehrsunfall","31":"tag-wasserrunzel","32":"tag-weissenburg","33":"tag-zaun"},"_links":{"self":[{"href":"https:\/\/www.region-schwabach.de\/wordpress\/wp-json\/wp\/v2\/posts\/26868","targetHints":{"allow":["GET"]}}],"collection":[{"href":"https:\/\/www.region-schwabach.de\/wordpress\/wp-json\/wp\/v2\/posts"}],"about":[{"href":"https:\/\/www.region-schwabach.de\/wordpress\/wp-json\/wp\/v2\/types\/post"}],"author":[{"embeddable":true,"href":"https:\/\/www.region-schwabach.de\/wordpress\/wp-json\/wp\/v2\/users\/1"}],"replies":[{"embeddable":true,"href":"https:\/\/www.region-schwabach.de\/wordpress\/wp-json\/wp\/v2\/comments?post=26868"}],"version-history":[{"count":0,"href":"https:\/\/www.region-schwabach.de\/wordpress\/wp-json\/wp\/v2\/posts\/26868\/revisions"}],"wp:featuredmedia":[{"embeddable":true,"href":"https:\/\/www.region-schwabach.de\/wordpress\/wp-json\/wp\/v2\/media\/26869"}],"wp:attachment":[{"href":"https:\/\/www.region-schwabach.de\/wordpress\/wp-json\/wp\/v2\/media?parent=26868"}],"wp:term":[{"taxonomy":"category","embeddable":true,"href":"https:\/\/www.region-schwabach.de\/wordpress\/wp-json\/wp\/v2\/categories?post=26868"},{"taxonomy":"post_tag","embeddable":true,"href":"https:\/\/www.region-schwabach.de\/wordpress\/wp-json\/wp\/v2\/tags?post=26868"}],"curies":[{"name":"wp","href":"https:\/\/api.w.org\/{rel}","templated":true}]}}