{"id":26880,"date":"2018-02-07T12:24:34","date_gmt":"2018-02-07T11:24:34","guid":{"rendered":"http:\/\/www.region-schwabach.de\/wordpress\/?p=26880"},"modified":"2018-02-07T12:57:07","modified_gmt":"2018-02-07T11:57:07","slug":"auch-polizei-in-weissenburg-gut-beschaeftigt","status":"publish","type":"post","link":"https:\/\/www.region-schwabach.de\/wordpress\/auch-polizei-in-weissenburg-gut-beschaeftigt\/","title":{"rendered":"Auch Polizei in Wei\u00dfenburg gut besch\u00e4ftigt"},"content":{"rendered":"\t\t<div data-elementor-type=\"wp-post\" data-elementor-id=\"26880\" class=\"elementor elementor-26880 elementor-bc-flex-widget\">\n\t\t\t\t\t\t<section class=\"elementor-section elementor-top-section elementor-element elementor-element-1cuv9jr elementor-section-boxed elementor-section-height-default elementor-section-height-default\" data-id=\"1cuv9jr\" data-element_type=\"section\">\n\t\t\t\t\t\t<div class=\"elementor-container elementor-column-gap-default\">\n\t\t\t\t\t<div class=\"elementor-column elementor-col-66 elementor-top-column elementor-element elementor-element-q5zak7b\" data-id=\"q5zak7b\" data-element_type=\"column\">\n\t\t\t<div class=\"elementor-widget-wrap elementor-element-populated\">\n\t\t\t\t\t\t<div class=\"elementor-element elementor-element-86qws23 elementor-widget elementor-widget-text-editor\" data-id=\"86qws23\" data-element_type=\"widget\" data-widget_type=\"text-editor.default\">\n\t\t\t\t<div class=\"elementor-widget-container\">\n\t\t\t\t\t\t\t<h3><strong>Verschiedene Eins\u00e4tze f\u00fcr die Wei\u00dfenburger Polizei<\/strong><\/h3><h3>Unter Drogeneinlu\u00df unterwegs<\/h3><p>Pleinfeld &#8211; Am Dienstag, den 06.02.2018, wurde ein mutma\u00dflich unter Drogeneinfluss stehender Autofahrer in Pleinfeld gleich zweimal aus dem Verkehr gezogen.<\/p><p>Zun\u00e4chst wurde der 22 J\u00e4hrige zur Mittagszeit in der Ellinger Stra\u00dfe kontrolliert, wobei den Beamten drogentypische Verhaltensweisen bei ihm auffielen. Ein durchgef\u00fchrter Drogentest best\u00e4tigte diesen Verdacht, und der Mann mu\u00dfte sich einer Blutentnahme unterziehen.<\/p><p>Obwohl ihm die Weiterfahrt untersagt wurde, erwischte eine andere Streife den Unbelehrbaren kurze Zeit sp\u00e4ter schon wieder am Steuer seines Wagens. Da er offensichtlich noch immer nicht fahrt\u00fcchtig war, musste er zur Beweissicherung nochmals eine Blutentnahme \u00fcber sich ergehen lassen.<\/p><p>Neben Punkten in Flensburg mu\u00df der Fahrer nun wohl mit einem mehrmonatigem Fahrverbot und einem empfindlichen Bu\u00dfgeld rechnen.<\/p><h3>Scheibe von Kellerfenster mutwillig eingetreten<\/h3><p><strong>\u00a0<\/strong>Wei\u00dfenburg &#8211; Am Diensttagnachmittag, den 06.02.2018, trat ein 14-j\u00e4hriger Jugendlicher in der Rosenstra\u00dfe in Wei\u00dfenburg mutwillig die Fensterscheibe eines Kellerfensters ein.<\/p><p>Der 14 J\u00e4hrige aus Treuchtlinger entfernte sich zwar zun\u00e4chst vom Tatort, kam jedoch kurze Zeit sp\u00e4ter zum Ort des Geschehens zur\u00fcck, nachdem \u00fcber noch anwesende Zeugen seine Personalien festgestellt worden waren, und zeigte sich bei seiner R\u00fcckkehr auch reum\u00fctig.<\/p><h3><strong>Aus Unachtsamkeit von Fahrbahn abgekommen<\/strong><\/h3><p>Alesheim &#8211; In der Nacht von Dienstag, den 06.02.2018, auf Mittwoch, den 07.02.2018, war ein mit drei Personen besetzter Pkw auf der Kreisstra\u00dfe von Gundelsheim in Richtung Alesheim unterwegs, als der 19-j\u00e4hrige Fahrer &#8211; wohl aus Unachtsamkeit &#8211; in der Rechtskurve am Ortseingang von Alesheim geradeaus fuhr, und mit seinem BMW gegen eine Stra\u00dfenlaterne prallte, die dadurch umknickte.<\/p><p>Der Fahrer und eine 18-j\u00e4hrige Beifahrerin wurden bei dem Aufprall zum Gl\u00fcck nur leicht verletzt, wurden jedoch vorsorglich ins Gunzenhausener Krankenhaus gebracht.\u00a0 Der stark besch\u00e4digte BMW &#8211; bei dem ca. 8.000 Euro Sachschaden entstanden ist &#8211;\u00a0musste abgeschleppt werden.<\/p><h3>Autofahrer fl\u00fcchtet nach Unfall<\/h3><p><strong>\u00a0<\/strong>Wei\u00dfenburg &#8211; Am Dienstagnachmittag, den 06.02.2018, touchierte der Fahrer eines grauen Nissan Micra mit Wei\u00dfenburger-Kennzeichen gegen 13.45 Uhr, gegen den linken Au\u00dfenspiegel eines vor dem Kindergarten in der Holzgasse in Wei\u00dfenburg geparkten Pkw, und entfernte sich im Anschlu\u00df daran unerlaubt vom Unfallort, ohne sich um den entstandenen Schaden zu k\u00fcmmern.<\/p><p>Die gesch\u00e4digte PKW-Fahrerin &#8211; die gerade ihre Kinder vom Kindergarten abholte &#8211;\u00a0 konnte den Unfall zwar noch beobachten, allerdings gelang es ihr nicht, das vollst\u00e4ndige Kennzeichen zu erkennen, lediglich ein nicht serienm\u00e4\u00dfiger Spoiler fiel der Gesch\u00e4digten an dem fl\u00fcchtigen Pkw auf.<\/p><h3>Polizei bittet um Mithilfe<\/h3><p>Personen, die verd\u00e4chtige Beobachtungen gemacht haben, werden gebeten, diese der Polizei in Wei\u00dfenburg unter der Rufnummer 09141-8687-0 mitzuteilen.<\/p>\t\t\t\t\t\t<\/div>\n\t\t\t\t<\/div>\n\t\t\t\t<div class=\"elementor-element elementor-element-id240nb elementor-widget elementor-widget-google_maps\" data-id=\"id240nb\" data-element_type=\"widget\" data-widget_type=\"google_maps.default\">\n\t\t\t\t<div class=\"elementor-widget-container\">\n\t\t\t\t\t<div class=\"elementor-custom-embed\">\n\t\t\t<iframe loading=\"lazy\"\n\t\t\t\t\tsrc=\"https:\/\/maps.google.com\/maps?q=Wei%C3%9Fenburg%2C%20Deutschland&#038;t=m&#038;z=11&#038;output=embed&#038;iwloc=near\"\n\t\t\t\t\ttitle=\"Wei\u00dfenburg, Deutschland\"\n\t\t\t\t\taria-label=\"Wei\u00dfenburg, Deutschland\"\n\t\t\t><\/iframe>\n\t\t<\/div>\n\t\t\t\t<\/div>\n\t\t\t\t<\/div>\n\t\t\t\t\t<\/div>\n\t\t<\/div>\n\t\t\t\t<div class=\"elementor-column elementor-col-33 elementor-top-column elementor-element elementor-element-0w0urt1\" data-id=\"0w0urt1\" data-element_type=\"column\">\n\t\t\t<div class=\"elementor-widget-wrap elementor-element-populated\">\n\t\t\t\t\t\t<div class=\"elementor-element elementor-element-mo6nk5i elementor-widget elementor-widget-image\" data-id=\"mo6nk5i\" data-element_type=\"widget\" data-widget_type=\"image.default\">\n\t\t\t\t<div class=\"elementor-widget-container\">\n\t\t\t\t\t\t\t\t\t\t\t\t\t\t<a href=\"http:\/\/www.region-schwabach.de\/wordpress\/werben-auf-region-schwabach\/\" target=\"_blank\">\n\t\t\t\t\t\t\t<img fetchpriority=\"high\" decoding=\"async\" width=\"1024\" height=\"1024\" src=\"https:\/\/www.region-schwabach.de\/wordpress\/wp-content\/uploads\/2017\/06\/werbung8-1024x1024.png\" class=\"attachment-large size-large wp-image-2484\" alt=\"\" srcset=\"https:\/\/www.region-schwabach.de\/wordpress\/wp-content\/uploads\/2017\/06\/werbung8-1024x1024.png 1024w, https:\/\/www.region-schwabach.de\/wordpress\/wp-content\/uploads\/2017\/06\/werbung8-150x150.png 150w, https:\/\/www.region-schwabach.de\/wordpress\/wp-content\/uploads\/2017\/06\/werbung8-300x300.png 300w, https:\/\/www.region-schwabach.de\/wordpress\/wp-content\/uploads\/2017\/06\/werbung8-768x768.png 768w, https:\/\/www.region-schwabach.de\/wordpress\/wp-content\/uploads\/2017\/06\/werbung8-600x600.png 600w, https:\/\/www.region-schwabach.de\/wordpress\/wp-content\/uploads\/2017\/06\/werbung8.png 1200w\" sizes=\"(max-width: 1024px) 100vw, 1024px\" \/>\t\t\t\t\t\t\t\t<\/a>\n\t\t\t\t\t\t\t\t\t\t\t\t\t<\/div>\n\t\t\t\t<\/div>\n\t\t\t\t\t<\/div>\n\t\t<\/div>\n\t\t\t\t\t<\/div>\n\t\t<\/section>\n\t\t\t\t<\/div>\n\t\t","protected":false},"excerpt":{"rendered":"<div class=\"mh-excerpt\"><p>Verschiedene Eins\u00e4tze f\u00fcr die Wei\u00dfenburger Polizei Unter Drogeneinlu\u00df unterwegs Pleinfeld &#8211; Am Dienstag, den 06.02.2018, wurde ein mutma\u00dflich unter Drogeneinfluss stehender Autofahrer in Pleinfeld gleich zweimal aus dem Verkehr gezogen. Zun\u00e4chst wurde der 22 J\u00e4hrige <a class=\"mh-excerpt-more\" href=\"https:\/\/www.region-schwabach.de\/wordpress\/auch-polizei-in-weissenburg-gut-beschaeftigt\/\" title=\"Auch Polizei in Wei\u00dfenburg gut besch\u00e4ftigt\">[&#8230;]<\/a><\/p>\n<\/div>","protected":false},"author":1,"featured_media":26881,"comment_status":"open","ping_status":"open","sticky":false,"template":"","format":"standard","meta":{"_cbd_carousel_blocks":"[]","footnotes":""},"categories":[15],"tags":[1983,1984,2584,1597,454,901,2633,1043,642,2048,1856,762,463,1062,487,401,713,2634,334,457,702,249],"class_list":{"0":"post-26880","1":"post","2":"type-post","3":"status-publish","4":"format-standard","5":"has-post-thumbnail","7":"category-polizeimeldungen","8":"tag-06-02-2018","9":"tag-07-02-2018","10":"tag-alesheim","11":"tag-bmw","12":"tag-fahrerflucht","13":"tag-fensterscheibe","14":"tag-gundelsheim","15":"tag-gunzenhausen","16":"tag-holzgasse","17":"tag-kellerfenster","18":"tag-krankenhaus","19":"tag-kreisstrasse","20":"tag-pkw","21":"tag-rosenstrasse","22":"tag-sachbeschaedigung","23":"tag-sachschaden","24":"tag-schaden","25":"tag-strassenlaterne","26":"tag-unfall","27":"tag-unfallflucht","28":"tag-unter-drogeneinfluss","29":"tag-weissenburg"},"_links":{"self":[{"href":"https:\/\/www.region-schwabach.de\/wordpress\/wp-json\/wp\/v2\/posts\/26880","targetHints":{"allow":["GET"]}}],"collection":[{"href":"https:\/\/www.region-schwabach.de\/wordpress\/wp-json\/wp\/v2\/posts"}],"about":[{"href":"https:\/\/www.region-schwabach.de\/wordpress\/wp-json\/wp\/v2\/types\/post"}],"author":[{"embeddable":true,"href":"https:\/\/www.region-schwabach.de\/wordpress\/wp-json\/wp\/v2\/users\/1"}],"replies":[{"embeddable":true,"href":"https:\/\/www.region-schwabach.de\/wordpress\/wp-json\/wp\/v2\/comments?post=26880"}],"version-history":[{"count":0,"href":"https:\/\/www.region-schwabach.de\/wordpress\/wp-json\/wp\/v2\/posts\/26880\/revisions"}],"wp:featuredmedia":[{"embeddable":true,"href":"https:\/\/www.region-schwabach.de\/wordpress\/wp-json\/wp\/v2\/media\/26881"}],"wp:attachment":[{"href":"https:\/\/www.region-schwabach.de\/wordpress\/wp-json\/wp\/v2\/media?parent=26880"}],"wp:term":[{"taxonomy":"category","embeddable":true,"href":"https:\/\/www.region-schwabach.de\/wordpress\/wp-json\/wp\/v2\/categories?post=26880"},{"taxonomy":"post_tag","embeddable":true,"href":"https:\/\/www.region-schwabach.de\/wordpress\/wp-json\/wp\/v2\/tags?post=26880"}],"curies":[{"name":"wp","href":"https:\/\/api.w.org\/{rel}","templated":true}]}}