{"id":26885,"date":"2018-02-15T13:18:59","date_gmt":"2018-02-15T12:18:59","guid":{"rendered":"http:\/\/www.region-schwabach.de\/wordpress\/?p=26885"},"modified":"2018-02-18T18:33:59","modified_gmt":"2018-02-18T17:33:59","slug":"sicherheitstraining-fuer-junge-fahranfaenger-der-verkehrswacht-schwabach","status":"publish","type":"post","link":"https:\/\/www.region-schwabach.de\/wordpress\/sicherheitstraining-fuer-junge-fahranfaenger-der-verkehrswacht-schwabach\/","title":{"rendered":"Sicherheitstraining f\u00fcr junge Fahranf\u00e4nger der Verkehrswacht Schwabach"},"content":{"rendered":"\t\t<div data-elementor-type=\"wp-post\" data-elementor-id=\"26885\" class=\"elementor elementor-26885 elementor-bc-flex-widget\">\n\t\t\t\t\t\t<section class=\"elementor-section elementor-top-section elementor-element elementor-element-1dzeyuh elementor-section-boxed elementor-section-height-default elementor-section-height-default\" data-id=\"1dzeyuh\" data-element_type=\"section\">\n\t\t\t\t\t\t<div class=\"elementor-container elementor-column-gap-default\">\n\t\t\t\t\t<div class=\"elementor-column elementor-col-66 elementor-top-column elementor-element elementor-element-aam59ft\" data-id=\"aam59ft\" data-element_type=\"column\">\n\t\t\t<div class=\"elementor-widget-wrap elementor-element-populated\">\n\t\t\t\t\t\t<div class=\"elementor-element elementor-element-k9p1oyc elementor-widget elementor-widget-text-editor\" data-id=\"k9p1oyc\" data-element_type=\"widget\" data-widget_type=\"text-editor.default\">\n\t\t\t\t<div class=\"elementor-widget-container\">\n\t\t\t\t\t\t\t<h3>Fahrsicherheitstraining der Verkehrswacht Schwabach<\/h3><p>Bereits seit mehreren Jahren bietet die Verkehrswacht Schwabach regelm\u00e4\u00dfig ein Sicherheitstraining f\u00fcr junge Fahranf\u00e4nger an.<\/p><h3>Training findet am 18. M\u00e4rz 2018 statt<\/h3><p>Das erste Fahrsicherheitstraining\u00a0 des Jahres 2018 findet am Sonntag, den 18.03.2018 von 9.45 Uhr bis ca. 14.00 Uhr auf dem Gel\u00e4nde der Bundeswehrkaserne in Roth statt und ist nat\u00fcrlich kostenlos.\u00a0Einzige Voraussetzung f\u00fcr die Teilnahme an dem Fahraining ist ein eigenes Fahrzeug.<\/p><h3>Ansprechpartner f\u00fcr R\u00fcckfragen<\/h3><p>F\u00fcr weitere Fragen steht der Leiter des Odrnungsamtes der Stadt Schwabach (Herr Michael Schoplocher) zur Verf\u00fcgung. Er ist unter der Telefonnmmer 09122-860-358 oder per eMail unter wahlamt@schwabach.de erreichbar.<\/p><p><strong>Achtung:<\/strong> Die Teilnehmerzahl an der kostenlosen Veranstaltung ist begrenzt und alle Anmeldungen werden nach dem Zeitpunkt des Einganges bearbeitet.<\/p>\t\t\t\t\t\t<\/div>\n\t\t\t\t<\/div>\n\t\t\t\t<div class=\"elementor-element elementor-element-cj4lfz2 elementor-widget elementor-widget-google_maps\" data-id=\"cj4lfz2\" data-element_type=\"widget\" data-widget_type=\"google_maps.default\">\n\t\t\t\t<div class=\"elementor-widget-container\">\n\t\t\t\t\t<div class=\"elementor-custom-embed\">\n\t\t\t<iframe loading=\"lazy\"\n\t\t\t\t\tsrc=\"https:\/\/maps.google.com\/maps?q=Bundeswehrkaserne%2C%20Roth%2C%20Deutschland&#038;t=m&#038;z=14&#038;output=embed&#038;iwloc=near\"\n\t\t\t\t\ttitle=\"Bundeswehrkaserne, Roth, Deutschland\"\n\t\t\t\t\taria-label=\"Bundeswehrkaserne, Roth, Deutschland\"\n\t\t\t><\/iframe>\n\t\t<\/div>\n\t\t\t\t<\/div>\n\t\t\t\t<\/div>\n\t\t\t\t\t<\/div>\n\t\t<\/div>\n\t\t\t\t<div class=\"elementor-column elementor-col-33 elementor-top-column elementor-element elementor-element-uferl75\" data-id=\"uferl75\" data-element_type=\"column\">\n\t\t\t<div class=\"elementor-widget-wrap elementor-element-populated\">\n\t\t\t\t\t\t<div class=\"elementor-element elementor-element-xuttsc2 elementor-widget elementor-widget-image\" data-id=\"xuttsc2\" data-element_type=\"widget\" data-widget_type=\"image.default\">\n\t\t\t\t<div class=\"elementor-widget-container\">\n\t\t\t\t\t\t\t\t\t\t\t\t\t\t<a href=\"http:\/\/www.region-schwabach.de\/wordpress\/werben-auf-region-schwabach\/\" target=\"_blank\">\n\t\t\t\t\t\t\t<img fetchpriority=\"high\" decoding=\"async\" width=\"300\" height=\"300\" src=\"https:\/\/www.region-schwabach.de\/wordpress\/wp-content\/uploads\/2017\/06\/werbung8-300x300.png\" class=\"attachment-medium size-medium wp-image-2484\" alt=\"\" srcset=\"https:\/\/www.region-schwabach.de\/wordpress\/wp-content\/uploads\/2017\/06\/werbung8-300x300.png 300w, https:\/\/www.region-schwabach.de\/wordpress\/wp-content\/uploads\/2017\/06\/werbung8-150x150.png 150w, https:\/\/www.region-schwabach.de\/wordpress\/wp-content\/uploads\/2017\/06\/werbung8-768x768.png 768w, https:\/\/www.region-schwabach.de\/wordpress\/wp-content\/uploads\/2017\/06\/werbung8-1024x1024.png 1024w, https:\/\/www.region-schwabach.de\/wordpress\/wp-content\/uploads\/2017\/06\/werbung8-600x600.png 600w, https:\/\/www.region-schwabach.de\/wordpress\/wp-content\/uploads\/2017\/06\/werbung8.png 1200w\" sizes=\"(max-width: 300px) 100vw, 300px\" \/>\t\t\t\t\t\t\t\t<\/a>\n\t\t\t\t\t\t\t\t\t\t\t\t\t<\/div>\n\t\t\t\t<\/div>\n\t\t\t\t\t<\/div>\n\t\t<\/div>\n\t\t\t\t\t<\/div>\n\t\t<\/section>\n\t\t\t\t<\/div>\n\t\t","protected":false},"excerpt":{"rendered":"<div class=\"mh-excerpt\"><p>Fahrsicherheitstraining der Verkehrswacht Schwabach Bereits seit mehreren Jahren bietet die Verkehrswacht Schwabach regelm\u00e4\u00dfig ein Sicherheitstraining f\u00fcr junge Fahranf\u00e4nger an. Training findet am 18. M\u00e4rz 2018 statt Das erste Fahrsicherheitstraining\u00a0 des Jahres 2018 findet am Sonntag, <a class=\"mh-excerpt-more\" href=\"https:\/\/www.region-schwabach.de\/wordpress\/sicherheitstraining-fuer-junge-fahranfaenger-der-verkehrswacht-schwabach\/\" title=\"Sicherheitstraining f\u00fcr junge Fahranf\u00e4nger der Verkehrswacht Schwabach\">[&#8230;]<\/a><\/p>\n<\/div>","protected":false},"author":1,"featured_media":26886,"comment_status":"open","ping_status":"open","sticky":false,"template":"template-full.php","format":"standard","meta":{"_cbd_carousel_blocks":"[]","footnotes":""},"categories":[16,287,61,14],"tags":[2635,2639,2640,2641,32,19,2636,2638,2637],"class_list":{"0":"post-26885","1":"post","2":"type-post","3":"status-publish","4":"format-standard","5":"has-post-thumbnail","7":"category-aktuell","8":"category-jugend-und-familie","9":"category-rathaus","10":"category-verkehrsinfos","11":"tag-18-03-2018","12":"tag-bundeswehrkaserne","13":"tag-gelaende","14":"tag-ordnungsamt","15":"tag-roth","16":"tag-schwabach","17":"tag-sicherheitstraining","18":"tag-verkehrsanfaenger","19":"tag-verkehrswacht"},"_links":{"self":[{"href":"https:\/\/www.region-schwabach.de\/wordpress\/wp-json\/wp\/v2\/posts\/26885","targetHints":{"allow":["GET"]}}],"collection":[{"href":"https:\/\/www.region-schwabach.de\/wordpress\/wp-json\/wp\/v2\/posts"}],"about":[{"href":"https:\/\/www.region-schwabach.de\/wordpress\/wp-json\/wp\/v2\/types\/post"}],"author":[{"embeddable":true,"href":"https:\/\/www.region-schwabach.de\/wordpress\/wp-json\/wp\/v2\/users\/1"}],"replies":[{"embeddable":true,"href":"https:\/\/www.region-schwabach.de\/wordpress\/wp-json\/wp\/v2\/comments?post=26885"}],"version-history":[{"count":0,"href":"https:\/\/www.region-schwabach.de\/wordpress\/wp-json\/wp\/v2\/posts\/26885\/revisions"}],"wp:featuredmedia":[{"embeddable":true,"href":"https:\/\/www.region-schwabach.de\/wordpress\/wp-json\/wp\/v2\/media\/26886"}],"wp:attachment":[{"href":"https:\/\/www.region-schwabach.de\/wordpress\/wp-json\/wp\/v2\/media?parent=26885"}],"wp:term":[{"taxonomy":"category","embeddable":true,"href":"https:\/\/www.region-schwabach.de\/wordpress\/wp-json\/wp\/v2\/categories?post=26885"},{"taxonomy":"post_tag","embeddable":true,"href":"https:\/\/www.region-schwabach.de\/wordpress\/wp-json\/wp\/v2\/tags?post=26885"}],"curies":[{"name":"wp","href":"https:\/\/api.w.org\/{rel}","templated":true}]}}