{"id":26990,"date":"2018-02-09T10:21:55","date_gmt":"2018-02-09T09:21:55","guid":{"rendered":"http:\/\/www.region-schwabach.de\/wordpress\/?p=26990"},"modified":"2018-02-09T10:34:30","modified_gmt":"2018-02-09T09:34:30","slug":"serie-von-graffitischmierereien-im-landkreis-roth-aufgeklaert","status":"publish","type":"post","link":"https:\/\/www.region-schwabach.de\/wordpress\/serie-von-graffitischmierereien-im-landkreis-roth-aufgeklaert\/","title":{"rendered":"Serie von Graffitischmierereien im Landkreis Roth aufgekl\u00e4rt"},"content":{"rendered":"\t\t<div data-elementor-type=\"wp-post\" data-elementor-id=\"26990\" class=\"elementor elementor-26990 elementor-bc-flex-widget\">\n\t\t\t\t\t\t<section class=\"elementor-section elementor-top-section elementor-element elementor-element-1cuv9jr elementor-section-boxed elementor-section-height-default elementor-section-height-default\" data-id=\"1cuv9jr\" data-element_type=\"section\">\n\t\t\t\t\t\t<div class=\"elementor-container elementor-column-gap-default\">\n\t\t\t\t\t<div class=\"elementor-column elementor-col-66 elementor-top-column elementor-element elementor-element-q5zak7b\" data-id=\"q5zak7b\" data-element_type=\"column\">\n\t\t\t<div class=\"elementor-widget-wrap elementor-element-populated\">\n\t\t\t\t\t\t<div class=\"elementor-element elementor-element-86qws23 elementor-widget elementor-widget-text-editor\" data-id=\"86qws23\" data-element_type=\"widget\" data-widget_type=\"text-editor.default\">\n\t\t\t\t<div class=\"elementor-widget-container\">\n\t\t\t\t\t\t\t<h3>Serie von Graffiti-Schmierereien nach umfangreichen Ermittlungen aufgekl\u00e4rt<\/h3><p>Roth\/R\u00f6ttenbach\/Georgensgm\u00fcnd &#8211; Die Polizei in Roth konnte jetzt eine Reihe von Graffiti-Schmierereien &#8211; bei denen ein Sachschaden von \u00fcber 10.000 Euro angerichtet wurde &#8211; aufkl\u00e4ren.<\/p><p>F\u00fcr die Taten aus dem Zeitraum von Dezember 2016 bis Mai 2017 konnten jetzt wei Jugendliche im Alter von 15 und 16 Jahre ermittelt werden.<\/p><p>Die beiden Jugendlichen verunstalteten bei ihren Taten dabei mehrere PKWs, eine Bahnhofsunterf\u00fchrung und Geb\u00e4uden, an unterschiedlichen Orten. Umfangreiche Ermittlungen und die Auswertung von Videomaterial f\u00fchrten die Ermittler der Polizei Roth jetzt schlie\u00dflich auf die Spur der beiden Jugendlichen, die sich nun vor Gericht f\u00fcr ihre Taten verantworten m\u00fcssen.<\/p>\t\t\t\t\t\t<\/div>\n\t\t\t\t<\/div>\n\t\t\t\t<div class=\"elementor-element elementor-element-id240nb elementor-widget elementor-widget-google_maps\" data-id=\"id240nb\" data-element_type=\"widget\" data-widget_type=\"google_maps.default\">\n\t\t\t\t<div class=\"elementor-widget-container\">\n\t\t\t\t\t<div class=\"elementor-custom-embed\">\n\t\t\t<iframe loading=\"lazy\"\n\t\t\t\t\tsrc=\"https:\/\/maps.google.com\/maps?q=Roth%2C%20Deutschland&#038;t=m&#038;z=11&#038;output=embed&#038;iwloc=near\"\n\t\t\t\t\ttitle=\"Roth, Deutschland\"\n\t\t\t\t\taria-label=\"Roth, Deutschland\"\n\t\t\t><\/iframe>\n\t\t<\/div>\n\t\t\t\t<\/div>\n\t\t\t\t<\/div>\n\t\t\t\t\t<\/div>\n\t\t<\/div>\n\t\t\t\t<div class=\"elementor-column elementor-col-33 elementor-top-column elementor-element elementor-element-0w0urt1\" data-id=\"0w0urt1\" data-element_type=\"column\">\n\t\t\t<div class=\"elementor-widget-wrap elementor-element-populated\">\n\t\t\t\t\t\t<div class=\"elementor-element elementor-element-mo6nk5i elementor-widget elementor-widget-image\" data-id=\"mo6nk5i\" data-element_type=\"widget\" data-widget_type=\"image.default\">\n\t\t\t\t<div class=\"elementor-widget-container\">\n\t\t\t\t\t\t\t\t\t\t\t\t\t\t<a href=\"http:\/\/www.region-schwabach.de\/wordpress\/werben-auf-region-schwabach\/\" target=\"_blank\">\n\t\t\t\t\t\t\t<img fetchpriority=\"high\" decoding=\"async\" width=\"1024\" height=\"1024\" src=\"https:\/\/www.region-schwabach.de\/wordpress\/wp-content\/uploads\/2017\/06\/werbung8-1024x1024.png\" class=\"attachment-large size-large wp-image-2484\" alt=\"\" srcset=\"https:\/\/www.region-schwabach.de\/wordpress\/wp-content\/uploads\/2017\/06\/werbung8-1024x1024.png 1024w, https:\/\/www.region-schwabach.de\/wordpress\/wp-content\/uploads\/2017\/06\/werbung8-150x150.png 150w, https:\/\/www.region-schwabach.de\/wordpress\/wp-content\/uploads\/2017\/06\/werbung8-300x300.png 300w, https:\/\/www.region-schwabach.de\/wordpress\/wp-content\/uploads\/2017\/06\/werbung8-768x768.png 768w, https:\/\/www.region-schwabach.de\/wordpress\/wp-content\/uploads\/2017\/06\/werbung8-600x600.png 600w, https:\/\/www.region-schwabach.de\/wordpress\/wp-content\/uploads\/2017\/06\/werbung8.png 1200w\" sizes=\"(max-width: 1024px) 100vw, 1024px\" \/>\t\t\t\t\t\t\t\t<\/a>\n\t\t\t\t\t\t\t\t\t\t\t\t\t<\/div>\n\t\t\t\t<\/div>\n\t\t\t\t\t<\/div>\n\t\t<\/div>\n\t\t\t\t\t<\/div>\n\t\t<\/section>\n\t\t\t\t<\/div>\n\t\t","protected":false},"excerpt":{"rendered":"<div class=\"mh-excerpt\"><p>Serie von Graffiti-Schmierereien nach umfangreichen Ermittlungen aufgekl\u00e4rt Roth\/R\u00f6ttenbach\/Georgensgm\u00fcnd &#8211; Die Polizei in Roth konnte jetzt eine Reihe von Graffiti-Schmierereien &#8211; bei denen ein Sachschaden von \u00fcber 10.000 Euro angerichtet wurde &#8211; aufkl\u00e4ren. F\u00fcr die Taten <a class=\"mh-excerpt-more\" href=\"https:\/\/www.region-schwabach.de\/wordpress\/serie-von-graffitischmierereien-im-landkreis-roth-aufgeklaert\/\" title=\"Serie von Graffitischmierereien im Landkreis Roth aufgekl\u00e4rt\">[&#8230;]<\/a><\/p>\n<\/div>","protected":false},"author":1,"featured_media":26991,"comment_status":"open","ping_status":"open","sticky":false,"template":"","format":"standard","meta":{"_cbd_carousel_blocks":"[]","footnotes":""},"categories":[15],"tags":[274,2669,2671,527,1686,488,2672,463,2667,32,815,487,401,713,2665,2666,2670,2668],"class_list":{"0":"post-26990","1":"post","2":"type-post","3":"status-publish","4":"format-standard","5":"has-post-thumbnail","7":"category-polizeimeldungen","8":"tag-bahnhof","9":"tag-bahnhofsunterfuehrung","10":"tag-dezember-2016","11":"tag-georgensgmuend","12":"tag-graffiti","13":"tag-jugendliche","14":"tag-mai-2017","15":"tag-pkw","16":"tag-robert-koch-strasse","17":"tag-roth","18":"tag-roettenbach","19":"tag-sachbeschaedigung","20":"tag-sachschaden","21":"tag-schaden","22":"tag-schulbus","23":"tag-unterer-weinberg","24":"tag-videomaterial","25":"tag-virchowstrasse"},"_links":{"self":[{"href":"https:\/\/www.region-schwabach.de\/wordpress\/wp-json\/wp\/v2\/posts\/26990","targetHints":{"allow":["GET"]}}],"collection":[{"href":"https:\/\/www.region-schwabach.de\/wordpress\/wp-json\/wp\/v2\/posts"}],"about":[{"href":"https:\/\/www.region-schwabach.de\/wordpress\/wp-json\/wp\/v2\/types\/post"}],"author":[{"embeddable":true,"href":"https:\/\/www.region-schwabach.de\/wordpress\/wp-json\/wp\/v2\/users\/1"}],"replies":[{"embeddable":true,"href":"https:\/\/www.region-schwabach.de\/wordpress\/wp-json\/wp\/v2\/comments?post=26990"}],"version-history":[{"count":0,"href":"https:\/\/www.region-schwabach.de\/wordpress\/wp-json\/wp\/v2\/posts\/26990\/revisions"}],"wp:featuredmedia":[{"embeddable":true,"href":"https:\/\/www.region-schwabach.de\/wordpress\/wp-json\/wp\/v2\/media\/26991"}],"wp:attachment":[{"href":"https:\/\/www.region-schwabach.de\/wordpress\/wp-json\/wp\/v2\/media?parent=26990"}],"wp:term":[{"taxonomy":"category","embeddable":true,"href":"https:\/\/www.region-schwabach.de\/wordpress\/wp-json\/wp\/v2\/categories?post=26990"},{"taxonomy":"post_tag","embeddable":true,"href":"https:\/\/www.region-schwabach.de\/wordpress\/wp-json\/wp\/v2\/tags?post=26990"}],"curies":[{"name":"wp","href":"https:\/\/api.w.org\/{rel}","templated":true}]}}