{"id":26998,"date":"2018-02-13T11:12:24","date_gmt":"2018-02-13T10:12:24","guid":{"rendered":"http:\/\/www.region-schwabach.de\/wordpress\/?p=26998"},"modified":"2018-02-18T18:31:30","modified_gmt":"2018-02-18T17:31:30","slug":"faschingsumzug-in-schwabach-startet-am-faschingsdienstag-um-14-uhr","status":"publish","type":"post","link":"https:\/\/www.region-schwabach.de\/wordpress\/faschingsumzug-in-schwabach-startet-am-faschingsdienstag-um-14-uhr\/","title":{"rendered":"Faschingsumzug in Schwabach startet am Faschingsdienstag um 14 Uhr"},"content":{"rendered":"\t\t<div data-elementor-type=\"wp-post\" data-elementor-id=\"26998\" class=\"elementor elementor-26998 elementor-bc-flex-widget\">\n\t\t\t\t\t\t<section class=\"elementor-section elementor-top-section elementor-element elementor-element-1dzeyuh elementor-section-boxed elementor-section-height-default elementor-section-height-default\" data-id=\"1dzeyuh\" data-element_type=\"section\">\n\t\t\t\t\t\t<div class=\"elementor-container elementor-column-gap-default\">\n\t\t\t\t\t<div class=\"elementor-column elementor-col-66 elementor-top-column elementor-element elementor-element-aam59ft\" data-id=\"aam59ft\" data-element_type=\"column\">\n\t\t\t<div class=\"elementor-widget-wrap elementor-element-populated\">\n\t\t\t\t\t\t<div class=\"elementor-element elementor-element-k9p1oyc elementor-widget elementor-widget-text-editor\" data-id=\"k9p1oyc\" data-element_type=\"widget\" data-widget_type=\"text-editor.default\">\n\t\t\t\t<div class=\"elementor-widget-container\">\n\t\t\t\t\t\t\t<h3>Faschingsumzug<\/h3><p>Am Faschingsdienstag, den 13. Februar, findet wieder der allseits beliebte Faschingsumzug in Schwabach statt.<\/p><h3>Start in der Walpersdorfer Stra\u00dfe, Ende in der Eisentrautstra\u00dfe<\/h3><p>Der Umzug startet um 14 Uhr im Bereich der Birkenstra\u00dfe\/Walpersdorfer Stra\u00dfe, und zieht dann im weiteren Verlauf durch die Birkenstra\u00dfe, die Hindenburgstra\u00dfe, die Wittelsbacherstra\u00dfe, die Z\u00f6llnertorstra\u00dfe, die K\u00f6nigstra\u00dfe, \u00fcber den Martin-Luther-Platz, die\u00a0 Ludwigstra\u00dfe und die S\u00fcdliche Ringstra\u00dfe, bis er schlie\u00dflich in der Eisentrautstra\u00dfe endet.<\/p><h3>Stra\u00dfen- und Busverkehr beeintr\u00e4chtigt<\/h3><p>W\u00e4hrend des Umzugs sind die betroffenen Stra\u00dfen f\u00fcr den Verkehr\u00a0 gesperrt, auch die Bushaltestellen werden w\u00e4hrend des Umzugs nicht angefahren.<\/p><h3>Keine Glasbeh\u00e4lter erlaubt<\/h3><p>Um Verletzungen bereits im Vorfeld zu vermeiden, ist es nicht erlaubt, w\u00e4hrend des Faschingszuges Trinkgef\u00e4\u00dfe aus Glas zu verwenden.<\/p>\t\t\t\t\t\t<\/div>\n\t\t\t\t<\/div>\n\t\t\t\t<div class=\"elementor-element elementor-element-cj4lfz2 elementor-widget elementor-widget-google_maps\" data-id=\"cj4lfz2\" data-element_type=\"widget\" data-widget_type=\"google_maps.default\">\n\t\t\t\t<div class=\"elementor-widget-container\">\n\t\t\t\t\t<div class=\"elementor-custom-embed\">\n\t\t\t<iframe loading=\"lazy\"\n\t\t\t\t\tsrc=\"https:\/\/maps.google.com\/maps?q=Schwabach%2C%20Deutschland&#038;t=m&#038;z=14&#038;output=embed&#038;iwloc=near\"\n\t\t\t\t\ttitle=\"Schwabach, Deutschland\"\n\t\t\t\t\taria-label=\"Schwabach, Deutschland\"\n\t\t\t><\/iframe>\n\t\t<\/div>\n\t\t\t\t<\/div>\n\t\t\t\t<\/div>\n\t\t\t\t\t<\/div>\n\t\t<\/div>\n\t\t\t\t<div class=\"elementor-column elementor-col-33 elementor-top-column elementor-element elementor-element-uferl75\" data-id=\"uferl75\" data-element_type=\"column\">\n\t\t\t<div class=\"elementor-widget-wrap elementor-element-populated\">\n\t\t\t\t\t\t<div class=\"elementor-element elementor-element-xuttsc2 elementor-widget elementor-widget-image\" data-id=\"xuttsc2\" data-element_type=\"widget\" data-widget_type=\"image.default\">\n\t\t\t\t<div class=\"elementor-widget-container\">\n\t\t\t\t\t\t\t\t\t\t\t\t\t\t<a href=\"http:\/\/www.region-schwabach.de\/wordpress\/werben-auf-region-schwabach\/\" target=\"_blank\">\n\t\t\t\t\t\t\t<img fetchpriority=\"high\" decoding=\"async\" width=\"300\" height=\"300\" src=\"https:\/\/www.region-schwabach.de\/wordpress\/wp-content\/uploads\/2017\/06\/werbung8-300x300.png\" class=\"attachment-medium size-medium wp-image-2484\" alt=\"\" srcset=\"https:\/\/www.region-schwabach.de\/wordpress\/wp-content\/uploads\/2017\/06\/werbung8-300x300.png 300w, https:\/\/www.region-schwabach.de\/wordpress\/wp-content\/uploads\/2017\/06\/werbung8-150x150.png 150w, https:\/\/www.region-schwabach.de\/wordpress\/wp-content\/uploads\/2017\/06\/werbung8-768x768.png 768w, https:\/\/www.region-schwabach.de\/wordpress\/wp-content\/uploads\/2017\/06\/werbung8-1024x1024.png 1024w, https:\/\/www.region-schwabach.de\/wordpress\/wp-content\/uploads\/2017\/06\/werbung8-600x600.png 600w, https:\/\/www.region-schwabach.de\/wordpress\/wp-content\/uploads\/2017\/06\/werbung8.png 1200w\" sizes=\"(max-width: 300px) 100vw, 300px\" \/>\t\t\t\t\t\t\t\t<\/a>\n\t\t\t\t\t\t\t\t\t\t\t\t\t<\/div>\n\t\t\t\t<\/div>\n\t\t\t\t\t<\/div>\n\t\t<\/div>\n\t\t\t\t\t<\/div>\n\t\t<\/section>\n\t\t\t\t<\/div>\n\t\t","protected":false},"excerpt":{"rendered":"<div class=\"mh-excerpt\"><p>Faschingsumzug Am Faschingsdienstag, den 13. Februar, findet wieder der allseits beliebte Faschingsumzug in Schwabach statt. Start in der Walpersdorfer Stra\u00dfe, Ende in der Eisentrautstra\u00dfe Der Umzug startet um 14 Uhr im Bereich der Birkenstra\u00dfe\/Walpersdorfer Stra\u00dfe, <a class=\"mh-excerpt-more\" href=\"https:\/\/www.region-schwabach.de\/wordpress\/faschingsumzug-in-schwabach-startet-am-faschingsdienstag-um-14-uhr\/\" title=\"Faschingsumzug in Schwabach startet am Faschingsdienstag um 14 Uhr\">[&#8230;]<\/a><\/p>\n<\/div>","protected":false},"author":1,"featured_media":26999,"comment_status":"open","ping_status":"open","sticky":false,"template":"template-full.php","format":"standard","meta":{"_cbd_carousel_blocks":"[]","footnotes":""},"categories":[16,287,61,231],"tags":[2119,2676,1307,2556,2675,2677,2679,2029,523,19,66,544,2678,1625],"class_list":{"0":"post-26998","1":"post","2":"type-post","3":"status-publish","4":"format-standard","5":"has-post-thumbnail","7":"category-aktuell","8":"category-jugend-und-familie","9":"category-rathaus","10":"category-veranstaltungsnews","11":"tag-13-02-2018","12":"tag-birkenstrasse","13":"tag-eisentrautstrasse","14":"tag-faschingsdienstag","15":"tag-faschingsumzug","16":"tag-hindenburgstrasse","17":"tag-koenigstrasse","18":"tag-ludwigstrasse","19":"tag-martin-luther-platz","20":"tag-schwabach","21":"tag-suedliche-ringstrasse","22":"tag-walpersdorfer-strasse","23":"tag-wittelsbacherstrasse","24":"tag-zoellnertorstrasse"},"_links":{"self":[{"href":"https:\/\/www.region-schwabach.de\/wordpress\/wp-json\/wp\/v2\/posts\/26998","targetHints":{"allow":["GET"]}}],"collection":[{"href":"https:\/\/www.region-schwabach.de\/wordpress\/wp-json\/wp\/v2\/posts"}],"about":[{"href":"https:\/\/www.region-schwabach.de\/wordpress\/wp-json\/wp\/v2\/types\/post"}],"author":[{"embeddable":true,"href":"https:\/\/www.region-schwabach.de\/wordpress\/wp-json\/wp\/v2\/users\/1"}],"replies":[{"embeddable":true,"href":"https:\/\/www.region-schwabach.de\/wordpress\/wp-json\/wp\/v2\/comments?post=26998"}],"version-history":[{"count":0,"href":"https:\/\/www.region-schwabach.de\/wordpress\/wp-json\/wp\/v2\/posts\/26998\/revisions"}],"wp:featuredmedia":[{"embeddable":true,"href":"https:\/\/www.region-schwabach.de\/wordpress\/wp-json\/wp\/v2\/media\/26999"}],"wp:attachment":[{"href":"https:\/\/www.region-schwabach.de\/wordpress\/wp-json\/wp\/v2\/media?parent=26998"}],"wp:term":[{"taxonomy":"category","embeddable":true,"href":"https:\/\/www.region-schwabach.de\/wordpress\/wp-json\/wp\/v2\/categories?post=26998"},{"taxonomy":"post_tag","embeddable":true,"href":"https:\/\/www.region-schwabach.de\/wordpress\/wp-json\/wp\/v2\/tags?post=26998"}],"curies":[{"name":"wp","href":"https:\/\/api.w.org\/{rel}","templated":true}]}}