{"id":27037,"date":"2018-02-10T08:56:48","date_gmt":"2018-02-10T07:56:48","guid":{"rendered":"http:\/\/www.region-schwabach.de\/wordpress\/?p=27037"},"modified":"2018-02-10T09:24:43","modified_gmt":"2018-02-10T08:24:43","slug":"polizeieinsatz-wegen-haeuslicher-gewalt-in-schwabach","status":"publish","type":"post","link":"https:\/\/www.region-schwabach.de\/wordpress\/polizeieinsatz-wegen-haeuslicher-gewalt-in-schwabach\/","title":{"rendered":"Polizeieinsatz wegen h\u00e4uslicher Gewalt in Schwabach"},"content":{"rendered":"\t\t<div data-elementor-type=\"wp-post\" data-elementor-id=\"27037\" class=\"elementor elementor-27037 elementor-bc-flex-widget\">\n\t\t\t\t\t\t<section class=\"elementor-section elementor-top-section elementor-element elementor-element-1cuv9jr elementor-section-boxed elementor-section-height-default elementor-section-height-default\" data-id=\"1cuv9jr\" data-element_type=\"section\">\n\t\t\t\t\t\t<div class=\"elementor-container elementor-column-gap-default\">\n\t\t\t\t\t<div class=\"elementor-column elementor-col-66 elementor-top-column elementor-element elementor-element-q5zak7b\" data-id=\"q5zak7b\" data-element_type=\"column\">\n\t\t\t<div class=\"elementor-widget-wrap elementor-element-populated\">\n\t\t\t\t\t\t<div class=\"elementor-element elementor-element-86qws23 elementor-widget elementor-widget-text-editor\" data-id=\"86qws23\" data-element_type=\"widget\" data-widget_type=\"text-editor.default\">\n\t\t\t\t<div class=\"elementor-widget-container\">\n\t\t\t\t\t\t\t<h3>Einsatz wegen h\u00e4uslicher Gewalt<\/h3><p>Schwabach &#8211; Bereits am fr\u00fchen Sonntagmorgen, 04.02.2018, wurde die Schwabacher Polizei zu einem Einsatz wegen h\u00e4uslicher Gewalt im Schwabacher S\u00fcden gerufen, nachdem eine Bewohnerin des Mehrfamilienhauses die Hilferufe der 24-j\u00e4hrigen Nachbarin vernommen und den Notruf gew\u00e4hlt hatte.<\/p><h3>Opfer gedem\u00fctigt, geschlagen und getreten<\/h3><p>Nach den bisher erlangten Ergebnis der Ermittlungen hat der Lebensgef\u00e4hrte des Opfers &#8211;\u00a0 ein 28-j\u00e4hriger Deutscher &#8211; seine Partnerin zun\u00e4chst mitten in der Nacht mit geweckt, siemit Schmutzw\u00e4sche, Kartoffelchips und Getr\u00e4nken beworfen bzw. \u00fcbergossen, und sie anschlie\u00dfend an den Haaren ins Wohnzimmer gezerrt, w\u00e4hrend\u00a0 das 13 Monate alte Kind der beiden in deren Bett alleine zur\u00fcckblieb.<\/p><h3>Geohrfeigt, mit den F\u00fc\u00dfen getreten, und mit Handy geschlagen<\/h3><p>Im Wohnzimmer hat er das Opfer dann mehrfach geohrfeigt und ihr, als sie aus Sorge um das Kind zu diesem zur\u00fcckkehren wollte, mit den F\u00fc\u00dfen getreten.\u00a0Zusammen mit ihrem Kleinkind hat die junge Frau dann im Wohnzimmer auf dem Boden verharrt, w\u00e4hrend sie von ihrem Peiniger mit einem Mobiltelefon auf den Kopf geschlagen wurde.<\/p><h3>Strafverfahren gegen Peiniger eingeleitet<\/h3><p>Als sie die herbeigerufenen Einsatzkr\u00e4fte im Treppenhaus wahrnahm, gelang es ihr in einem g\u00fcnstigen Augenblick zu fliehen, und den Beamten die T\u00fcre zu \u00f6ffnen.Den Beamten gelang es die Situation zu befrieden, und dem gewaltt\u00e4tigen Mann ein mehrw\u00f6chiges Kontaktverbot aufzuerlegen.Die junge Frau lebt aktuell nicht in der gemeinsamen Wohnung,\u00a0 sie hat andernorts Schutz gesucht.\u00a0Gegen ihren Lebensgef\u00e4hrten wurde ein Strafverfahren u.a. wegen gef\u00e4hrlicher K\u00f6rperverletzung eingeleitet.<\/p>\t\t\t\t\t\t<\/div>\n\t\t\t\t<\/div>\n\t\t\t\t<div class=\"elementor-element elementor-element-id240nb elementor-widget elementor-widget-google_maps\" data-id=\"id240nb\" data-element_type=\"widget\" data-widget_type=\"google_maps.default\">\n\t\t\t\t<div class=\"elementor-widget-container\">\n\t\t\t\t\t<div class=\"elementor-custom-embed\">\n\t\t\t<iframe loading=\"lazy\"\n\t\t\t\t\tsrc=\"https:\/\/maps.google.com\/maps?q=Schwabach%2C%20Deutschland&#038;t=m&#038;z=14&#038;output=embed&#038;iwloc=near\"\n\t\t\t\t\ttitle=\"Schwabach, Deutschland\"\n\t\t\t\t\taria-label=\"Schwabach, Deutschland\"\n\t\t\t><\/iframe>\n\t\t<\/div>\n\t\t\t\t<\/div>\n\t\t\t\t<\/div>\n\t\t\t\t\t<\/div>\n\t\t<\/div>\n\t\t\t\t<div class=\"elementor-column elementor-col-33 elementor-top-column elementor-element elementor-element-0w0urt1\" data-id=\"0w0urt1\" data-element_type=\"column\">\n\t\t\t<div class=\"elementor-widget-wrap elementor-element-populated\">\n\t\t\t\t\t\t<div class=\"elementor-element elementor-element-mo6nk5i elementor-widget elementor-widget-image\" data-id=\"mo6nk5i\" data-element_type=\"widget\" data-widget_type=\"image.default\">\n\t\t\t\t<div class=\"elementor-widget-container\">\n\t\t\t\t\t\t\t\t\t\t\t\t\t\t<a href=\"http:\/\/www.region-schwabach.de\/wordpress\/werben-auf-region-schwabach\/\" target=\"_blank\">\n\t\t\t\t\t\t\t<img fetchpriority=\"high\" decoding=\"async\" width=\"1024\" height=\"1024\" src=\"https:\/\/www.region-schwabach.de\/wordpress\/wp-content\/uploads\/2017\/06\/werbung8-1024x1024.png\" class=\"attachment-large size-large wp-image-2484\" alt=\"\" srcset=\"https:\/\/www.region-schwabach.de\/wordpress\/wp-content\/uploads\/2017\/06\/werbung8-1024x1024.png 1024w, https:\/\/www.region-schwabach.de\/wordpress\/wp-content\/uploads\/2017\/06\/werbung8-150x150.png 150w, https:\/\/www.region-schwabach.de\/wordpress\/wp-content\/uploads\/2017\/06\/werbung8-300x300.png 300w, https:\/\/www.region-schwabach.de\/wordpress\/wp-content\/uploads\/2017\/06\/werbung8-768x768.png 768w, https:\/\/www.region-schwabach.de\/wordpress\/wp-content\/uploads\/2017\/06\/werbung8-600x600.png 600w, https:\/\/www.region-schwabach.de\/wordpress\/wp-content\/uploads\/2017\/06\/werbung8.png 1200w\" sizes=\"(max-width: 1024px) 100vw, 1024px\" \/>\t\t\t\t\t\t\t\t<\/a>\n\t\t\t\t\t\t\t\t\t\t\t\t\t<\/div>\n\t\t\t\t<\/div>\n\t\t\t\t\t<\/div>\n\t\t<\/div>\n\t\t\t\t\t<\/div>\n\t\t<\/section>\n\t\t\t\t<\/div>\n\t\t","protected":false},"excerpt":{"rendered":"<div class=\"mh-excerpt\"><p>Einsatz wegen h\u00e4uslicher Gewalt Schwabach &#8211; Bereits am fr\u00fchen Sonntagmorgen, 04.02.2018, wurde die Schwabacher Polizei zu einem Einsatz wegen h\u00e4uslicher Gewalt im Schwabacher S\u00fcden gerufen, nachdem eine Bewohnerin des Mehrfamilienhauses die Hilferufe der 24-j\u00e4hrigen Nachbarin <a class=\"mh-excerpt-more\" href=\"https:\/\/www.region-schwabach.de\/wordpress\/polizeieinsatz-wegen-haeuslicher-gewalt-in-schwabach\/\" title=\"Polizeieinsatz wegen h\u00e4uslicher Gewalt in Schwabach\">[&#8230;]<\/a><\/p>\n<\/div>","protected":false},"author":1,"featured_media":27038,"comment_status":"open","ping_status":"open","sticky":false,"template":"","format":"standard","meta":{"_cbd_carousel_blocks":"[]","footnotes":""},"categories":[15],"tags":[1981,2685,2681,2065,2686,2128,2680,1552,2684,2682,19,2683],"class_list":{"0":"post-27037","1":"post","2":"type-post","3":"status-publish","4":"format-standard","5":"has-post-thumbnail","7":"category-polizeimeldungen","8":"tag-04-02-2018","9":"tag-bewohnerin","10":"tag-demuetigung","11":"tag-frau","12":"tag-hilferuf","13":"tag-kleinkind","14":"tag-lebensgefaehrte","15":"tag-mehrfamilienhaus","16":"tag-notruf","17":"tag-schlaege","18":"tag-schwabach","19":"tag-tritte"},"_links":{"self":[{"href":"https:\/\/www.region-schwabach.de\/wordpress\/wp-json\/wp\/v2\/posts\/27037","targetHints":{"allow":["GET"]}}],"collection":[{"href":"https:\/\/www.region-schwabach.de\/wordpress\/wp-json\/wp\/v2\/posts"}],"about":[{"href":"https:\/\/www.region-schwabach.de\/wordpress\/wp-json\/wp\/v2\/types\/post"}],"author":[{"embeddable":true,"href":"https:\/\/www.region-schwabach.de\/wordpress\/wp-json\/wp\/v2\/users\/1"}],"replies":[{"embeddable":true,"href":"https:\/\/www.region-schwabach.de\/wordpress\/wp-json\/wp\/v2\/comments?post=27037"}],"version-history":[{"count":0,"href":"https:\/\/www.region-schwabach.de\/wordpress\/wp-json\/wp\/v2\/posts\/27037\/revisions"}],"wp:featuredmedia":[{"embeddable":true,"href":"https:\/\/www.region-schwabach.de\/wordpress\/wp-json\/wp\/v2\/media\/27038"}],"wp:attachment":[{"href":"https:\/\/www.region-schwabach.de\/wordpress\/wp-json\/wp\/v2\/media?parent=27037"}],"wp:term":[{"taxonomy":"category","embeddable":true,"href":"https:\/\/www.region-schwabach.de\/wordpress\/wp-json\/wp\/v2\/categories?post=27037"},{"taxonomy":"post_tag","embeddable":true,"href":"https:\/\/www.region-schwabach.de\/wordpress\/wp-json\/wp\/v2\/tags?post=27037"}],"curies":[{"name":"wp","href":"https:\/\/api.w.org\/{rel}","templated":true}]}}