{"id":27694,"date":"2018-02-14T15:35:26","date_gmt":"2018-02-14T14:35:26","guid":{"rendered":"http:\/\/www.region-schwabach.de\/wordpress\/?p=27694"},"modified":"2018-02-14T15:47:43","modified_gmt":"2018-02-14T14:47:43","slug":"bei-faschingszug-in-schwabach-unsittlich-beruehrt","status":"publish","type":"post","link":"https:\/\/www.region-schwabach.de\/wordpress\/bei-faschingszug-in-schwabach-unsittlich-beruehrt\/","title":{"rendered":"Bei Faschingszug in Schwabach unsittlich ber\u00fchrt"},"content":{"rendered":"\t\t<div data-elementor-type=\"wp-post\" data-elementor-id=\"27694\" class=\"elementor elementor-27694 elementor-bc-flex-widget\">\n\t\t\t\t\t\t<section class=\"elementor-section elementor-top-section elementor-element elementor-element-1cuv9jr elementor-section-boxed elementor-section-height-default elementor-section-height-default\" data-id=\"1cuv9jr\" data-element_type=\"section\">\n\t\t\t\t\t\t<div class=\"elementor-container elementor-column-gap-default\">\n\t\t\t\t\t<div class=\"elementor-column elementor-col-66 elementor-top-column elementor-element elementor-element-q5zak7b\" data-id=\"q5zak7b\" data-element_type=\"column\">\n\t\t\t<div class=\"elementor-widget-wrap elementor-element-populated\">\n\t\t\t\t\t\t<div class=\"elementor-element elementor-element-86qws23 elementor-widget elementor-widget-text-editor\" data-id=\"86qws23\" data-element_type=\"widget\" data-widget_type=\"text-editor.default\">\n\t\t\t\t<div class=\"elementor-widget-container\">\n\t\t\t\t\t\t\t<h3><span style=\"font-size: 14pt;\">Festnahme nach unsittlicher Ber\u00fchrung<\/span><\/h3><p><span style=\"font-size: 12pt; color: #808080;\">Schwabach &#8211; Am Dienstagnachmittag, den 13.02.2018, <span style=\"font-family: georgia, palatino, serif;\">ber\u00fchrte ein 39-j\u00e4hriger Mann gegen 17.00 Uhr auf dem Faschingszug in Schwabach eine junge Frau in der Schwabacher Innenstadt unsittlich, und wurde von der Polizei festgenommen.<\/span><\/span><\/p><h3><span style=\"font-size: 14pt;\">Zeugen und Polizei greifen ein<\/span><\/h3><p style=\"color: #000000; font-family: 'Times New Roman', Times, serif; font-size: 17px; font-style: normal; font-variant-ligatures: normal; font-variant-caps: normal; font-weight: 400; letter-spacing: 0.68px;\"><span style=\"font-family: georgia, palatino, serif; font-size: 12pt; color: #808080;\">Nachdem sich das Opfer wehrte, wurden Zeugen auf den Vorfall aufmerksam, und kurz darauf konnte der T\u00e4ter dann von einer Streifenbesatzung der Polizeiinspektion Schwabach &#8211; die auf den Vorfall ebenfalls aufmerksam wurden &#8211; festgenommen werden.\u00a0<\/span><\/p><h3><span style=\"font-size: 14pt;\">Ermittlungen eingeleitet<\/span><\/h3><p style=\"color: #000000; font-family: 'Times New Roman', Times, serif; font-size: 17px; font-style: normal; font-variant-ligatures: normal; font-variant-caps: normal; font-weight: 400; letter-spacing: 0.68px;\"><span style=\"font-family: georgia, palatino, serif; font-size: 12pt; color: #808080;\">Das Fachkommissariat der Kriminalpolizei Schwabach \u00fcbernahm die Ermittlungen und leitete ein entsprechendes Verfahren gegen den Mann ein, der, nachdem die Sachbearbeitung abgeschlossen war, entlassen wurde.<\/span><\/p>\t\t\t\t\t\t<\/div>\n\t\t\t\t<\/div>\n\t\t\t\t<div class=\"elementor-element elementor-element-id240nb elementor-widget elementor-widget-google_maps\" data-id=\"id240nb\" data-element_type=\"widget\" data-widget_type=\"google_maps.default\">\n\t\t\t\t<div class=\"elementor-widget-container\">\n\t\t\t\t\t<div class=\"elementor-custom-embed\">\n\t\t\t<iframe loading=\"lazy\"\n\t\t\t\t\tsrc=\"https:\/\/maps.google.com\/maps?q=Schwabach%2C%20Deutschland&#038;t=m&#038;z=15&#038;output=embed&#038;iwloc=near\"\n\t\t\t\t\ttitle=\"Schwabach, Deutschland\"\n\t\t\t\t\taria-label=\"Schwabach, Deutschland\"\n\t\t\t><\/iframe>\n\t\t<\/div>\n\t\t\t\t<\/div>\n\t\t\t\t<\/div>\n\t\t\t\t\t<\/div>\n\t\t<\/div>\n\t\t\t\t<div class=\"elementor-column elementor-col-33 elementor-top-column elementor-element elementor-element-0w0urt1\" data-id=\"0w0urt1\" data-element_type=\"column\">\n\t\t\t<div class=\"elementor-widget-wrap elementor-element-populated\">\n\t\t\t\t\t\t<div class=\"elementor-element elementor-element-mo6nk5i elementor-widget elementor-widget-image\" data-id=\"mo6nk5i\" data-element_type=\"widget\" data-widget_type=\"image.default\">\n\t\t\t\t<div class=\"elementor-widget-container\">\n\t\t\t\t\t\t\t\t\t\t\t\t\t\t<a href=\"http:\/\/www.region-schwabach.de\/wordpress\/werben-auf-region-schwabach\/\" target=\"_blank\">\n\t\t\t\t\t\t\t<img fetchpriority=\"high\" decoding=\"async\" width=\"1024\" height=\"1024\" src=\"https:\/\/www.region-schwabach.de\/wordpress\/wp-content\/uploads\/2017\/06\/werbung8-1024x1024.png\" class=\"attachment-large size-large wp-image-2484\" alt=\"\" srcset=\"https:\/\/www.region-schwabach.de\/wordpress\/wp-content\/uploads\/2017\/06\/werbung8-1024x1024.png 1024w, https:\/\/www.region-schwabach.de\/wordpress\/wp-content\/uploads\/2017\/06\/werbung8-150x150.png 150w, https:\/\/www.region-schwabach.de\/wordpress\/wp-content\/uploads\/2017\/06\/werbung8-300x300.png 300w, https:\/\/www.region-schwabach.de\/wordpress\/wp-content\/uploads\/2017\/06\/werbung8-768x768.png 768w, https:\/\/www.region-schwabach.de\/wordpress\/wp-content\/uploads\/2017\/06\/werbung8-600x600.png 600w, https:\/\/www.region-schwabach.de\/wordpress\/wp-content\/uploads\/2017\/06\/werbung8.png 1200w\" sizes=\"(max-width: 1024px) 100vw, 1024px\" \/>\t\t\t\t\t\t\t\t<\/a>\n\t\t\t\t\t\t\t\t\t\t\t\t\t<\/div>\n\t\t\t\t<\/div>\n\t\t\t\t\t<\/div>\n\t\t<\/div>\n\t\t\t\t\t<\/div>\n\t\t<\/section>\n\t\t\t\t<\/div>\n\t\t","protected":false},"excerpt":{"rendered":"<div class=\"mh-excerpt\"><p>Festnahme nach unsittlicher Ber\u00fchrung Schwabach &#8211; Am Dienstagnachmittag, den 13.02.2018, ber\u00fchrte ein 39-j\u00e4hriger Mann gegen 17.00 Uhr auf dem Faschingszug in Schwabach eine junge Frau in der Schwabacher Innenstadt unsittlich, und wurde von der Polizei <a class=\"mh-excerpt-more\" href=\"https:\/\/www.region-schwabach.de\/wordpress\/bei-faschingszug-in-schwabach-unsittlich-beruehrt\/\" title=\"Bei Faschingszug in Schwabach unsittlich ber\u00fchrt\">[&#8230;]<\/a><\/p>\n<\/div>","protected":false},"author":1,"featured_media":27695,"comment_status":"open","ping_status":"open","sticky":false,"template":"","format":"standard","meta":{"_cbd_carousel_blocks":"[]","footnotes":""},"categories":[15],"tags":[2119,2703,43,388,19,2726,2727,1296,2330],"class_list":{"0":"post-27694","1":"post","2":"type-post","3":"status-publish","4":"format-standard","5":"has-post-thumbnail","7":"category-polizeimeldungen","8":"tag-13-02-2018","9":"tag-faschingszug","10":"tag-festnahme","11":"tag-innenstadt","12":"tag-schwabach","13":"tag-streifenbesatzung","14":"tag-unsittliche-beruehrung","15":"tag-verfahren","16":"tag-zeugen"},"_links":{"self":[{"href":"https:\/\/www.region-schwabach.de\/wordpress\/wp-json\/wp\/v2\/posts\/27694","targetHints":{"allow":["GET"]}}],"collection":[{"href":"https:\/\/www.region-schwabach.de\/wordpress\/wp-json\/wp\/v2\/posts"}],"about":[{"href":"https:\/\/www.region-schwabach.de\/wordpress\/wp-json\/wp\/v2\/types\/post"}],"author":[{"embeddable":true,"href":"https:\/\/www.region-schwabach.de\/wordpress\/wp-json\/wp\/v2\/users\/1"}],"replies":[{"embeddable":true,"href":"https:\/\/www.region-schwabach.de\/wordpress\/wp-json\/wp\/v2\/comments?post=27694"}],"version-history":[{"count":0,"href":"https:\/\/www.region-schwabach.de\/wordpress\/wp-json\/wp\/v2\/posts\/27694\/revisions"}],"wp:featuredmedia":[{"embeddable":true,"href":"https:\/\/www.region-schwabach.de\/wordpress\/wp-json\/wp\/v2\/media\/27695"}],"wp:attachment":[{"href":"https:\/\/www.region-schwabach.de\/wordpress\/wp-json\/wp\/v2\/media?parent=27694"}],"wp:term":[{"taxonomy":"category","embeddable":true,"href":"https:\/\/www.region-schwabach.de\/wordpress\/wp-json\/wp\/v2\/categories?post=27694"},{"taxonomy":"post_tag","embeddable":true,"href":"https:\/\/www.region-schwabach.de\/wordpress\/wp-json\/wp\/v2\/tags?post=27694"}],"curies":[{"name":"wp","href":"https:\/\/api.w.org\/{rel}","templated":true}]}}