{"id":27789,"date":"2018-02-15T19:42:08","date_gmt":"2018-02-15T18:42:08","guid":{"rendered":"http:\/\/www.region-schwabach.de\/wordpress\/?p=27789"},"modified":"2018-02-15T19:46:42","modified_gmt":"2018-02-15T18:46:42","slug":"unfallflucht-nach-verkehrsunfall-mit-drei-fahrzeugen-bei-abenberg","status":"publish","type":"post","link":"https:\/\/www.region-schwabach.de\/wordpress\/unfallflucht-nach-verkehrsunfall-mit-drei-fahrzeugen-bei-abenberg\/","title":{"rendered":"Unfallflucht nach Verkehrsunfall mit drei Fahrzeugen bei Abenberg"},"content":{"rendered":"\t\t<div data-elementor-type=\"wp-post\" data-elementor-id=\"27789\" class=\"elementor elementor-27789 elementor-bc-flex-widget\">\n\t\t\t\t\t\t<section class=\"elementor-section elementor-top-section elementor-element elementor-element-tlus4ia elementor-section-boxed elementor-section-height-default elementor-section-height-default\" data-id=\"tlus4ia\" data-element_type=\"section\">\n\t\t\t\t\t\t<div class=\"elementor-container elementor-column-gap-default\">\n\t\t\t\t\t<div class=\"elementor-column elementor-col-66 elementor-top-column elementor-element elementor-element-sphcucl\" data-id=\"sphcucl\" data-element_type=\"column\">\n\t\t\t<div class=\"elementor-widget-wrap elementor-element-populated\">\n\t\t\t\t\t\t<div class=\"elementor-element elementor-element-4f2h2af elementor-widget elementor-widget-text-editor\" data-id=\"4f2h2af\" data-element_type=\"widget\" data-widget_type=\"text-editor.default\">\n\t\t\t\t<div class=\"elementor-widget-container\">\n\t\t\t\t\t\t\t<h3>Unfall mit drei Beteiligten<\/h3><p>Abenberg-\u00a0Am Mittwochnachmittag, den 14.02.2018, ereignete sich auf der Staatsstra\u00dfe\u00a0zwischen Abenberg und Kleinabenberg gegen 14 Uhr ein Verkehrsunfall, als\u00a0ein bislang unbekannter LKW-Fahrer zu weit in der Mitte fuhr, und dabei\u00a0einen anderen LKW und einen PKW besch\u00e4digte.<\/p><h3>Gl\u00fccklicherweise nur Sachschaden<\/h3><p>Bei dem Unfall wurde gl\u00fccklicherweise niemand verletzt, es entstand\u00a0lediglich ein Schaden von insgesamt ca. 6. 000 Euro.\u00a0<\/p><h3>Unfallverursacher fl\u00fcchtet von Unfallort<\/h3><p>Der Verursacher selbst hinterlie\u00df lediglich Bremsspuren auf der Fahrbahn,\u00a0da er nach dem Unfall einfach weiterfuhr, ohne sich um den entstandenen\u00a0Schadenzu k\u00fcmmern. Bei dem Fluchtfahrzeug m\u00fc\u00dfte es sich um einen rotbraunen\u00a0oder dunkelroten Lastwagen handeln.<\/p><h3>Polizei bittet um Mithilfe<\/h3><p>Personen, die verd\u00e4chtige Beobachtungen gemacht haben, werden gebeten, diese der Polizei in Roth unter der Rufnummer 09171-9744-0 mitzuteilen.<\/p>\t\t\t\t\t\t<\/div>\n\t\t\t\t<\/div>\n\t\t\t\t<div class=\"elementor-element elementor-element-39c5f74 elementor-widget elementor-widget-google_maps\" data-id=\"39c5f74\" data-element_type=\"widget\" data-widget_type=\"google_maps.default\">\n\t\t\t\t<div class=\"elementor-widget-container\">\n\t\t\t\t\t<div class=\"elementor-custom-embed\">\n\t\t\t<iframe loading=\"lazy\"\n\t\t\t\t\tsrc=\"https:\/\/maps.google.com\/maps?q=Abenberg%2C%20Deutschland&#038;t=m&#038;z=14&#038;output=embed&#038;iwloc=near\"\n\t\t\t\t\ttitle=\"Abenberg, Deutschland\"\n\t\t\t\t\taria-label=\"Abenberg, Deutschland\"\n\t\t\t><\/iframe>\n\t\t<\/div>\n\t\t\t\t<\/div>\n\t\t\t\t<\/div>\n\t\t\t\t\t<\/div>\n\t\t<\/div>\n\t\t\t\t<div class=\"elementor-column elementor-col-33 elementor-top-column elementor-element elementor-element-flkv3o5\" data-id=\"flkv3o5\" data-element_type=\"column\">\n\t\t\t<div class=\"elementor-widget-wrap elementor-element-populated\">\n\t\t\t\t\t\t<div class=\"elementor-element elementor-element-bpvimlk elementor-widget elementor-widget-image\" data-id=\"bpvimlk\" data-element_type=\"widget\" data-widget_type=\"image.default\">\n\t\t\t\t<div class=\"elementor-widget-container\">\n\t\t\t\t\t\t\t\t\t\t\t\t\t\t<a href=\"http:\/\/www.region-schwabach.de\/wordpress\/werben-auf-region-schwabach\/\" target=\"_blank\">\n\t\t\t\t\t\t\t<img fetchpriority=\"high\" decoding=\"async\" width=\"1024\" height=\"1024\" src=\"https:\/\/www.region-schwabach.de\/wordpress\/wp-content\/uploads\/2017\/06\/werbung8-1024x1024.png\" class=\"attachment-large size-large wp-image-2484\" alt=\"\" srcset=\"https:\/\/www.region-schwabach.de\/wordpress\/wp-content\/uploads\/2017\/06\/werbung8-1024x1024.png 1024w, https:\/\/www.region-schwabach.de\/wordpress\/wp-content\/uploads\/2017\/06\/werbung8-150x150.png 150w, https:\/\/www.region-schwabach.de\/wordpress\/wp-content\/uploads\/2017\/06\/werbung8-300x300.png 300w, https:\/\/www.region-schwabach.de\/wordpress\/wp-content\/uploads\/2017\/06\/werbung8-768x768.png 768w, https:\/\/www.region-schwabach.de\/wordpress\/wp-content\/uploads\/2017\/06\/werbung8-600x600.png 600w, https:\/\/www.region-schwabach.de\/wordpress\/wp-content\/uploads\/2017\/06\/werbung8.png 1200w\" sizes=\"(max-width: 1024px) 100vw, 1024px\" \/>\t\t\t\t\t\t\t\t<\/a>\n\t\t\t\t\t\t\t\t\t\t\t\t\t<\/div>\n\t\t\t\t<\/div>\n\t\t\t\t\t<\/div>\n\t\t<\/div>\n\t\t\t\t\t<\/div>\n\t\t<\/section>\n\t\t\t\t<\/div>\n\t\t","protected":false},"excerpt":{"rendered":"<div class=\"mh-excerpt\"><p>Unfall mit drei Beteiligten Abenberg-\u00a0Am Mittwochnachmittag, den 14.02.2018, ereignete sich auf der Staatsstra\u00dfe\u00a0zwischen Abenberg und Kleinabenberg gegen 14 Uhr ein Verkehrsunfall, als\u00a0ein bislang unbekannter LKW-Fahrer zu weit in der Mitte fuhr, und dabei\u00a0einen anderen LKW <a class=\"mh-excerpt-more\" href=\"https:\/\/www.region-schwabach.de\/wordpress\/unfallflucht-nach-verkehrsunfall-mit-drei-fahrzeugen-bei-abenberg\/\" title=\"Unfallflucht nach Verkehrsunfall mit drei Fahrzeugen bei Abenberg\">[&#8230;]<\/a><\/p>\n<\/div>","protected":false},"author":1,"featured_media":27790,"comment_status":"open","ping_status":"open","sticky":false,"template":"","format":"standard","meta":{"_cbd_carousel_blocks":"[]","footnotes":""},"categories":[15],"tags":[2120,578,2749,1906,454,2748,1330,261,463,32,401,713,457,335],"class_list":{"0":"post-27789","1":"post","2":"type-post","3":"status-publish","4":"format-standard","5":"has-post-thumbnail","7":"category-polizeimeldungen","8":"tag-14-02-2018","9":"tag-abenberg","10":"tag-bremsspuren","11":"tag-fahrbahn","12":"tag-fahrerflucht","13":"tag-gruenstreifen","14":"tag-kleinabenberg","15":"tag-lkw","16":"tag-pkw","17":"tag-roth","18":"tag-sachschaden","19":"tag-schaden","20":"tag-unfallflucht","21":"tag-verkehrsunfall"},"_links":{"self":[{"href":"https:\/\/www.region-schwabach.de\/wordpress\/wp-json\/wp\/v2\/posts\/27789","targetHints":{"allow":["GET"]}}],"collection":[{"href":"https:\/\/www.region-schwabach.de\/wordpress\/wp-json\/wp\/v2\/posts"}],"about":[{"href":"https:\/\/www.region-schwabach.de\/wordpress\/wp-json\/wp\/v2\/types\/post"}],"author":[{"embeddable":true,"href":"https:\/\/www.region-schwabach.de\/wordpress\/wp-json\/wp\/v2\/users\/1"}],"replies":[{"embeddable":true,"href":"https:\/\/www.region-schwabach.de\/wordpress\/wp-json\/wp\/v2\/comments?post=27789"}],"version-history":[{"count":0,"href":"https:\/\/www.region-schwabach.de\/wordpress\/wp-json\/wp\/v2\/posts\/27789\/revisions"}],"wp:featuredmedia":[{"embeddable":true,"href":"https:\/\/www.region-schwabach.de\/wordpress\/wp-json\/wp\/v2\/media\/27790"}],"wp:attachment":[{"href":"https:\/\/www.region-schwabach.de\/wordpress\/wp-json\/wp\/v2\/media?parent=27789"}],"wp:term":[{"taxonomy":"category","embeddable":true,"href":"https:\/\/www.region-schwabach.de\/wordpress\/wp-json\/wp\/v2\/categories?post=27789"},{"taxonomy":"post_tag","embeddable":true,"href":"https:\/\/www.region-schwabach.de\/wordpress\/wp-json\/wp\/v2\/tags?post=27789"}],"curies":[{"name":"wp","href":"https:\/\/api.w.org\/{rel}","templated":true}]}}