{"id":27947,"date":"2019-04-02T13:30:55","date_gmt":"2019-04-02T11:30:55","guid":{"rendered":"http:\/\/www.region-schwabach.de\/wordpress\/?p=27947"},"modified":"2019-04-04T22:24:10","modified_gmt":"2019-04-04T20:24:10","slug":"walpersdorfer-strasse-vom-1-maerz-2018-bis-31-oktober-2019-gesperrt","status":"publish","type":"post","link":"https:\/\/www.region-schwabach.de\/wordpress\/walpersdorfer-strasse-vom-1-maerz-2018-bis-31-oktober-2019-gesperrt\/","title":{"rendered":"Walpersdorfer Stra\u00dfe vom 1. M\u00e4rz 2018 bis 31. Oktober 2019 gesperrt"},"content":{"rendered":"\t\t<div data-elementor-type=\"wp-post\" data-elementor-id=\"27947\" class=\"elementor elementor-27947 elementor-bc-flex-widget\">\n\t\t\t\t\t\t<section class=\"elementor-section elementor-top-section elementor-element elementor-element-1dzeyuh elementor-section-boxed elementor-section-height-default elementor-section-height-default\" data-id=\"1dzeyuh\" data-element_type=\"section\">\n\t\t\t\t\t\t<div class=\"elementor-container elementor-column-gap-default\">\n\t\t\t\t\t<div class=\"elementor-column elementor-col-66 elementor-top-column elementor-element elementor-element-aam59ft\" data-id=\"aam59ft\" data-element_type=\"column\">\n\t\t\t<div class=\"elementor-widget-wrap elementor-element-populated\">\n\t\t\t\t\t\t<div class=\"elementor-element elementor-element-k9p1oyc elementor-widget elementor-widget-text-editor\" data-id=\"k9p1oyc\" data-element_type=\"widget\" data-widget_type=\"text-editor.default\">\n\t\t\t\t<div class=\"elementor-widget-container\">\n\t\t\t\t\t\t\t<h3>Sperrung\u00a0vom 1. M\u00e4rz bis 30. November 2018 n\u00f6tig<\/h3><p>In der Zeit von Donnerstag, den 01.03.2018, bis Donnerstag, den 31.10.2019, kommt es zur Sperrung der Walpersdorfer Stra\u00dfe zwischen An der Autobahn und der Walpersdorfer Stra\u00dfe 55.<\/p><h3><strong>Br\u00fcckenbauarbeiten f\u00fcr den Neubau der BAB A6 Br\u00fccke der BAB A6 Br\u00fccke f\u00fcr Sperrung verantwortlich<\/strong><\/h3><p>Grund der Sperrung sind Br\u00fcckenbauarbeiten f\u00fcr den Neubau der BAB A6 Br\u00fccke \u00fcber die Walpersdorfer Stra\u00dfe.<\/p><h3>Zufahrt zum Industriegebiet ist nur \u00fcber die Angerstra\u00dfe m\u00f6glich<\/h3><p>Auch f\u00fcr Fu\u00dfg\u00e4nger ist der Durchgang teilweise &#8211; je nach Baufortschritt &#8211; nicht m\u00f6glich, die Zufahrt zum Industriegebiet in die Walpersdorfer Stra\u00dfe ist nur \u00fcber die Angerstra\u00dfe m\u00f6glich.<\/p>\t\t\t\t\t\t<\/div>\n\t\t\t\t<\/div>\n\t\t\t\t<div class=\"elementor-element elementor-element-rf47wqh elementor-widget elementor-widget-google_maps\" data-id=\"rf47wqh\" data-element_type=\"widget\" data-widget_type=\"google_maps.default\">\n\t\t\t\t<div class=\"elementor-widget-container\">\n\t\t\t\t\t<div class=\"elementor-custom-embed\">\n\t\t\t<iframe loading=\"lazy\"\n\t\t\t\t\tsrc=\"https:\/\/maps.google.com\/maps?q=49.317625%2C%2011.039038&#038;t=m&#038;z=15&#038;output=embed&#038;iwloc=near\"\n\t\t\t\t\ttitle=\"49.317625, 11.039038\"\n\t\t\t\t\taria-label=\"49.317625, 11.039038\"\n\t\t\t><\/iframe>\n\t\t<\/div>\n\t\t\t\t<\/div>\n\t\t\t\t<\/div>\n\t\t\t\t\t<\/div>\n\t\t<\/div>\n\t\t\t\t<div class=\"elementor-column elementor-col-33 elementor-top-column elementor-element elementor-element-uferl75\" data-id=\"uferl75\" data-element_type=\"column\">\n\t\t\t<div class=\"elementor-widget-wrap\">\n\t\t\t\t\t\t\t<\/div>\n\t\t<\/div>\n\t\t\t\t\t<\/div>\n\t\t<\/section>\n\t\t\t\t<\/div>\n\t\t","protected":false},"excerpt":{"rendered":"<div class=\"mh-excerpt\"><p>Sperrung&nbsp;vom 1. M\u00e4rz bis 30. November 2018 n\u00f6tig In der Zeit von Donnerstag, den 01.03.2018, bis Donnerstag, den 31.10.2019, kommt es zur Sperrung der Walpersdorfer Stra\u00dfe zwischen An der Autobahn und der Walpersdorfer Stra\u00dfe 55. <a class=\"mh-excerpt-more\" href=\"https:\/\/www.region-schwabach.de\/wordpress\/walpersdorfer-strasse-vom-1-maerz-2018-bis-31-oktober-2019-gesperrt\/\" title=\"Walpersdorfer Stra\u00dfe vom 1. M\u00e4rz 2018 bis 31. Oktober 2019 gesperrt\">[&#8230;]<\/a><\/p>\n<\/div>","protected":false},"author":1,"featured_media":27951,"comment_status":"open","ping_status":"open","sticky":false,"template":"template-full.php","format":"standard","meta":{"_cbd_carousel_blocks":"[]","footnotes":""},"categories":[14],"tags":[8450,8775,8804,8740,8776,8637,8821,6491,8783,8777,8807,8553,8554,8638,8822,8784,8823,8785,8824,8825,8786,8826,8827,8778,8811,8779,8787,8828,8780,8309,1394,941,2123,1162,633,19,276,544],"class_list":{"0":"post-27947","1":"post","2":"type-post","3":"status-publish","4":"format-standard","5":"has-post-thumbnail","7":"category-verkehrsinfos","8":"tag-03-04-2019","9":"tag-04-04-2019","10":"tag-05-04-2019","11":"tag-06-04-2019","12":"tag-07-04-2019","13":"tag-08-04-2019","14":"tag-09-04-2019","15":"tag-1-maerz-2018-bis-31-oktober-2019","16":"tag-10-04-2019","17":"tag-11-04-2019","18":"tag-12-04-2019","19":"tag-13-04-2019","20":"tag-14-04-2019","21":"tag-15-04-2019","22":"tag-16-04-2019","23":"tag-17-04-2019","24":"tag-18-04-2019","25":"tag-19-04-2019","26":"tag-20-04-2019","27":"tag-21-04-2019","28":"tag-22-04-2019","29":"tag-23-04-2019","30":"tag-24-04-2019","31":"tag-25-04-2019","32":"tag-26-04-2019","33":"tag-27-04-2019","34":"tag-28-04-2019","35":"tag-29-04-2019","36":"tag-30-04-2019","37":"tag-31-03-2019","38":"tag-an-der-autobahn","39":"tag-angerstrasse","40":"tag-bab-a6","41":"tag-brueckenbauarbeiten","42":"tag-industriegebiet","43":"tag-schwabach","44":"tag-sperrung","45":"tag-walpersdorfer-strasse"},"_links":{"self":[{"href":"https:\/\/www.region-schwabach.de\/wordpress\/wp-json\/wp\/v2\/posts\/27947","targetHints":{"allow":["GET"]}}],"collection":[{"href":"https:\/\/www.region-schwabach.de\/wordpress\/wp-json\/wp\/v2\/posts"}],"about":[{"href":"https:\/\/www.region-schwabach.de\/wordpress\/wp-json\/wp\/v2\/types\/post"}],"author":[{"embeddable":true,"href":"https:\/\/www.region-schwabach.de\/wordpress\/wp-json\/wp\/v2\/users\/1"}],"replies":[{"embeddable":true,"href":"https:\/\/www.region-schwabach.de\/wordpress\/wp-json\/wp\/v2\/comments?post=27947"}],"version-history":[{"count":0,"href":"https:\/\/www.region-schwabach.de\/wordpress\/wp-json\/wp\/v2\/posts\/27947\/revisions"}],"wp:featuredmedia":[{"embeddable":true,"href":"https:\/\/www.region-schwabach.de\/wordpress\/wp-json\/wp\/v2\/media\/27951"}],"wp:attachment":[{"href":"https:\/\/www.region-schwabach.de\/wordpress\/wp-json\/wp\/v2\/media?parent=27947"}],"wp:term":[{"taxonomy":"category","embeddable":true,"href":"https:\/\/www.region-schwabach.de\/wordpress\/wp-json\/wp\/v2\/categories?post=27947"},{"taxonomy":"post_tag","embeddable":true,"href":"https:\/\/www.region-schwabach.de\/wordpress\/wp-json\/wp\/v2\/tags?post=27947"}],"curies":[{"name":"wp","href":"https:\/\/api.w.org\/{rel}","templated":true}]}}