{"id":27960,"date":"2018-02-18T01:03:53","date_gmt":"2018-02-18T00:03:53","guid":{"rendered":"http:\/\/www.region-schwabach.de\/wordpress\/?p=27960"},"modified":"2018-07-30T10:11:03","modified_gmt":"2018-07-30T08:11:03","slug":"sperrung-rother-strasse-zwischen-den-anschlussstellen-bab-6-und-schwabach-sued-am-3-und-4-maerz-2018","status":"publish","type":"post","link":"https:\/\/www.region-schwabach.de\/wordpress\/sperrung-rother-strasse-zwischen-den-anschlussstellen-bab-6-und-schwabach-sued-am-3-und-4-maerz-2018\/","title":{"rendered":"Sperrung Rother Stra\u00dfe zwischen den Anschlussstellen BAB 6 und Schwabach S\u00fcd am 3. und 4. M\u00e4rz 2018"},"content":{"rendered":"\t\t<div data-elementor-type=\"wp-post\" data-elementor-id=\"27960\" class=\"elementor elementor-27960 elementor-bc-flex-widget\">\n\t\t\t\t\t\t<section class=\"elementor-section elementor-top-section elementor-element elementor-element-1dzeyuh elementor-section-boxed elementor-section-height-default elementor-section-height-default\" data-id=\"1dzeyuh\" data-element_type=\"section\">\n\t\t\t\t\t\t<div class=\"elementor-container elementor-column-gap-default\">\n\t\t\t\t\t<div class=\"elementor-column elementor-col-66 elementor-top-column elementor-element elementor-element-aam59ft\" data-id=\"aam59ft\" data-element_type=\"column\">\n\t\t\t<div class=\"elementor-widget-wrap elementor-element-populated\">\n\t\t\t\t\t\t<div class=\"elementor-element elementor-element-k9p1oyc elementor-widget elementor-widget-text-editor\" data-id=\"k9p1oyc\" data-element_type=\"widget\" data-widget_type=\"text-editor.default\">\n\t\t\t\t<div class=\"elementor-widget-container\">\n\t\t\t\t\t\t\t<h3>Sperrung wegen Br\u00fcckenarbeiten<\/h3><p>Wegen des 6-streifigen Ausbaus &#8211; und den damit verbundenen Br\u00fcckenbauarbeiten &#8211; kommt es von Samstag, den 03.03.2018, auf Sonntag, den 04.03.2018 zur Sperrung der Rother Stra\u00dfe (B2) \/\u00a0<span style=\"color: #333333; font-family: 'Open Sans', Arial, 'Helvetica Neue', Helvetica, sans-serif; font-size: 14.4px; font-style: normal; font-variant-ligatures: normal; font-variant-caps: normal; font-weight: 400;\">Staatsstra\u00dfe 2409<\/span>.<\/p><h3>Sperrung von Samstag 21.00 Uhr bis Sonntag 15.00 Uhr<\/h3><p>Die Sperrung erfolgt \u00a0von Samstag, den 3. M\u00e4rz, ab 21.00 Uhr, bis Sonntag, den 4. M\u00e4rz, ca. \u00a015.00 Uhr. Betroffen ist die Rother Stra\u00dfe (B2) im Bereich der Anschlussstellen Schwabach S\u00fcd, der Verkehr auf der BAB A6 ist von der Bauma\u00dfnahme nicht beeintr\u00e4chtigt.<\/p><h3>Umleitung wird eingerichtet<\/h3><p>F\u00fcr die Dauer der Sperrung wird eine Umleitung eingerichtet. Diese erfolgt in beiden Fahrtrichtungen \u00fcber die Berliner Stra\u00dfe, Penzendorfer Hauptstra\u00dfe, Penzendorfer Stra\u00dfe, Wei\u00dfenburger Stra\u00dfe und Rother Stra\u00dfe.<\/p><h3>Sperrung betrifft auch den Geh- und Radweg<\/h3><p>Im Zuge der Sperrung der Rother Stra\u00dfe wird auch der Geh- und Radweg in diesem Bereich gesperrt.\u00a0<\/p><h3>Auch Linienverkehr von Sprrung betroffen<\/h3><p>Wegen der Sperrung ergeben sich auch Umleitungen im Linienverkehr des Stadtverkehrs. Betroffenen Fahrg\u00e4ste erhalten die erforderlichen Informationen in den Bussen und an den Haltestellen. Au\u00dferdem finden Interessierte auch im Internet unter\u00a0<a title=\"Link zur Seite des Stadtverkehrs\" href=\"http:\/\/www.schwabach-mobil.de\/\" target=\"_blank\" rel=\"noopener\">www.schwabach-mobil.de<\/a>\u00a0und unter\u00a0<a title=\"Link zur Seite der VGN\" href=\"http:\/\/www.vgn.de\/fahrplanaenderungen\/\" target=\"_blank\" rel=\"noopener\">www.vgn.de\/fahrplanaenderungen\/<\/a>\u00a0entsprechende Informationen.<\/p>\t\t\t\t\t\t<\/div>\n\t\t\t\t<\/div>\n\t\t\t\t<div class=\"elementor-element elementor-element-rf47wqh elementor-widget elementor-widget-google_maps\" data-id=\"rf47wqh\" data-element_type=\"widget\" data-widget_type=\"google_maps.default\">\n\t\t\t\t<div class=\"elementor-widget-container\">\n\t\t\t\t\t<div class=\"elementor-custom-embed\">\n\t\t\t<iframe loading=\"lazy\"\n\t\t\t\t\tsrc=\"https:\/\/maps.google.com\/maps?q=Rother%20Stra%C3%9Fe%2C%20Schwabach%2C%20Deutschland&#038;t=m&#038;z=15&#038;output=embed&#038;iwloc=near\"\n\t\t\t\t\ttitle=\"Rother Stra\u00dfe, Schwabach, Deutschland\"\n\t\t\t\t\taria-label=\"Rother Stra\u00dfe, Schwabach, Deutschland\"\n\t\t\t><\/iframe>\n\t\t<\/div>\n\t\t\t\t<\/div>\n\t\t\t\t<\/div>\n\t\t\t\t\t<\/div>\n\t\t<\/div>\n\t\t\t\t<div class=\"elementor-column elementor-col-33 elementor-top-column elementor-element elementor-element-uferl75\" data-id=\"uferl75\" data-element_type=\"column\">\n\t\t\t<div class=\"elementor-widget-wrap elementor-element-populated\">\n\t\t\t\t\t\t<div class=\"elementor-element elementor-element-xuttsc2 elementor-widget elementor-widget-image\" data-id=\"xuttsc2\" data-element_type=\"widget\" data-widget_type=\"image.default\">\n\t\t\t\t<div class=\"elementor-widget-container\">\n\t\t\t\t\t\t\t\t\t\t\t\t\t<img fetchpriority=\"high\" decoding=\"async\" width=\"300\" height=\"300\" src=\"https:\/\/www.region-schwabach.de\/wordpress\/wp-content\/uploads\/2017\/06\/werbung8-300x300.png\" class=\"attachment-medium size-medium wp-image-2484\" alt=\"\" srcset=\"https:\/\/www.region-schwabach.de\/wordpress\/wp-content\/uploads\/2017\/06\/werbung8-300x300.png 300w, https:\/\/www.region-schwabach.de\/wordpress\/wp-content\/uploads\/2017\/06\/werbung8-150x150.png 150w, https:\/\/www.region-schwabach.de\/wordpress\/wp-content\/uploads\/2017\/06\/werbung8-768x768.png 768w, https:\/\/www.region-schwabach.de\/wordpress\/wp-content\/uploads\/2017\/06\/werbung8-1024x1024.png 1024w, https:\/\/www.region-schwabach.de\/wordpress\/wp-content\/uploads\/2017\/06\/werbung8-600x600.png 600w, https:\/\/www.region-schwabach.de\/wordpress\/wp-content\/uploads\/2017\/06\/werbung8.png 1200w\" sizes=\"(max-width: 300px) 100vw, 300px\" \/>\t\t\t\t\t\t\t\t\t\t\t\t\t<\/div>\n\t\t\t\t<\/div>\n\t\t\t\t\t<\/div>\n\t\t<\/div>\n\t\t\t\t\t<\/div>\n\t\t<\/section>\n\t\t\t\t<\/div>\n\t\t","protected":false},"excerpt":{"rendered":"<div class=\"mh-excerpt\"><p>Sperrung wegen Br\u00fcckenarbeiten Wegen des 6-streifigen Ausbaus &#8211; und den damit verbundenen Br\u00fcckenbauarbeiten &#8211; kommt es von Samstag, den 03.03.2018, auf Sonntag, den 04.03.2018 zur Sperrung der Rother Stra\u00dfe (B2) \/\u00a0Staatsstra\u00dfe 2409. Sperrung von Samstag <a class=\"mh-excerpt-more\" href=\"https:\/\/www.region-schwabach.de\/wordpress\/sperrung-rother-strasse-zwischen-den-anschlussstellen-bab-6-und-schwabach-sued-am-3-und-4-maerz-2018\/\" title=\"Sperrung Rother Stra\u00dfe zwischen den Anschlussstellen BAB 6 und Schwabach S\u00fcd am 3. und 4. M\u00e4rz 2018\">[&#8230;]<\/a><\/p>\n<\/div>","protected":false},"author":1,"featured_media":27961,"comment_status":"open","ping_status":"open","sticky":false,"template":"template-full.php","format":"standard","meta":{"_cbd_carousel_blocks":"[]","footnotes":""},"categories":[16,14],"tags":[1457,553,1162,32,170,19,71,232],"class_list":{"0":"post-27960","1":"post","2":"type-post","3":"status-publish","4":"format-standard","5":"has-post-thumbnail","7":"category-aktuell","8":"category-verkehrsinfos","9":"tag-anschlussstelle-schwabach-sued","10":"tag-bab-6","11":"tag-brueckenbauarbeiten","12":"tag-roth","13":"tag-rother-strasse","14":"tag-schwabach","15":"tag-strassensperre","16":"tag-vollsperrung"},"_links":{"self":[{"href":"https:\/\/www.region-schwabach.de\/wordpress\/wp-json\/wp\/v2\/posts\/27960","targetHints":{"allow":["GET"]}}],"collection":[{"href":"https:\/\/www.region-schwabach.de\/wordpress\/wp-json\/wp\/v2\/posts"}],"about":[{"href":"https:\/\/www.region-schwabach.de\/wordpress\/wp-json\/wp\/v2\/types\/post"}],"author":[{"embeddable":true,"href":"https:\/\/www.region-schwabach.de\/wordpress\/wp-json\/wp\/v2\/users\/1"}],"replies":[{"embeddable":true,"href":"https:\/\/www.region-schwabach.de\/wordpress\/wp-json\/wp\/v2\/comments?post=27960"}],"version-history":[{"count":0,"href":"https:\/\/www.region-schwabach.de\/wordpress\/wp-json\/wp\/v2\/posts\/27960\/revisions"}],"wp:featuredmedia":[{"embeddable":true,"href":"https:\/\/www.region-schwabach.de\/wordpress\/wp-json\/wp\/v2\/media\/27961"}],"wp:attachment":[{"href":"https:\/\/www.region-schwabach.de\/wordpress\/wp-json\/wp\/v2\/media?parent=27960"}],"wp:term":[{"taxonomy":"category","embeddable":true,"href":"https:\/\/www.region-schwabach.de\/wordpress\/wp-json\/wp\/v2\/categories?post=27960"},{"taxonomy":"post_tag","embeddable":true,"href":"https:\/\/www.region-schwabach.de\/wordpress\/wp-json\/wp\/v2\/tags?post=27960"}],"curies":[{"name":"wp","href":"https:\/\/api.w.org\/{rel}","templated":true}]}}