{"id":29313,"date":"2018-02-23T22:06:43","date_gmt":"2018-02-23T21:06:43","guid":{"rendered":"http:\/\/www.region-schwabach.de\/wordpress\/?p=29313"},"modified":"2018-07-30T10:11:31","modified_gmt":"2018-07-30T08:11:31","slug":"strassenarbeiten-wegen-bodenrost-vorerst-verschoben-bzw-eingestellt","status":"publish","type":"post","link":"https:\/\/www.region-schwabach.de\/wordpress\/strassenarbeiten-wegen-bodenrost-vorerst-verschoben-bzw-eingestellt\/","title":{"rendered":"Stra\u00dfenarbeiten wegen Bodenfrost vorerst verschoben bzw. eingestellt"},"content":{"rendered":"\t\t<div data-elementor-type=\"wp-post\" data-elementor-id=\"29313\" class=\"elementor elementor-29313 elementor-bc-flex-widget\">\n\t\t\t\t\t\t<section class=\"elementor-section elementor-top-section elementor-element elementor-element-1dzeyuh elementor-section-boxed elementor-section-height-default elementor-section-height-default\" data-id=\"1dzeyuh\" data-element_type=\"section\">\n\t\t\t\t\t\t<div class=\"elementor-container elementor-column-gap-default\">\n\t\t\t\t\t<div class=\"elementor-column elementor-col-66 elementor-top-column elementor-element elementor-element-aam59ft\" data-id=\"aam59ft\" data-element_type=\"column\">\n\t\t\t<div class=\"elementor-widget-wrap elementor-element-populated\">\n\t\t\t\t\t\t<div class=\"elementor-element elementor-element-k9p1oyc elementor-widget elementor-widget-text-editor\" data-id=\"k9p1oyc\" data-element_type=\"widget\" data-widget_type=\"text-editor.default\">\n\t\t\t\t<div class=\"elementor-widget-container\">\n\t\t\t\t\t\t\t<h3>Bodenfrost f\u00fchrt zu Verz\u00f6gerungen beim Stra\u00dfenbau und den damit verbundenen Stra\u00dfensperrungen<\/h3><p>Wegen des starken &#8211; und so nicht erwarteten &#8211; Bodenfrostes werden die f\u00fcr die kommende Woche (ab 26. Februar 2018) geplanten Stra\u00dfensperrungen bis auf weiteres nicht durchgef\u00fchrt. Betroffen hiervon sind folgende Projekte:<\/p><ul style=\"list-style-type: disc;\"><li>Theodor-Heuss-Stra\u00dfe\u00a0 \u00a0<a href=\"http:\/\/www.region-schwabach.de\/wordpress\/theodor-heuss-strasse-vom-26-februar-bis-09-maerz-2018-gesperrt\/\" target=\"_blank\" rel=\"noopener\">\u00bb Info &#8230;<\/a><\/li><li>Auf der Reit\u00a0 \u00a0<a href=\"http:\/\/www.region-schwabach.de\/wordpress\/strasse-auf-der-reit-vom-26-februar-bis-02-maerz-2018-gesperrt\/\" target=\"_blank\" rel=\"noopener\">\u00bb Info &#8230;<\/a><\/li><\/ul><p>Bereits begonnene Arbeiten sind ebenfalls von dieser Ma\u00dfnahme betroffen, und werden erst einmal nicht weiter durchgef\u00fchrt. Dabei geht es um folgende Projekte:<\/p><ul style=\"list-style-type: disc;\"><li>Heinrich-Krau\u00df-Stra\u00dfe\u00a0 \u00a0<a href=\"http:\/\/www.region-schwabach.de\/wordpress\/wolfgang-fries-strasse-und-heinrich-krauss-strasse-vom-29-januar-bis-29-maerz-2018-gesperrt\/\" target=\"_blank\" rel=\"noopener\">\u00bb Info<\/a><\/li><li>Wolfgang-Frie\u00df-Stra\u00dfe\u00a0 \u00a0<a href=\"http:\/\/www.region-schwabach.de\/wordpress\/wolfgang-fries-strasse-und-heinrich-krauss-strasse-vom-29-januar-bis-29-maerz-2018-gesperrt\/\" target=\"_blank\" rel=\"noopener\">\u00bb Info<\/a><\/li><\/ul>\t\t\t\t\t\t<\/div>\n\t\t\t\t<\/div>\n\t\t\t\t<div class=\"elementor-element elementor-element-rf47wqh elementor-widget elementor-widget-google_maps\" data-id=\"rf47wqh\" data-element_type=\"widget\" data-widget_type=\"google_maps.default\">\n\t\t\t\t<div class=\"elementor-widget-container\">\n\t\t\t\t\t<div class=\"elementor-custom-embed\">\n\t\t\t<iframe loading=\"lazy\"\n\t\t\t\t\tsrc=\"https:\/\/maps.google.com\/maps?q=Schwabach%2C%20Deutschland&#038;t=m&#038;z=12&#038;output=embed&#038;iwloc=near\"\n\t\t\t\t\ttitle=\"Schwabach, Deutschland\"\n\t\t\t\t\taria-label=\"Schwabach, Deutschland\"\n\t\t\t><\/iframe>\n\t\t<\/div>\n\t\t\t\t<\/div>\n\t\t\t\t<\/div>\n\t\t\t\t\t<\/div>\n\t\t<\/div>\n\t\t\t\t<div class=\"elementor-column elementor-col-33 elementor-top-column elementor-element elementor-element-uferl75\" data-id=\"uferl75\" data-element_type=\"column\">\n\t\t\t<div class=\"elementor-widget-wrap elementor-element-populated\">\n\t\t\t\t\t\t<div class=\"elementor-element elementor-element-xuttsc2 elementor-widget elementor-widget-image\" data-id=\"xuttsc2\" data-element_type=\"widget\" data-widget_type=\"image.default\">\n\t\t\t\t<div class=\"elementor-widget-container\">\n\t\t\t\t\t\t\t\t\t\t\t\t\t<img fetchpriority=\"high\" decoding=\"async\" width=\"300\" height=\"300\" src=\"https:\/\/www.region-schwabach.de\/wordpress\/wp-content\/uploads\/2017\/06\/werbung8-300x300.png\" class=\"attachment-medium size-medium wp-image-2484\" alt=\"\" srcset=\"https:\/\/www.region-schwabach.de\/wordpress\/wp-content\/uploads\/2017\/06\/werbung8-300x300.png 300w, https:\/\/www.region-schwabach.de\/wordpress\/wp-content\/uploads\/2017\/06\/werbung8-150x150.png 150w, https:\/\/www.region-schwabach.de\/wordpress\/wp-content\/uploads\/2017\/06\/werbung8-768x768.png 768w, https:\/\/www.region-schwabach.de\/wordpress\/wp-content\/uploads\/2017\/06\/werbung8-1024x1024.png 1024w, https:\/\/www.region-schwabach.de\/wordpress\/wp-content\/uploads\/2017\/06\/werbung8-600x600.png 600w, https:\/\/www.region-schwabach.de\/wordpress\/wp-content\/uploads\/2017\/06\/werbung8.png 1200w\" sizes=\"(max-width: 300px) 100vw, 300px\" \/>\t\t\t\t\t\t\t\t\t\t\t\t\t<\/div>\n\t\t\t\t<\/div>\n\t\t\t\t\t<\/div>\n\t\t<\/div>\n\t\t\t\t\t<\/div>\n\t\t<\/section>\n\t\t\t\t<\/div>\n\t\t","protected":false},"excerpt":{"rendered":"<div class=\"mh-excerpt\"><p>Bodenfrost f\u00fchrt zu Verz\u00f6gerungen beim Stra\u00dfenbau und den damit verbundenen Stra\u00dfensperrungen Wegen des starken &#8211; und so nicht erwarteten &#8211; Bodenfrostes werden die f\u00fcr die kommende Woche (ab 26. Februar 2018) geplanten Stra\u00dfensperrungen bis auf <a class=\"mh-excerpt-more\" href=\"https:\/\/www.region-schwabach.de\/wordpress\/strassenarbeiten-wegen-bodenrost-vorerst-verschoben-bzw-eingestellt\/\" title=\"Stra\u00dfenarbeiten wegen Bodenfrost vorerst verschoben bzw. eingestellt\">[&#8230;]<\/a><\/p>\n<\/div>","protected":false},"author":1,"featured_media":29314,"comment_status":"open","ping_status":"open","sticky":false,"template":"template-full.php","format":"standard","meta":{"_cbd_carousel_blocks":"[]","footnotes":""},"categories":[16,14],"tags":[2794,2975,2973,2314,2972,19,71,2970,2974,2971],"class_list":{"0":"post-29313","1":"post","2":"type-post","3":"status-publish","4":"format-standard","5":"has-post-thumbnail","7":"category-aktuell","8":"category-verkehrsinfos","9":"tag-auf-der-reit","10":"tag-bodenfrost","11":"tag-einstellung","12":"tag-heinrich-krauss-strasse","13":"tag-kappelbergsteig","14":"tag-schwabach","15":"tag-strassensperre","16":"tag-theodor-heuss-strasse","17":"tag-verschiebung","18":"tag-wolfgang-friess-strasse"},"_links":{"self":[{"href":"https:\/\/www.region-schwabach.de\/wordpress\/wp-json\/wp\/v2\/posts\/29313","targetHints":{"allow":["GET"]}}],"collection":[{"href":"https:\/\/www.region-schwabach.de\/wordpress\/wp-json\/wp\/v2\/posts"}],"about":[{"href":"https:\/\/www.region-schwabach.de\/wordpress\/wp-json\/wp\/v2\/types\/post"}],"author":[{"embeddable":true,"href":"https:\/\/www.region-schwabach.de\/wordpress\/wp-json\/wp\/v2\/users\/1"}],"replies":[{"embeddable":true,"href":"https:\/\/www.region-schwabach.de\/wordpress\/wp-json\/wp\/v2\/comments?post=29313"}],"version-history":[{"count":0,"href":"https:\/\/www.region-schwabach.de\/wordpress\/wp-json\/wp\/v2\/posts\/29313\/revisions"}],"wp:featuredmedia":[{"embeddable":true,"href":"https:\/\/www.region-schwabach.de\/wordpress\/wp-json\/wp\/v2\/media\/29314"}],"wp:attachment":[{"href":"https:\/\/www.region-schwabach.de\/wordpress\/wp-json\/wp\/v2\/media?parent=29313"}],"wp:term":[{"taxonomy":"category","embeddable":true,"href":"https:\/\/www.region-schwabach.de\/wordpress\/wp-json\/wp\/v2\/categories?post=29313"},{"taxonomy":"post_tag","embeddable":true,"href":"https:\/\/www.region-schwabach.de\/wordpress\/wp-json\/wp\/v2\/tags?post=29313"}],"curies":[{"name":"wp","href":"https:\/\/api.w.org\/{rel}","templated":true}]}}