{"id":29334,"date":"2018-02-24T09:46:11","date_gmt":"2018-02-24T08:46:11","guid":{"rendered":"http:\/\/www.region-schwabach.de\/wordpress\/?p=29334"},"modified":"2018-02-24T09:54:53","modified_gmt":"2018-02-24T08:54:53","slug":"zwei-verletzte-bei-auffahrunfall-auf-der-b466-bei-leipersloh","status":"publish","type":"post","link":"https:\/\/www.region-schwabach.de\/wordpress\/zwei-verletzte-bei-auffahrunfall-auf-der-b466-bei-leipersloh\/","title":{"rendered":"Zwei Verletzte bei Auffahrunfall auf der B466 bei Leipersloh"},"content":{"rendered":"\t\t<div data-elementor-type=\"wp-post\" data-elementor-id=\"29334\" class=\"elementor elementor-29334 elementor-bc-flex-widget\">\n\t\t\t\t\t\t<section class=\"elementor-section elementor-top-section elementor-element elementor-element-1cuv9jr elementor-section-boxed elementor-section-height-default elementor-section-height-default\" data-id=\"1cuv9jr\" data-element_type=\"section\">\n\t\t\t\t\t\t<div class=\"elementor-container elementor-column-gap-default\">\n\t\t\t\t\t<div class=\"elementor-column elementor-col-66 elementor-top-column elementor-element elementor-element-q5zak7b\" data-id=\"q5zak7b\" data-element_type=\"column\">\n\t\t\t<div class=\"elementor-widget-wrap elementor-element-populated\">\n\t\t\t\t\t\t<div class=\"elementor-element elementor-element-86qws23 elementor-widget elementor-widget-text-editor\" data-id=\"86qws23\" data-element_type=\"widget\" data-widget_type=\"text-editor.default\">\n\t\t\t\t<div class=\"elementor-widget-container\">\n\t\t\t\t\t\t\t<h3>Auffahrunfall auf der B466<\/h3><p>Abenberg &#8211; Am Freitagnachmittag, den 23.02.2018, kam es auf der B466 an der Abzweigung nach Leipersloh zu einem Auffahrunfall, bei dem zwei Personen verletzt wurden, und au\u00dferdem ein Sachschaden in H\u00f6he von \u00fcber 20.000 Euro entstanden ist.<\/p><h3>Bremsman\u00f6ver zu sp\u00e4t bemerkt<\/h3><p>Zu dem Unfall kam es, als ein 45-j\u00e4hriger BMW-Fahrer Richtung Schwabach unterwegs war, und nach links in Richtung Leipersloh abbiegen wollte. Als er jedoch\u00a0 wegen des Gegenverkehrs anhalten mu\u00dften, bemerkte dies ein nachfolgender 42-j\u00e4hriger Skoda-Fahrer zu sp\u00e4t, und krachte mit hoher Geschwindigkeit auf den BMW.<\/p><p>Beide Fahrer wurden bei dem Aufprall gl\u00fccklicherweise nur leichter verletzt, wurden vorsichtshalber aber in umliegende Krankenh\u00e4user gebracht. Beide Fahrzeuge waren nicht mehr fahrbereit und mu\u00dften abgeschleppt werden. Um die Beseitigung der Unfallsch\u00e4den und um die Regelung des Verkehrs k\u00fcmmerten sich die Feuerwehren aus Abenberg und Kammerstein.<\/p>\t\t\t\t\t\t<\/div>\n\t\t\t\t<\/div>\n\t\t\t\t<div class=\"elementor-element elementor-element-id240nb elementor-widget elementor-widget-google_maps\" data-id=\"id240nb\" data-element_type=\"widget\" data-widget_type=\"google_maps.default\">\n\t\t\t\t<div class=\"elementor-widget-container\">\n\t\t\t\t\t<div class=\"elementor-custom-embed\">\n\t\t\t<iframe loading=\"lazy\"\n\t\t\t\t\tsrc=\"https:\/\/maps.google.com\/maps?q=Leipersloh%2C%20Roth%2C%20Deutschland&#038;t=m&#038;z=15&#038;output=embed&#038;iwloc=near\"\n\t\t\t\t\ttitle=\"Leipersloh, Roth, Deutschland\"\n\t\t\t\t\taria-label=\"Leipersloh, Roth, Deutschland\"\n\t\t\t><\/iframe>\n\t\t<\/div>\n\t\t\t\t<\/div>\n\t\t\t\t<\/div>\n\t\t\t\t\t<\/div>\n\t\t<\/div>\n\t\t\t\t<div class=\"elementor-column elementor-col-33 elementor-top-column elementor-element elementor-element-0w0urt1\" data-id=\"0w0urt1\" data-element_type=\"column\">\n\t\t\t<div class=\"elementor-widget-wrap elementor-element-populated\">\n\t\t\t\t\t\t<div class=\"elementor-element elementor-element-mo6nk5i elementor-widget elementor-widget-image\" data-id=\"mo6nk5i\" data-element_type=\"widget\" data-widget_type=\"image.default\">\n\t\t\t\t<div class=\"elementor-widget-container\">\n\t\t\t\t\t\t\t\t\t\t\t\t\t\t<a href=\"http:\/\/www.region-schwabach.de\/wordpress\/werben-auf-region-schwabach\/\" target=\"_blank\">\n\t\t\t\t\t\t\t<img fetchpriority=\"high\" decoding=\"async\" width=\"1024\" height=\"1024\" src=\"https:\/\/www.region-schwabach.de\/wordpress\/wp-content\/uploads\/2017\/06\/werbung8-1024x1024.png\" class=\"attachment-large size-large wp-image-2484\" alt=\"\" srcset=\"https:\/\/www.region-schwabach.de\/wordpress\/wp-content\/uploads\/2017\/06\/werbung8-1024x1024.png 1024w, https:\/\/www.region-schwabach.de\/wordpress\/wp-content\/uploads\/2017\/06\/werbung8-150x150.png 150w, https:\/\/www.region-schwabach.de\/wordpress\/wp-content\/uploads\/2017\/06\/werbung8-300x300.png 300w, https:\/\/www.region-schwabach.de\/wordpress\/wp-content\/uploads\/2017\/06\/werbung8-768x768.png 768w, https:\/\/www.region-schwabach.de\/wordpress\/wp-content\/uploads\/2017\/06\/werbung8-600x600.png 600w, https:\/\/www.region-schwabach.de\/wordpress\/wp-content\/uploads\/2017\/06\/werbung8.png 1200w\" sizes=\"(max-width: 1024px) 100vw, 1024px\" \/>\t\t\t\t\t\t\t\t<\/a>\n\t\t\t\t\t\t\t\t\t\t\t\t\t<\/div>\n\t\t\t\t<\/div>\n\t\t\t\t\t<\/div>\n\t\t<\/div>\n\t\t\t\t\t<\/div>\n\t\t<\/section>\n\t\t\t\t<\/div>\n\t\t","protected":false},"excerpt":{"rendered":"<div class=\"mh-excerpt\"><p>Auffahrunfall auf der B466 Abenberg &#8211; Am Freitagnachmittag, den 23.02.2018, kam es auf der B466 an der Abzweigung nach Leipersloh zu einem Auffahrunfall, bei dem zwei Personen verletzt wurden, und au\u00dferdem ein Sachschaden in H\u00f6he <a class=\"mh-excerpt-more\" href=\"https:\/\/www.region-schwabach.de\/wordpress\/zwei-verletzte-bei-auffahrunfall-auf-der-b466-bei-leipersloh\/\" title=\"Zwei Verletzte bei Auffahrunfall auf der B466 bei Leipersloh\">[&#8230;]<\/a><\/p>\n<\/div>","protected":false},"author":1,"featured_media":29335,"comment_status":"open","ping_status":"open","sticky":false,"template":"","format":"standard","meta":{"_cbd_carousel_blocks":"[]","footnotes":""},"categories":[15],"tags":[2302,1555,540,703,1597,296,555,2976,463,32,401,713,1677,295],"class_list":{"0":"post-29334","1":"post","2":"type-post","3":"status-publish","4":"format-standard","5":"has-post-thumbnail","7":"category-polizeimeldungen","8":"tag-23-02-2018","9":"tag-abschleppdienst","10":"tag-auffahrunfall","11":"tag-b466","12":"tag-bmw","13":"tag-feuerwehr","14":"tag-gegenverkehr","15":"tag-leipersloh","16":"tag-pkw","17":"tag-roth","18":"tag-sachschaden","19":"tag-schaden","20":"tag-skoda","21":"tag-verletzte"},"_links":{"self":[{"href":"https:\/\/www.region-schwabach.de\/wordpress\/wp-json\/wp\/v2\/posts\/29334","targetHints":{"allow":["GET"]}}],"collection":[{"href":"https:\/\/www.region-schwabach.de\/wordpress\/wp-json\/wp\/v2\/posts"}],"about":[{"href":"https:\/\/www.region-schwabach.de\/wordpress\/wp-json\/wp\/v2\/types\/post"}],"author":[{"embeddable":true,"href":"https:\/\/www.region-schwabach.de\/wordpress\/wp-json\/wp\/v2\/users\/1"}],"replies":[{"embeddable":true,"href":"https:\/\/www.region-schwabach.de\/wordpress\/wp-json\/wp\/v2\/comments?post=29334"}],"version-history":[{"count":0,"href":"https:\/\/www.region-schwabach.de\/wordpress\/wp-json\/wp\/v2\/posts\/29334\/revisions"}],"wp:featuredmedia":[{"embeddable":true,"href":"https:\/\/www.region-schwabach.de\/wordpress\/wp-json\/wp\/v2\/media\/29335"}],"wp:attachment":[{"href":"https:\/\/www.region-schwabach.de\/wordpress\/wp-json\/wp\/v2\/media?parent=29334"}],"wp:term":[{"taxonomy":"category","embeddable":true,"href":"https:\/\/www.region-schwabach.de\/wordpress\/wp-json\/wp\/v2\/categories?post=29334"},{"taxonomy":"post_tag","embeddable":true,"href":"https:\/\/www.region-schwabach.de\/wordpress\/wp-json\/wp\/v2\/tags?post=29334"}],"curies":[{"name":"wp","href":"https:\/\/api.w.org\/{rel}","templated":true}]}}