{"id":29687,"date":"2018-02-26T13:32:14","date_gmt":"2018-02-26T12:32:14","guid":{"rendered":"http:\/\/www.region-schwabach.de\/wordpress\/?p=29687"},"modified":"2018-03-04T12:12:38","modified_gmt":"2018-03-04T11:12:38","slug":"insgesamt-vier-einbrueche-in-haeuser-in-wendelstein","status":"publish","type":"post","link":"https:\/\/www.region-schwabach.de\/wordpress\/insgesamt-vier-einbrueche-in-haeuser-in-wendelstein\/","title":{"rendered":"Insgesamt vier Einbr\u00fcche in H\u00e4user in Wendelstein"},"content":{"rendered":"\t\t<div data-elementor-type=\"wp-post\" data-elementor-id=\"29687\" class=\"elementor elementor-29687 elementor-bc-flex-widget\">\n\t\t\t\t\t\t<section class=\"elementor-section elementor-top-section elementor-element elementor-element-tlus4ia elementor-section-boxed elementor-section-height-default elementor-section-height-default\" data-id=\"tlus4ia\" data-element_type=\"section\">\n\t\t\t\t\t\t<div class=\"elementor-container elementor-column-gap-default\">\n\t\t\t\t\t<div class=\"elementor-column elementor-col-66 elementor-top-column elementor-element elementor-element-sphcucl\" data-id=\"sphcucl\" data-element_type=\"column\">\n\t\t\t<div class=\"elementor-widget-wrap elementor-element-populated\">\n\t\t\t\t\t\t<div class=\"elementor-element elementor-element-4f2h2af elementor-widget elementor-widget-text-editor\" data-id=\"4f2h2af\" data-element_type=\"widget\" data-widget_type=\"text-editor.default\">\n\t\t\t\t<div class=\"elementor-widget-container\">\n\t\t\t\t\t\t\t<h3>Mehrere Einbr\u00fcche in Wendelstein<\/h3><p>Schwabach &#8211; Von Freitag, den 23.02.2018, auf Samstag, den 24.02.2018, kam es im Gebiet Wendelstein (Landkreis Roth) zu insgesamt vier Einbr\u00fcchenbei denen die Kriminalpolizei Schwabach um Hinweise aus der Bev\u00f6lkerung bittet.<\/p><h3>Sperlingstra\u00dfe in Gro\u00dfschwarzenlohe<\/h3><p>In Gro\u00dfschwarzenlohe drangen die Einbrecher dabei zwischen 18.15 Uhr am Freitag und 10.30 Uhr am Samstag \u00fcber ein K\u00fcchenfenster in ein Wohnhaus in der Sperlingstra\u00dfe ein, und gelangten dabei in den Besitz von Schmuck- und Wertgegenst\u00e4nde im Wert von mehreren hundert Euro, und verursachten au\u00dferdem einen Schaden in H\u00f6he von ca. 500 Euro.<\/p><h3>Sorger Weg in Gro\u00dfschwarzenlohe<\/h3><p>Im Sorger Wegin Gro\u00dfschwarzenlohe verschafften sich die unbekannten T\u00e4ter am Freitag zwischen 17.30 Uhr und 19.00 Uhr \u00fcber die Terrassent\u00fcr Zutritt in ein Einfamilienhaus. Die T\u00e4ter gelangten hier anscheinend nicht in den Besitz von Beute, richteten jedoch einen Schaden in H\u00f6he von ca. 1.000 Euro an.<\/p><h3>Nobelstra\u00dfe in Kleinschwarzenlohe<\/h3><p>Hier gelangten die Unbekannte am Freitag zwischen 13.00 Uhr und 22.40 Uhr \u00fcber das Wohnzimmerfenster eines Einfamilienhauses in das Anwesen, und durchsuchten daraufhin die Zimmer. Ob die T\u00e4ter bei dem Einbruch etwas erbeutet haben ist noch Gegenstand der Ermittlungen, zu beklagen ist bis jetzt jedenfalls ein hinterlassener Sachschaden in H\u00f6he von ca. 1.000 Euro.<\/p><h3>Rangaustra\u00dfe in Kleinschwarzenlohe<\/h3><p>Ein weiteren Einbruch fand in der Rangaustra\u00dfe in Kleinschwarzenlohe statt, wo die Einbrecher am Freitagabend in der Zeit von 17.45 Uhr bis 23.00 Uhr ein Fenster einschlugen, und Bargeld mitgehen lie\u00dfen, und einen Sachschaden in h\u00f6he von ca. 500 Euro verursachten.<\/p><h3>Polizei bittet um Mithilfe<\/h3><p>Anwohner und Passanten, die im angegebenen Zeitraum verd\u00e4chtige Beobachtungen gemacht haben, werden gebeten, diese dem Kriminaldauerdienst Mittelfranken unter der Rufnummer 0911-2112-3333 mitzuteilen. Auch vermeintlich noch so kleine und unwichtig erscheinende Informationen k\u00f6nnen dabei hilfreich f\u00fcr die Aufkl\u00e4rung sein.<\/p>\t\t\t\t\t\t<\/div>\n\t\t\t\t<\/div>\n\t\t\t\t<div class=\"elementor-element elementor-element-39c5f74 elementor-widget elementor-widget-google_maps\" data-id=\"39c5f74\" data-element_type=\"widget\" data-widget_type=\"google_maps.default\">\n\t\t\t\t<div class=\"elementor-widget-container\">\n\t\t\t\t\t<div class=\"elementor-custom-embed\">\n\t\t\t<iframe loading=\"lazy\"\n\t\t\t\t\tsrc=\"https:\/\/maps.google.com\/maps?q=Wendelstein%2C%20Deutschland&#038;t=m&#038;z=12&#038;output=embed&#038;iwloc=near\"\n\t\t\t\t\ttitle=\"Wendelstein, Deutschland\"\n\t\t\t\t\taria-label=\"Wendelstein, Deutschland\"\n\t\t\t><\/iframe>\n\t\t<\/div>\n\t\t\t\t<\/div>\n\t\t\t\t<\/div>\n\t\t\t\t\t<\/div>\n\t\t<\/div>\n\t\t\t\t<div class=\"elementor-column elementor-col-33 elementor-top-column elementor-element elementor-element-flkv3o5\" data-id=\"flkv3o5\" data-element_type=\"column\">\n\t\t\t<div class=\"elementor-widget-wrap elementor-element-populated\">\n\t\t\t\t\t\t<div class=\"elementor-element elementor-element-bpvimlk elementor-widget elementor-widget-image\" data-id=\"bpvimlk\" data-element_type=\"widget\" data-widget_type=\"image.default\">\n\t\t\t\t<div class=\"elementor-widget-container\">\n\t\t\t\t\t\t\t\t\t\t\t\t\t\t<a href=\"http:\/\/www.region-schwabach.de\/wordpress\/werben-auf-region-schwabach\/\" target=\"_blank\">\n\t\t\t\t\t\t\t<img fetchpriority=\"high\" decoding=\"async\" width=\"1024\" height=\"1024\" src=\"https:\/\/www.region-schwabach.de\/wordpress\/wp-content\/uploads\/2017\/06\/werbung8-1024x1024.png\" class=\"attachment-large size-large wp-image-2484\" alt=\"\" srcset=\"https:\/\/www.region-schwabach.de\/wordpress\/wp-content\/uploads\/2017\/06\/werbung8-1024x1024.png 1024w, https:\/\/www.region-schwabach.de\/wordpress\/wp-content\/uploads\/2017\/06\/werbung8-150x150.png 150w, https:\/\/www.region-schwabach.de\/wordpress\/wp-content\/uploads\/2017\/06\/werbung8-300x300.png 300w, https:\/\/www.region-schwabach.de\/wordpress\/wp-content\/uploads\/2017\/06\/werbung8-768x768.png 768w, https:\/\/www.region-schwabach.de\/wordpress\/wp-content\/uploads\/2017\/06\/werbung8-600x600.png 600w, https:\/\/www.region-schwabach.de\/wordpress\/wp-content\/uploads\/2017\/06\/werbung8.png 1200w\" sizes=\"(max-width: 1024px) 100vw, 1024px\" \/>\t\t\t\t\t\t\t\t<\/a>\n\t\t\t\t\t\t\t\t\t\t\t\t\t<\/div>\n\t\t\t\t<\/div>\n\t\t\t\t\t<\/div>\n\t\t<\/div>\n\t\t\t\t\t<\/div>\n\t\t<\/section>\n\t\t\t\t<\/div>\n\t\t","protected":false},"excerpt":{"rendered":"<div class=\"mh-excerpt\"><p>Mehrere Einbr\u00fcche in Wendelstein Schwabach &#8211; Von Freitag, den 23.02.2018, auf Samstag, den 24.02.2018, kam es im Gebiet Wendelstein (Landkreis Roth) zu insgesamt vier Einbr\u00fcchenbei denen die Kriminalpolizei Schwabach um Hinweise aus der Bev\u00f6lkerung bittet. <a class=\"mh-excerpt-more\" href=\"https:\/\/www.region-schwabach.de\/wordpress\/insgesamt-vier-einbrueche-in-haeuser-in-wendelstein\/\" title=\"Insgesamt vier Einbr\u00fcche in H\u00e4user in Wendelstein\">[&#8230;]<\/a><\/p>\n<\/div>","protected":false},"author":1,"featured_media":29688,"comment_status":"open","ping_status":"open","sticky":false,"template":"","format":"standard","meta":{"_cbd_carousel_blocks":"[]","footnotes":""},"categories":[15],"tags":[629,217,597,1892,1300,516,1530,3000,3002,1860,32,401,713,44,19,1939,2999,1100,31,2047,330,3001],"class_list":{"0":"post-29687","1":"post","2":"type-post","3":"status-publish","4":"format-standard","5":"has-post-thumbnail","7":"category-polizeimeldungen","8":"tag-bargeld","9":"tag-einbruch","10":"tag-einfamilienhaus","11":"tag-entwendungsschaden","12":"tag-ermittlungen","13":"tag-grossschwarzenlohe","14":"tag-kleinschwarzenlohe","15":"tag-kuechenfenster","16":"tag-nobelstrasse","17":"tag-rangaustrasse","18":"tag-roth","19":"tag-sachschaden","20":"tag-schaden","21":"tag-schmuck","22":"tag-schwabach","23":"tag-sorger-weg","24":"tag-sperlingstrasse","25":"tag-terrassentuer","26":"tag-wendelstein","27":"tag-wertgegenstaende","28":"tag-wohnhaus","29":"tag-wohnzimmerfenster"},"_links":{"self":[{"href":"https:\/\/www.region-schwabach.de\/wordpress\/wp-json\/wp\/v2\/posts\/29687","targetHints":{"allow":["GET"]}}],"collection":[{"href":"https:\/\/www.region-schwabach.de\/wordpress\/wp-json\/wp\/v2\/posts"}],"about":[{"href":"https:\/\/www.region-schwabach.de\/wordpress\/wp-json\/wp\/v2\/types\/post"}],"author":[{"embeddable":true,"href":"https:\/\/www.region-schwabach.de\/wordpress\/wp-json\/wp\/v2\/users\/1"}],"replies":[{"embeddable":true,"href":"https:\/\/www.region-schwabach.de\/wordpress\/wp-json\/wp\/v2\/comments?post=29687"}],"version-history":[{"count":0,"href":"https:\/\/www.region-schwabach.de\/wordpress\/wp-json\/wp\/v2\/posts\/29687\/revisions"}],"wp:featuredmedia":[{"embeddable":true,"href":"https:\/\/www.region-schwabach.de\/wordpress\/wp-json\/wp\/v2\/media\/29688"}],"wp:attachment":[{"href":"https:\/\/www.region-schwabach.de\/wordpress\/wp-json\/wp\/v2\/media?parent=29687"}],"wp:term":[{"taxonomy":"category","embeddable":true,"href":"https:\/\/www.region-schwabach.de\/wordpress\/wp-json\/wp\/v2\/categories?post=29687"},{"taxonomy":"post_tag","embeddable":true,"href":"https:\/\/www.region-schwabach.de\/wordpress\/wp-json\/wp\/v2\/tags?post=29687"}],"curies":[{"name":"wp","href":"https:\/\/api.w.org\/{rel}","templated":true}]}}