{"id":29844,"date":"2018-02-27T12:21:02","date_gmt":"2018-02-27T11:21:02","guid":{"rendered":"http:\/\/www.region-schwabach.de\/wordpress\/?p=29844"},"modified":"2018-02-27T12:35:09","modified_gmt":"2018-02-27T11:35:09","slug":"junge-frau-kommt-bei-buechenbach-von-der-fahrbahn-ab-und-faehrt-gegen-baum","status":"publish","type":"post","link":"https:\/\/www.region-schwabach.de\/wordpress\/junge-frau-kommt-bei-buechenbach-von-der-fahrbahn-ab-und-faehrt-gegen-baum\/","title":{"rendered":"Junge Frau kommt bei B\u00fcchenbach von der Fahrbahn ab und f\u00e4hrt gegen Baum"},"content":{"rendered":"\t\t<div data-elementor-type=\"wp-post\" data-elementor-id=\"29844\" class=\"elementor elementor-29844 elementor-bc-flex-widget\">\n\t\t\t\t\t\t<section class=\"elementor-section elementor-top-section elementor-element elementor-element-tlus4ia elementor-section-boxed elementor-section-height-default elementor-section-height-default\" data-id=\"tlus4ia\" data-element_type=\"section\">\n\t\t\t\t\t\t<div class=\"elementor-container elementor-column-gap-default\">\n\t\t\t\t\t<div class=\"elementor-column elementor-col-66 elementor-top-column elementor-element elementor-element-sphcucl\" data-id=\"sphcucl\" data-element_type=\"column\">\n\t\t\t<div class=\"elementor-widget-wrap elementor-element-populated\">\n\t\t\t\t\t\t<div class=\"elementor-element elementor-element-4f2h2af elementor-widget elementor-widget-text-editor\" data-id=\"4f2h2af\" data-element_type=\"widget\" data-widget_type=\"text-editor.default\">\n\t\t\t\t<div class=\"elementor-widget-container\">\n\t\t\t\t\t\t\t<h3>Von Fahrbahn abgekommen<\/h3><p>B\u00fcchenbach &#8211; Am Montagabend, den 26.02.2018, kam eine junge Frau\u00a0am B\u00fcchenbacher Weg, kurz nach der Lohm\u00fchle in Fahrtrichtung B\u00fcchenbach, gegen 22.00 Uhr von der Fahrbahn ab, und fuhr anschlie\u00dfend gegen einen Baum, wo die junge Frau kurze Zeit sp\u00e4ter bewusstlos aufgefunden wurde, und erst mit Hilfe der Feuerwehr aus ihrem Fahrzeug befreit werden konnte.<\/p><h3>Zun\u00e4chst das Schlimmste bef\u00fcrchtet<\/h3><p>Zun\u00e4chst wurde bef\u00fcrchtet, die Fahrerin k\u00f6nnte in Lebensgefahr schweben, schnell kristallisierte sich aber heraus, da\u00df die junge Frau bereits an irgendeiner Vorerkrankung leiden mu\u00dfte, da es aufgrund des Ermittlungen sehr unwahrscheinlich war, da\u00df sie das Bewusstsein erst bei dem Unfall verloren hatte.<\/p><h3>Krankenhaus gibt Entwarnung<\/h3><p>Gegen 4 Uhr morgens konnten die Beamten dann in Erfahrung bringen, da\u00df die junge Frau ihr Bewusstsein wieder erlangt hat, und auf eine normale Station im Krankenhaus verlegt werden konnte.<\/p>\t\t\t\t\t\t<\/div>\n\t\t\t\t<\/div>\n\t\t\t\t<div class=\"elementor-element elementor-element-39c5f74 elementor-widget elementor-widget-google_maps\" data-id=\"39c5f74\" data-element_type=\"widget\" data-widget_type=\"google_maps.default\">\n\t\t\t\t<div class=\"elementor-widget-container\">\n\t\t\t\t\t<div class=\"elementor-custom-embed\">\n\t\t\t<iframe loading=\"lazy\"\n\t\t\t\t\tsrc=\"https:\/\/maps.google.com\/maps?q=49.249539%2C%2011.079622&#038;t=m&#038;z=15&#038;output=embed&#038;iwloc=near\"\n\t\t\t\t\ttitle=\"49.249539, 11.079622\"\n\t\t\t\t\taria-label=\"49.249539, 11.079622\"\n\t\t\t><\/iframe>\n\t\t<\/div>\n\t\t\t\t<\/div>\n\t\t\t\t<\/div>\n\t\t\t\t\t<\/div>\n\t\t<\/div>\n\t\t\t\t<div class=\"elementor-column elementor-col-33 elementor-top-column elementor-element elementor-element-flkv3o5\" data-id=\"flkv3o5\" data-element_type=\"column\">\n\t\t\t<div class=\"elementor-widget-wrap elementor-element-populated\">\n\t\t\t\t\t\t<div class=\"elementor-element elementor-element-bpvimlk elementor-widget elementor-widget-image\" data-id=\"bpvimlk\" data-element_type=\"widget\" data-widget_type=\"image.default\">\n\t\t\t\t<div class=\"elementor-widget-container\">\n\t\t\t\t\t\t\t\t\t\t\t\t\t\t<a href=\"http:\/\/www.region-schwabach.de\/wordpress\/werben-auf-region-schwabach\/\" target=\"_blank\">\n\t\t\t\t\t\t\t<img fetchpriority=\"high\" decoding=\"async\" width=\"1024\" height=\"1024\" src=\"https:\/\/www.region-schwabach.de\/wordpress\/wp-content\/uploads\/2017\/06\/werbung8-1024x1024.png\" class=\"attachment-large size-large wp-image-2484\" alt=\"\" srcset=\"https:\/\/www.region-schwabach.de\/wordpress\/wp-content\/uploads\/2017\/06\/werbung8-1024x1024.png 1024w, https:\/\/www.region-schwabach.de\/wordpress\/wp-content\/uploads\/2017\/06\/werbung8-150x150.png 150w, https:\/\/www.region-schwabach.de\/wordpress\/wp-content\/uploads\/2017\/06\/werbung8-300x300.png 300w, https:\/\/www.region-schwabach.de\/wordpress\/wp-content\/uploads\/2017\/06\/werbung8-768x768.png 768w, https:\/\/www.region-schwabach.de\/wordpress\/wp-content\/uploads\/2017\/06\/werbung8-600x600.png 600w, https:\/\/www.region-schwabach.de\/wordpress\/wp-content\/uploads\/2017\/06\/werbung8.png 1200w\" sizes=\"(max-width: 1024px) 100vw, 1024px\" \/>\t\t\t\t\t\t\t\t<\/a>\n\t\t\t\t\t\t\t\t\t\t\t\t\t<\/div>\n\t\t\t\t<\/div>\n\t\t\t\t\t<\/div>\n\t\t<\/div>\n\t\t\t\t\t<\/div>\n\t\t<\/section>\n\t\t\t\t<\/div>\n\t\t","protected":false},"excerpt":{"rendered":"<div class=\"mh-excerpt\"><p>Von Fahrbahn abgekommen B\u00fcchenbach &#8211; Am Montagabend, den 26.02.2018, kam eine junge Frau\u00a0am B\u00fcchenbacher Weg, kurz nach der Lohm\u00fchle in Fahrtrichtung B\u00fcchenbach, gegen 22.00 Uhr von der Fahrbahn ab, und fuhr anschlie\u00dfend gegen einen Baum, <a class=\"mh-excerpt-more\" href=\"https:\/\/www.region-schwabach.de\/wordpress\/junge-frau-kommt-bei-buechenbach-von-der-fahrbahn-ab-und-faehrt-gegen-baum\/\" title=\"Junge Frau kommt bei B\u00fcchenbach von der Fahrbahn ab und f\u00e4hrt gegen Baum\">[&#8230;]<\/a><\/p>\n<\/div>","protected":false},"author":1,"featured_media":29845,"comment_status":"open","ping_status":"open","sticky":false,"template":"","format":"standard","meta":{"_cbd_carousel_blocks":"[]","footnotes":""},"categories":[15],"tags":[2305,905,492,3006,1906,2065,1856,3007,463,32,401,713,334],"class_list":{"0":"post-29844","1":"post","2":"type-post","3":"status-publish","4":"format-standard","5":"has-post-thumbnail","7":"category-polizeimeldungen","8":"tag-26-02-2018","9":"tag-baum","10":"tag-buechenbach","11":"tag-buechenbacher-weg","12":"tag-fahrbahn","13":"tag-frau","14":"tag-krankenhaus","15":"tag-lohmuehle","16":"tag-pkw","17":"tag-roth","18":"tag-sachschaden","19":"tag-schaden","20":"tag-unfall"},"_links":{"self":[{"href":"https:\/\/www.region-schwabach.de\/wordpress\/wp-json\/wp\/v2\/posts\/29844","targetHints":{"allow":["GET"]}}],"collection":[{"href":"https:\/\/www.region-schwabach.de\/wordpress\/wp-json\/wp\/v2\/posts"}],"about":[{"href":"https:\/\/www.region-schwabach.de\/wordpress\/wp-json\/wp\/v2\/types\/post"}],"author":[{"embeddable":true,"href":"https:\/\/www.region-schwabach.de\/wordpress\/wp-json\/wp\/v2\/users\/1"}],"replies":[{"embeddable":true,"href":"https:\/\/www.region-schwabach.de\/wordpress\/wp-json\/wp\/v2\/comments?post=29844"}],"version-history":[{"count":0,"href":"https:\/\/www.region-schwabach.de\/wordpress\/wp-json\/wp\/v2\/posts\/29844\/revisions"}],"wp:featuredmedia":[{"embeddable":true,"href":"https:\/\/www.region-schwabach.de\/wordpress\/wp-json\/wp\/v2\/media\/29845"}],"wp:attachment":[{"href":"https:\/\/www.region-schwabach.de\/wordpress\/wp-json\/wp\/v2\/media?parent=29844"}],"wp:term":[{"taxonomy":"category","embeddable":true,"href":"https:\/\/www.region-schwabach.de\/wordpress\/wp-json\/wp\/v2\/categories?post=29844"},{"taxonomy":"post_tag","embeddable":true,"href":"https:\/\/www.region-schwabach.de\/wordpress\/wp-json\/wp\/v2\/tags?post=29844"}],"curies":[{"name":"wp","href":"https:\/\/api.w.org\/{rel}","templated":true}]}}