{"id":29937,"date":"2018-02-18T09:37:30","date_gmt":"2018-02-18T08:37:30","guid":{"rendered":"http:\/\/www.region-schwabach.de\/wordpress\/?p=29937"},"modified":"2018-02-28T10:28:12","modified_gmt":"2018-02-28T09:28:12","slug":"buergerbeteiligung-zur-moeglichen-ausweisung-weiterer-bewohnerparkzonen","status":"publish","type":"post","link":"https:\/\/www.region-schwabach.de\/wordpress\/buergerbeteiligung-zur-moeglichen-ausweisung-weiterer-bewohnerparkzonen\/","title":{"rendered":"B\u00fcrgerbeteiligung zur m\u00f6glichen Ausweisung weiterer Bewohnerparkzonen"},"content":{"rendered":"\t\t<div data-elementor-type=\"wp-post\" data-elementor-id=\"29937\" class=\"elementor elementor-29937 elementor-bc-flex-widget\">\n\t\t\t\t\t\t<section class=\"elementor-section elementor-top-section elementor-element elementor-element-tlus4ia elementor-section-boxed elementor-section-height-default elementor-section-height-default\" data-id=\"tlus4ia\" data-element_type=\"section\">\n\t\t\t\t\t\t<div class=\"elementor-container elementor-column-gap-default\">\n\t\t\t\t\t<div class=\"elementor-column elementor-col-66 elementor-top-column elementor-element elementor-element-sphcucl\" data-id=\"sphcucl\" data-element_type=\"column\">\n\t\t\t<div class=\"elementor-widget-wrap elementor-element-populated\">\n\t\t\t\t\t\t<div class=\"elementor-element elementor-element-4f2h2af elementor-widget elementor-widget-text-editor\" data-id=\"4f2h2af\" data-element_type=\"widget\" data-widget_type=\"text-editor.default\">\n\t\t\t\t<div class=\"elementor-widget-container\">\n\t\t\t\t\t\t\t<h3>Ausweisung neuer Bewohnerparkzonen<\/h3><p>Schwabach &#8211; Von Montag, den 19. Februar 2018, bis Freitag, den 2. M\u00e4rz 2018 f\u00fchrt die Stadt Schwabach eine B\u00fcrgerbeteiligung \u00fcber eine m\u00f6gliche Ausweisung weiterer Bewohnerparkzonen durch.<\/p><h3>M\u00f6glichkeit zur \u00c4u\u00dferung<\/h3><p>Bis zum 2. M\u00e4rz haben betroffene B\u00fcrger die M\u00f6glichkeit sich zum Thema Bewohnerparken schriftlich zu \u00e4u\u00dfern. Dies ist wie folgt m\u00f6glich:<\/p><ul style=\"list-style-type: disc;\"><li>per Post an Stadt Schwabach, Amt f\u00fcr Stadtplanung und Bauordnung, Verkehrsplanung, Albrecht-Achilles-Stra\u00dfe 6-8, 91126 Schwabach<\/li><li>per Mail an\u00a0<a href=\"mailto:verkehrsplanung-buergerbeteiligung@schwabach.de\">verkehrsplanung-buergerbeteiligung@schwabach.de<\/a>\u00a0<\/li><\/ul><p><a href=\"http:\/\/www.schwabach.de\/\/de\/stadtverwaltung\/referat-4-stadtplanung-und-bauwesen\/5958-buergerbeteiligung-zum-bewohnerparken.html\" target=\"_blank\" rel=\"noopener\">Weitere Infos zum Thema finden Sie hier &#8230;<\/a><\/p>\t\t\t\t\t\t<\/div>\n\t\t\t\t<\/div>\n\t\t\t\t<div class=\"elementor-element elementor-element-39c5f74 elementor-widget elementor-widget-google_maps\" data-id=\"39c5f74\" data-element_type=\"widget\" data-widget_type=\"google_maps.default\">\n\t\t\t\t<div class=\"elementor-widget-container\">\n\t\t\t\t\t<div class=\"elementor-custom-embed\">\n\t\t\t<iframe loading=\"lazy\"\n\t\t\t\t\tsrc=\"https:\/\/maps.google.com\/maps?q=Schwabach%2C%20Deutschland&#038;t=m&#038;z=15&#038;output=embed&#038;iwloc=near\"\n\t\t\t\t\ttitle=\"Schwabach, Deutschland\"\n\t\t\t\t\taria-label=\"Schwabach, Deutschland\"\n\t\t\t><\/iframe>\n\t\t<\/div>\n\t\t\t\t<\/div>\n\t\t\t\t<\/div>\n\t\t\t\t\t<\/div>\n\t\t<\/div>\n\t\t\t\t<div class=\"elementor-column elementor-col-33 elementor-top-column elementor-element elementor-element-flkv3o5\" data-id=\"flkv3o5\" data-element_type=\"column\">\n\t\t\t<div class=\"elementor-widget-wrap elementor-element-populated\">\n\t\t\t\t\t\t<div class=\"elementor-element elementor-element-bpvimlk elementor-widget elementor-widget-image\" data-id=\"bpvimlk\" data-element_type=\"widget\" data-widget_type=\"image.default\">\n\t\t\t\t<div class=\"elementor-widget-container\">\n\t\t\t\t\t\t\t\t\t\t\t\t\t\t<a href=\"http:\/\/www.region-schwabach.de\/wordpress\/werben-auf-region-schwabach\/\" target=\"_blank\">\n\t\t\t\t\t\t\t<img fetchpriority=\"high\" decoding=\"async\" width=\"1024\" height=\"1024\" src=\"https:\/\/www.region-schwabach.de\/wordpress\/wp-content\/uploads\/2017\/06\/werbung8-1024x1024.png\" class=\"attachment-large size-large wp-image-2484\" alt=\"\" srcset=\"https:\/\/www.region-schwabach.de\/wordpress\/wp-content\/uploads\/2017\/06\/werbung8-1024x1024.png 1024w, https:\/\/www.region-schwabach.de\/wordpress\/wp-content\/uploads\/2017\/06\/werbung8-150x150.png 150w, https:\/\/www.region-schwabach.de\/wordpress\/wp-content\/uploads\/2017\/06\/werbung8-300x300.png 300w, https:\/\/www.region-schwabach.de\/wordpress\/wp-content\/uploads\/2017\/06\/werbung8-768x768.png 768w, https:\/\/www.region-schwabach.de\/wordpress\/wp-content\/uploads\/2017\/06\/werbung8-600x600.png 600w, https:\/\/www.region-schwabach.de\/wordpress\/wp-content\/uploads\/2017\/06\/werbung8.png 1200w\" sizes=\"(max-width: 1024px) 100vw, 1024px\" \/>\t\t\t\t\t\t\t\t<\/a>\n\t\t\t\t\t\t\t\t\t\t\t\t\t<\/div>\n\t\t\t\t<\/div>\n\t\t\t\t\t<\/div>\n\t\t<\/div>\n\t\t\t\t\t<\/div>\n\t\t<\/section>\n\t\t\t\t<\/div>\n\t\t","protected":false},"excerpt":{"rendered":"<div class=\"mh-excerpt\"><p>Ausweisung neuer Bewohnerparkzonen Schwabach &#8211; Von Montag, den 19. Februar 2018, bis Freitag, den 2. M\u00e4rz 2018 f\u00fchrt die Stadt Schwabach eine B\u00fcrgerbeteiligung \u00fcber eine m\u00f6gliche Ausweisung weiterer Bewohnerparkzonen durch. M\u00f6glichkeit zur \u00c4u\u00dferung Bis zum <a class=\"mh-excerpt-more\" href=\"https:\/\/www.region-schwabach.de\/wordpress\/buergerbeteiligung-zur-moeglichen-ausweisung-weiterer-bewohnerparkzonen\/\" title=\"B\u00fcrgerbeteiligung zur m\u00f6glichen Ausweisung weiterer Bewohnerparkzonen\">[&#8230;]<\/a><\/p>\n<\/div>","protected":false},"author":1,"featured_media":29938,"comment_status":"open","ping_status":"open","sticky":false,"template":"","format":"standard","meta":{"_cbd_carousel_blocks":"[]","footnotes":""},"categories":[16,1,79,61],"tags":[3013,3014,3011,2741,3010,593,3015,19,3012],"class_list":{"0":"post-29937","1":"post","2":"type-post","3":"status-publish","4":"format-standard","5":"has-post-thumbnail","7":"category-aktuell","8":"category-allgemein","9":"category-politik","10":"category-rathaus","11":"tag-ausweisung","12":"tag-bewohnerparkzonen","13":"tag-buergerbeteiligung","14":"tag-februar","15":"tag-maerz","16":"tag-parkplatz","17":"tag-parkraumbewirtschaftung","18":"tag-schwabach","19":"tag-stadt"},"_links":{"self":[{"href":"https:\/\/www.region-schwabach.de\/wordpress\/wp-json\/wp\/v2\/posts\/29937","targetHints":{"allow":["GET"]}}],"collection":[{"href":"https:\/\/www.region-schwabach.de\/wordpress\/wp-json\/wp\/v2\/posts"}],"about":[{"href":"https:\/\/www.region-schwabach.de\/wordpress\/wp-json\/wp\/v2\/types\/post"}],"author":[{"embeddable":true,"href":"https:\/\/www.region-schwabach.de\/wordpress\/wp-json\/wp\/v2\/users\/1"}],"replies":[{"embeddable":true,"href":"https:\/\/www.region-schwabach.de\/wordpress\/wp-json\/wp\/v2\/comments?post=29937"}],"version-history":[{"count":0,"href":"https:\/\/www.region-schwabach.de\/wordpress\/wp-json\/wp\/v2\/posts\/29937\/revisions"}],"wp:featuredmedia":[{"embeddable":true,"href":"https:\/\/www.region-schwabach.de\/wordpress\/wp-json\/wp\/v2\/media\/29938"}],"wp:attachment":[{"href":"https:\/\/www.region-schwabach.de\/wordpress\/wp-json\/wp\/v2\/media?parent=29937"}],"wp:term":[{"taxonomy":"category","embeddable":true,"href":"https:\/\/www.region-schwabach.de\/wordpress\/wp-json\/wp\/v2\/categories?post=29937"},{"taxonomy":"post_tag","embeddable":true,"href":"https:\/\/www.region-schwabach.de\/wordpress\/wp-json\/wp\/v2\/tags?post=29937"}],"curies":[{"name":"wp","href":"https:\/\/api.w.org\/{rel}","templated":true}]}}