{"id":30289,"date":"2018-03-04T09:55:47","date_gmt":"2018-03-04T08:55:47","guid":{"rendered":"http:\/\/www.region-schwabach.de\/wordpress\/?p=30289"},"modified":"2018-03-04T10:03:48","modified_gmt":"2018-03-04T09:03:48","slug":"drogenfahrt-ohne-fuehrerschein-in-schwabach","status":"publish","type":"post","link":"https:\/\/www.region-schwabach.de\/wordpress\/drogenfahrt-ohne-fuehrerschein-in-schwabach\/","title":{"rendered":"Drogenfahrt ohne F\u00fchrerschein in Schwabach"},"content":{"rendered":"\t\t<div data-elementor-type=\"wp-post\" data-elementor-id=\"30289\" class=\"elementor elementor-30289 elementor-bc-flex-widget\">\n\t\t\t\t\t\t<section class=\"elementor-section elementor-top-section elementor-element elementor-element-tlus4ia elementor-section-boxed elementor-section-height-default elementor-section-height-default\" data-id=\"tlus4ia\" data-element_type=\"section\">\n\t\t\t\t\t\t<div class=\"elementor-container elementor-column-gap-default\">\n\t\t\t\t\t<div class=\"elementor-column elementor-col-66 elementor-top-column elementor-element elementor-element-sphcucl\" data-id=\"sphcucl\" data-element_type=\"column\">\n\t\t\t<div class=\"elementor-widget-wrap elementor-element-populated\">\n\t\t\t\t\t\t<div class=\"elementor-element elementor-element-4f2h2af elementor-widget elementor-widget-text-editor\" data-id=\"4f2h2af\" data-element_type=\"widget\" data-widget_type=\"text-editor.default\">\n\t\t\t\t<div class=\"elementor-widget-container\">\n\t\t\t\t\t\t\t<h3>Mit Drogen, ohne F\u00fchrerschein<\/h3><p>Schwabach &#8211; In der Nacht von Samstag, den 03.03.2018, auf Sonntag, den 04.03.2018, f\u00fchrte die Polizei in der Innenstadt von Schwabach eine Verkehrskontrolle bei einem 50-j\u00e4hriger Pkw-Fahrer durch.<\/p><h3>Bet\u00e4ubungsmittel gefunden<\/h3><p>Im Laufe der Kontrolle stellten die Beamten fest, da\u00df der Fahrer unter Drogeneinflu\u00df unterwegs war, und auch eine kleine Menge Bet\u00e4ubungsmittel (Crystal) bei sich hatte.\u00a0Als ob das alles noch nicht genug w\u00e4re, stellte sich dann auch noch heraus, da\u00df dem 50 J\u00e4hrigen bereits die Fahrerlaubnis entzogen worden war.<\/p><h3>Strafverfahren eingeleitet<\/h3><p>Im Anschlu\u00df wurde eine Blutentnahme durchgef\u00fchrt, und da er bereits wiederholt ohne Fahrerlaubnis unterwegs war, wurde der Pkw auf Anordnung der Staatsanwaltschaft beschlagnahmt, und schlu\u00dfendlich ein Strafverfahren gegen den Mann eingeleitet.<\/p>\t\t\t\t\t\t<\/div>\n\t\t\t\t<\/div>\n\t\t\t\t<div class=\"elementor-element elementor-element-39c5f74 elementor-widget elementor-widget-google_maps\" data-id=\"39c5f74\" data-element_type=\"widget\" data-widget_type=\"google_maps.default\">\n\t\t\t\t<div class=\"elementor-widget-container\">\n\t\t\t\t\t<div class=\"elementor-custom-embed\">\n\t\t\t<iframe loading=\"lazy\"\n\t\t\t\t\tsrc=\"https:\/\/maps.google.com\/maps?q=Schwabach%2C%20Deutschland&#038;t=m&#038;z=14&#038;output=embed&#038;iwloc=near\"\n\t\t\t\t\ttitle=\"Schwabach, Deutschland\"\n\t\t\t\t\taria-label=\"Schwabach, Deutschland\"\n\t\t\t><\/iframe>\n\t\t<\/div>\n\t\t\t\t<\/div>\n\t\t\t\t<\/div>\n\t\t\t\t\t<\/div>\n\t\t<\/div>\n\t\t\t\t<div class=\"elementor-column elementor-col-33 elementor-top-column elementor-element elementor-element-flkv3o5\" data-id=\"flkv3o5\" data-element_type=\"column\">\n\t\t\t<div class=\"elementor-widget-wrap elementor-element-populated\">\n\t\t\t\t\t\t<div class=\"elementor-element elementor-element-bpvimlk elementor-widget elementor-widget-image\" data-id=\"bpvimlk\" data-element_type=\"widget\" data-widget_type=\"image.default\">\n\t\t\t\t<div class=\"elementor-widget-container\">\n\t\t\t\t\t\t\t\t\t\t\t\t\t\t<a href=\"http:\/\/www.region-schwabach.de\/wordpress\/werben-auf-region-schwabach\/\" target=\"_blank\">\n\t\t\t\t\t\t\t<img fetchpriority=\"high\" decoding=\"async\" width=\"1024\" height=\"1024\" src=\"https:\/\/www.region-schwabach.de\/wordpress\/wp-content\/uploads\/2017\/06\/werbung8-1024x1024.png\" class=\"attachment-large size-large wp-image-2484\" alt=\"\" srcset=\"https:\/\/www.region-schwabach.de\/wordpress\/wp-content\/uploads\/2017\/06\/werbung8-1024x1024.png 1024w, https:\/\/www.region-schwabach.de\/wordpress\/wp-content\/uploads\/2017\/06\/werbung8-150x150.png 150w, https:\/\/www.region-schwabach.de\/wordpress\/wp-content\/uploads\/2017\/06\/werbung8-300x300.png 300w, https:\/\/www.region-schwabach.de\/wordpress\/wp-content\/uploads\/2017\/06\/werbung8-768x768.png 768w, https:\/\/www.region-schwabach.de\/wordpress\/wp-content\/uploads\/2017\/06\/werbung8-600x600.png 600w, https:\/\/www.region-schwabach.de\/wordpress\/wp-content\/uploads\/2017\/06\/werbung8.png 1200w\" sizes=\"(max-width: 1024px) 100vw, 1024px\" \/>\t\t\t\t\t\t\t\t<\/a>\n\t\t\t\t\t\t\t\t\t\t\t\t\t<\/div>\n\t\t\t\t<\/div>\n\t\t\t\t\t<\/div>\n\t\t<\/div>\n\t\t\t\t\t<\/div>\n\t\t<\/section>\n\t\t\t\t<\/div>\n\t\t","protected":false},"excerpt":{"rendered":"<div class=\"mh-excerpt\"><p>Mit Drogen, ohne F\u00fchrerschein Schwabach &#8211; In der Nacht von Samstag, den 03.03.2018, auf Sonntag, den 04.03.2018, f\u00fchrte die Polizei in der Innenstadt von Schwabach eine Verkehrskontrolle bei einem 50-j\u00e4hriger Pkw-Fahrer durch. Bet\u00e4ubungsmittel gefunden Im <a class=\"mh-excerpt-more\" href=\"https:\/\/www.region-schwabach.de\/wordpress\/drogenfahrt-ohne-fuehrerschein-in-schwabach\/\" title=\"Drogenfahrt ohne F\u00fchrerschein in Schwabach\">[&#8230;]<\/a><\/p>\n<\/div>","protected":false},"author":1,"featured_media":30290,"comment_status":"open","ping_status":"open","sticky":false,"template":"","format":"standard","meta":{"_cbd_carousel_blocks":"[]","footnotes":""},"categories":[15],"tags":[2767,2768,1636,3041,701,388,2566,463,19,1078,39],"class_list":{"0":"post-30289","1":"post","2":"type-post","3":"status-publish","4":"format-standard","5":"has-post-thumbnail","7":"category-polizeimeldungen","8":"tag-03-03-2018","9":"tag-04-03-2018","10":"tag-blutentnahme","11":"tag-crystal","12":"tag-drogen","13":"tag-innenstadt","14":"tag-ohne-fahrerlaubnis","15":"tag-pkw","16":"tag-schwabach","17":"tag-strafverfahren","18":"tag-verkehrskontrolle"},"_links":{"self":[{"href":"https:\/\/www.region-schwabach.de\/wordpress\/wp-json\/wp\/v2\/posts\/30289","targetHints":{"allow":["GET"]}}],"collection":[{"href":"https:\/\/www.region-schwabach.de\/wordpress\/wp-json\/wp\/v2\/posts"}],"about":[{"href":"https:\/\/www.region-schwabach.de\/wordpress\/wp-json\/wp\/v2\/types\/post"}],"author":[{"embeddable":true,"href":"https:\/\/www.region-schwabach.de\/wordpress\/wp-json\/wp\/v2\/users\/1"}],"replies":[{"embeddable":true,"href":"https:\/\/www.region-schwabach.de\/wordpress\/wp-json\/wp\/v2\/comments?post=30289"}],"version-history":[{"count":0,"href":"https:\/\/www.region-schwabach.de\/wordpress\/wp-json\/wp\/v2\/posts\/30289\/revisions"}],"wp:featuredmedia":[{"embeddable":true,"href":"https:\/\/www.region-schwabach.de\/wordpress\/wp-json\/wp\/v2\/media\/30290"}],"wp:attachment":[{"href":"https:\/\/www.region-schwabach.de\/wordpress\/wp-json\/wp\/v2\/media?parent=30289"}],"wp:term":[{"taxonomy":"category","embeddable":true,"href":"https:\/\/www.region-schwabach.de\/wordpress\/wp-json\/wp\/v2\/categories?post=30289"},{"taxonomy":"post_tag","embeddable":true,"href":"https:\/\/www.region-schwabach.de\/wordpress\/wp-json\/wp\/v2\/tags?post=30289"}],"curies":[{"name":"wp","href":"https:\/\/api.w.org\/{rel}","templated":true}]}}