{"id":30297,"date":"2018-03-04T10:27:12","date_gmt":"2018-03-04T09:27:12","guid":{"rendered":"http:\/\/www.region-schwabach.de\/wordpress\/?p=30297"},"modified":"2018-03-04T10:48:06","modified_gmt":"2018-03-04T09:48:06","slug":"sattelzugfahrer-verursacht-unfall-in-greding-und-fluechtet-2","status":"publish","type":"post","link":"https:\/\/www.region-schwabach.de\/wordpress\/sattelzugfahrer-verursacht-unfall-in-greding-und-fluechtet-2\/","title":{"rendered":"Sattelzugfahrer verursacht Unfall in Greding und fl\u00fcchtet"},"content":{"rendered":"\t\t<div data-elementor-type=\"wp-post\" data-elementor-id=\"30297\" class=\"elementor elementor-30297 elementor-bc-flex-widget\">\n\t\t\t\t\t\t<section class=\"elementor-section elementor-top-section elementor-element elementor-element-tlus4ia elementor-section-boxed elementor-section-height-default elementor-section-height-default\" data-id=\"tlus4ia\" data-element_type=\"section\">\n\t\t\t\t\t\t<div class=\"elementor-container elementor-column-gap-default\">\n\t\t\t\t\t<div class=\"elementor-column elementor-col-66 elementor-top-column elementor-element elementor-element-sphcucl\" data-id=\"sphcucl\" data-element_type=\"column\">\n\t\t\t<div class=\"elementor-widget-wrap elementor-element-populated\">\n\t\t\t\t\t\t<div class=\"elementor-element elementor-element-4f2h2af elementor-widget elementor-widget-text-editor\" data-id=\"4f2h2af\" data-element_type=\"widget\" data-widget_type=\"text-editor.default\">\n\t\t\t\t<div class=\"elementor-widget-container\">\n\t\t\t\t\t\t\t<h3>Sattelzugfahrer verursacht Unfall und fl\u00fcchtet<\/h3><p>Greding &#8211; Am Samstagnachmittag, den 03.03.2018, verursachte ein LKW-Fahrer im Ortsteil Hausen mit seinem wei\u00dfen Sattelzug gegen 15.30 Uhr einen Unfall, als er bei einem Wendeman\u00f6ver r\u00fcckw\u00e4rts gegen eine Hecke und einen Pfosten fuhr.<\/p><h3>Hecke und Pfosten besch\u00e4digt<\/h3><p>Bei dem Versuch seinen LKW zu wenden, stie\u00df er r\u00fcckw\u00e4rts von der Talbrunnenstra\u00dfe in die Stra\u00dfe &#8222;Am Radweg&#8220;, und kam dabei mit seinem Sattelauflieger nach links von der Fahrbahn abk, und stie\u00df dort in eine Hecke und gegen einen Pfosten.<\/p><h3>Unerlaubt vom Unfallort entfernt<\/h3><p>Nachdem er sein Malheur bemerkte hatte, stieg er kurz aus, entfernte sich danach jedoch unerlaubt vom Unfallort, ohne sich um den entstanden Schaden in H\u00f6he von insgesamt ca. 250 Euro zu k\u00fcmmern.<\/p><h3>Polizei bittet um Mithilfe<\/h3><p>Personen, die verd\u00e4chtige Beobachtungen gemacht haben, werden gebeten, diese der Polizei in Hilpoltstein unter der Rufnummer 09174-4789-0 mitzuteilen.<\/p>\t\t\t\t\t\t<\/div>\n\t\t\t\t<\/div>\n\t\t\t\t<div class=\"elementor-element elementor-element-39c5f74 elementor-widget elementor-widget-google_maps\" data-id=\"39c5f74\" data-element_type=\"widget\" data-widget_type=\"google_maps.default\">\n\t\t\t\t<div class=\"elementor-widget-container\">\n\t\t\t\t\t<div class=\"elementor-custom-embed\">\n\t\t\t<iframe loading=\"lazy\"\n\t\t\t\t\tsrc=\"https:\/\/maps.google.com\/maps?q=Am%20Radweg%2C%20Hausen%2C%20Deutschland&#038;t=m&#038;z=15&#038;output=embed&#038;iwloc=near\"\n\t\t\t\t\ttitle=\"Am Radweg, Hausen, Deutschland\"\n\t\t\t\t\taria-label=\"Am Radweg, Hausen, Deutschland\"\n\t\t\t><\/iframe>\n\t\t<\/div>\n\t\t\t\t<\/div>\n\t\t\t\t<\/div>\n\t\t\t\t\t<\/div>\n\t\t<\/div>\n\t\t\t\t<div class=\"elementor-column elementor-col-33 elementor-top-column elementor-element elementor-element-flkv3o5\" data-id=\"flkv3o5\" data-element_type=\"column\">\n\t\t\t<div class=\"elementor-widget-wrap elementor-element-populated\">\n\t\t\t\t\t\t<div class=\"elementor-element elementor-element-bpvimlk elementor-widget elementor-widget-image\" data-id=\"bpvimlk\" data-element_type=\"widget\" data-widget_type=\"image.default\">\n\t\t\t\t<div class=\"elementor-widget-container\">\n\t\t\t\t\t\t\t\t\t\t\t\t\t\t<a href=\"http:\/\/www.region-schwabach.de\/wordpress\/werben-auf-region-schwabach\/\" target=\"_blank\">\n\t\t\t\t\t\t\t<img fetchpriority=\"high\" decoding=\"async\" width=\"1024\" height=\"1024\" src=\"https:\/\/www.region-schwabach.de\/wordpress\/wp-content\/uploads\/2017\/06\/werbung8-1024x1024.png\" class=\"attachment-large size-large wp-image-2484\" alt=\"\" srcset=\"https:\/\/www.region-schwabach.de\/wordpress\/wp-content\/uploads\/2017\/06\/werbung8-1024x1024.png 1024w, https:\/\/www.region-schwabach.de\/wordpress\/wp-content\/uploads\/2017\/06\/werbung8-150x150.png 150w, https:\/\/www.region-schwabach.de\/wordpress\/wp-content\/uploads\/2017\/06\/werbung8-300x300.png 300w, https:\/\/www.region-schwabach.de\/wordpress\/wp-content\/uploads\/2017\/06\/werbung8-768x768.png 768w, https:\/\/www.region-schwabach.de\/wordpress\/wp-content\/uploads\/2017\/06\/werbung8-600x600.png 600w, https:\/\/www.region-schwabach.de\/wordpress\/wp-content\/uploads\/2017\/06\/werbung8.png 1200w\" sizes=\"(max-width: 1024px) 100vw, 1024px\" \/>\t\t\t\t\t\t\t\t<\/a>\n\t\t\t\t\t\t\t\t\t\t\t\t\t<\/div>\n\t\t\t\t<\/div>\n\t\t\t\t\t<\/div>\n\t\t<\/div>\n\t\t\t\t\t<\/div>\n\t\t<\/section>\n\t\t\t\t<\/div>\n\t\t","protected":false},"excerpt":{"rendered":"<div class=\"mh-excerpt\"><p>Sattelzugfahrer verursacht Unfall und fl\u00fcchtet Greding &#8211; Am Samstagnachmittag, den 03.03.2018, verursachte ein LKW-Fahrer im Ortsteil Hausen mit seinem wei\u00dfen Sattelzug gegen 15.30 Uhr einen Unfall, als er bei einem Wendeman\u00f6ver r\u00fcckw\u00e4rts gegen eine Hecke <a class=\"mh-excerpt-more\" href=\"https:\/\/www.region-schwabach.de\/wordpress\/sattelzugfahrer-verursacht-unfall-in-greding-und-fluechtet-2\/\" title=\"Sattelzugfahrer verursacht Unfall in Greding und fl\u00fcchtet\">[&#8230;]<\/a><\/p>\n<\/div>","protected":false},"author":1,"featured_media":30298,"comment_status":"open","ping_status":"open","sticky":false,"template":"","format":"standard","meta":{"_cbd_carousel_blocks":"[]","footnotes":""},"categories":[15],"tags":[2767,3045,454,1354,3043,297,3047,261,3044,401,1103,713,3046,457],"class_list":{"0":"post-30297","1":"post","2":"type-post","3":"status-publish","4":"format-standard","5":"has-post-thumbnail","7":"category-polizeimeldungen","8":"tag-03-03-2018","9":"tag-am-radweg","10":"tag-fahrerflucht","11":"tag-greding","12":"tag-hecke","13":"tag-hilpoltstein","14":"tag-hinweisschild","15":"tag-lkw","16":"tag-pfosten","17":"tag-sachschaden","18":"tag-sattelzug","19":"tag-schaden","20":"tag-talbrunnenstrasse","21":"tag-unfallflucht"},"_links":{"self":[{"href":"https:\/\/www.region-schwabach.de\/wordpress\/wp-json\/wp\/v2\/posts\/30297","targetHints":{"allow":["GET"]}}],"collection":[{"href":"https:\/\/www.region-schwabach.de\/wordpress\/wp-json\/wp\/v2\/posts"}],"about":[{"href":"https:\/\/www.region-schwabach.de\/wordpress\/wp-json\/wp\/v2\/types\/post"}],"author":[{"embeddable":true,"href":"https:\/\/www.region-schwabach.de\/wordpress\/wp-json\/wp\/v2\/users\/1"}],"replies":[{"embeddable":true,"href":"https:\/\/www.region-schwabach.de\/wordpress\/wp-json\/wp\/v2\/comments?post=30297"}],"version-history":[{"count":0,"href":"https:\/\/www.region-schwabach.de\/wordpress\/wp-json\/wp\/v2\/posts\/30297\/revisions"}],"wp:featuredmedia":[{"embeddable":true,"href":"https:\/\/www.region-schwabach.de\/wordpress\/wp-json\/wp\/v2\/media\/30298"}],"wp:attachment":[{"href":"https:\/\/www.region-schwabach.de\/wordpress\/wp-json\/wp\/v2\/media?parent=30297"}],"wp:term":[{"taxonomy":"category","embeddable":true,"href":"https:\/\/www.region-schwabach.de\/wordpress\/wp-json\/wp\/v2\/categories?post=30297"},{"taxonomy":"post_tag","embeddable":true,"href":"https:\/\/www.region-schwabach.de\/wordpress\/wp-json\/wp\/v2\/tags?post=30297"}],"curies":[{"name":"wp","href":"https:\/\/api.w.org\/{rel}","templated":true}]}}