{"id":31046,"date":"2018-03-09T13:11:50","date_gmt":"2018-03-09T12:11:50","guid":{"rendered":"http:\/\/www.region-schwabach.de\/wordpress\/?p=31046"},"modified":"2018-03-09T13:19:30","modified_gmt":"2018-03-09T12:19:30","slug":"verfassungsfeindliche-symbole-an-baustelle-in-schwabach-angebracht","status":"publish","type":"post","link":"https:\/\/www.region-schwabach.de\/wordpress\/verfassungsfeindliche-symbole-an-baustelle-in-schwabach-angebracht\/","title":{"rendered":"Verfassungsfeindliche Symbole an Baustelle in Schwabach angebracht"},"content":{"rendered":"\t\t<div data-elementor-type=\"wp-post\" data-elementor-id=\"31046\" class=\"elementor elementor-31046 elementor-bc-flex-widget\">\n\t\t\t\t\t\t<section class=\"elementor-section elementor-top-section elementor-element elementor-element-tlus4ia elementor-section-boxed elementor-section-height-default elementor-section-height-default\" data-id=\"tlus4ia\" data-element_type=\"section\">\n\t\t\t\t\t\t<div class=\"elementor-container elementor-column-gap-default\">\n\t\t\t\t\t<div class=\"elementor-column elementor-col-66 elementor-top-column elementor-element elementor-element-sphcucl\" data-id=\"sphcucl\" data-element_type=\"column\">\n\t\t\t<div class=\"elementor-widget-wrap elementor-element-populated\">\n\t\t\t\t\t\t<div class=\"elementor-element elementor-element-4f2h2af elementor-widget elementor-widget-text-editor\" data-id=\"4f2h2af\" data-element_type=\"widget\" data-widget_type=\"text-editor.default\">\n\t\t\t\t<div class=\"elementor-widget-container\">\n\t\t\t\t\t\t\t<h3>Verfassungsfeindliche Symbole angebracht<\/h3><p>Schwabach &#8211; Ein bisher unbekannter T\u00e4ter hat am Donnerstag, den 08.03.2018, zwischen 10.00 Uhr und 13.30 Uhr an mehreren Stellen einer Baustelle in der Wittelsbacherstra\u00dfe in Schwabach verfassungsfeindliche Symbole angebracht.<\/p><h3>Sachschaden verursacht<\/h3><p>Der T\u00e4ter ritzte unter anderem den Ausspruch &#8222;Sieg Heil&#8220; in eine Fensterscheibe des ehemaligen Deutschen Gymnasiums welches derzeit saniert wird , und brachte au\u00dferdem an verschiedenen Stellen der Baustelle Hakenkreuze an. Dabei verursachte er einen Schaden in H\u00f6he von ca. 200 Euro.<\/p><h3>Polizei bittet um Mithilfe<\/h3><p>Anwohner und Passanten, die im angegebenen Zeitraum verd\u00e4chtige Beobachtungen gemacht haben, werden gebeten, diese dem Kriminaldauerdienst Mittelfranken unter der Rufnummer 0911-2112-3333 mitzuteilen. Auch vermeintlich noch so kleine und unwichtig erscheinende Informationen k\u00f6nnen dabei hilfreich f\u00fcr die Aufkl\u00e4rung sein.<\/p>\t\t\t\t\t\t<\/div>\n\t\t\t\t<\/div>\n\t\t\t\t<div class=\"elementor-element elementor-element-39c5f74 elementor-widget elementor-widget-google_maps\" data-id=\"39c5f74\" data-element_type=\"widget\" data-widget_type=\"google_maps.default\">\n\t\t\t\t<div class=\"elementor-widget-container\">\n\t\t\t\t\t<div class=\"elementor-custom-embed\">\n\t\t\t<iframe loading=\"lazy\"\n\t\t\t\t\tsrc=\"https:\/\/maps.google.com\/maps?q=Wittelsbacher%20Stra%C3%9Fe%2C%20Schwabach%2C%20Deutschland&#038;t=m&#038;z=16&#038;output=embed&#038;iwloc=near\"\n\t\t\t\t\ttitle=\"Wittelsbacher Stra\u00dfe, Schwabach, Deutschland\"\n\t\t\t\t\taria-label=\"Wittelsbacher Stra\u00dfe, Schwabach, Deutschland\"\n\t\t\t><\/iframe>\n\t\t<\/div>\n\t\t\t\t<\/div>\n\t\t\t\t<\/div>\n\t\t\t\t\t<\/div>\n\t\t<\/div>\n\t\t\t\t<div class=\"elementor-column elementor-col-33 elementor-top-column elementor-element elementor-element-flkv3o5\" data-id=\"flkv3o5\" data-element_type=\"column\">\n\t\t\t<div class=\"elementor-widget-wrap elementor-element-populated\">\n\t\t\t\t\t\t<div class=\"elementor-element elementor-element-bpvimlk elementor-widget elementor-widget-image\" data-id=\"bpvimlk\" data-element_type=\"widget\" data-widget_type=\"image.default\">\n\t\t\t\t<div class=\"elementor-widget-container\">\n\t\t\t\t\t\t\t\t\t\t\t\t\t\t<a href=\"http:\/\/www.region-schwabach.de\/wordpress\/werben-auf-region-schwabach\/\" target=\"_blank\">\n\t\t\t\t\t\t\t<img fetchpriority=\"high\" decoding=\"async\" width=\"1024\" height=\"1024\" src=\"https:\/\/www.region-schwabach.de\/wordpress\/wp-content\/uploads\/2017\/06\/werbung8-1024x1024.png\" class=\"attachment-large size-large wp-image-2484\" alt=\"\" srcset=\"https:\/\/www.region-schwabach.de\/wordpress\/wp-content\/uploads\/2017\/06\/werbung8-1024x1024.png 1024w, https:\/\/www.region-schwabach.de\/wordpress\/wp-content\/uploads\/2017\/06\/werbung8-150x150.png 150w, https:\/\/www.region-schwabach.de\/wordpress\/wp-content\/uploads\/2017\/06\/werbung8-300x300.png 300w, https:\/\/www.region-schwabach.de\/wordpress\/wp-content\/uploads\/2017\/06\/werbung8-768x768.png 768w, https:\/\/www.region-schwabach.de\/wordpress\/wp-content\/uploads\/2017\/06\/werbung8-600x600.png 600w, https:\/\/www.region-schwabach.de\/wordpress\/wp-content\/uploads\/2017\/06\/werbung8.png 1200w\" sizes=\"(max-width: 1024px) 100vw, 1024px\" \/>\t\t\t\t\t\t\t\t<\/a>\n\t\t\t\t\t\t\t\t\t\t\t\t\t<\/div>\n\t\t\t\t<\/div>\n\t\t\t\t\t<\/div>\n\t\t<\/div>\n\t\t\t\t\t<\/div>\n\t\t<\/section>\n\t\t\t\t<\/div>\n\t\t","protected":false},"excerpt":{"rendered":"<div class=\"mh-excerpt\"><p>Verfassungsfeindliche Symbole angebracht Schwabach &#8211; Ein bisher unbekannter T\u00e4ter hat am Donnerstag, den 08.03.2018, zwischen 10.00 Uhr und 13.30 Uhr an mehreren Stellen einer Baustelle in der Wittelsbacherstra\u00dfe in Schwabach verfassungsfeindliche Symbole angebracht. Sachschaden verursacht <a class=\"mh-excerpt-more\" href=\"https:\/\/www.region-schwabach.de\/wordpress\/verfassungsfeindliche-symbole-an-baustelle-in-schwabach-angebracht\/\" title=\"Verfassungsfeindliche Symbole an Baustelle in Schwabach angebracht\">[&#8230;]<\/a><\/p>\n<\/div>","protected":false},"author":1,"featured_media":31047,"comment_status":"open","ping_status":"open","sticky":false,"template":"","format":"standard","meta":{"_cbd_carousel_blocks":"[]","footnotes":""},"categories":[15],"tags":[2772,526,3078,1300,573,401,713,19,3079,2678],"class_list":{"0":"post-31046","1":"post","2":"type-post","3":"status-publish","4":"format-standard","5":"has-post-thumbnail","7":"category-polizeimeldungen","8":"tag-08-03-2018","9":"tag-baustelle","10":"tag-deutsches-gymnasium","11":"tag-ermittlungen","12":"tag-fenster","13":"tag-sachschaden","14":"tag-schaden","15":"tag-schwabach","16":"tag-verfassungsfeindliche-symbole","17":"tag-wittelsbacherstrasse"},"_links":{"self":[{"href":"https:\/\/www.region-schwabach.de\/wordpress\/wp-json\/wp\/v2\/posts\/31046","targetHints":{"allow":["GET"]}}],"collection":[{"href":"https:\/\/www.region-schwabach.de\/wordpress\/wp-json\/wp\/v2\/posts"}],"about":[{"href":"https:\/\/www.region-schwabach.de\/wordpress\/wp-json\/wp\/v2\/types\/post"}],"author":[{"embeddable":true,"href":"https:\/\/www.region-schwabach.de\/wordpress\/wp-json\/wp\/v2\/users\/1"}],"replies":[{"embeddable":true,"href":"https:\/\/www.region-schwabach.de\/wordpress\/wp-json\/wp\/v2\/comments?post=31046"}],"version-history":[{"count":0,"href":"https:\/\/www.region-schwabach.de\/wordpress\/wp-json\/wp\/v2\/posts\/31046\/revisions"}],"wp:featuredmedia":[{"embeddable":true,"href":"https:\/\/www.region-schwabach.de\/wordpress\/wp-json\/wp\/v2\/media\/31047"}],"wp:attachment":[{"href":"https:\/\/www.region-schwabach.de\/wordpress\/wp-json\/wp\/v2\/media?parent=31046"}],"wp:term":[{"taxonomy":"category","embeddable":true,"href":"https:\/\/www.region-schwabach.de\/wordpress\/wp-json\/wp\/v2\/categories?post=31046"},{"taxonomy":"post_tag","embeddable":true,"href":"https:\/\/www.region-schwabach.de\/wordpress\/wp-json\/wp\/v2\/tags?post=31046"}],"curies":[{"name":"wp","href":"https:\/\/api.w.org\/{rel}","templated":true}]}}