{"id":31233,"date":"2018-03-11T12:07:33","date_gmt":"2018-03-11T11:07:33","guid":{"rendered":"http:\/\/www.region-schwabach.de\/wordpress\/?p=31233"},"modified":"2018-03-11T12:26:30","modified_gmt":"2018-03-11T11:26:30","slug":"jugendliche-verletzen-zwei-polizeibeamte-bei-kontrolle-in-schwabach","status":"publish","type":"post","link":"https:\/\/www.region-schwabach.de\/wordpress\/jugendliche-verletzen-zwei-polizeibeamte-bei-kontrolle-in-schwabach\/","title":{"rendered":"Jugendliche verletzen zwei Polizeibeamte bei Kontrolle in Schwabach"},"content":{"rendered":"\t\t<div data-elementor-type=\"wp-post\" data-elementor-id=\"31233\" class=\"elementor elementor-31233 elementor-bc-flex-widget\">\n\t\t\t\t\t\t<section class=\"elementor-section elementor-top-section elementor-element elementor-element-tlus4ia elementor-section-boxed elementor-section-height-default elementor-section-height-default\" data-id=\"tlus4ia\" data-element_type=\"section\">\n\t\t\t\t\t\t<div class=\"elementor-container elementor-column-gap-default\">\n\t\t\t\t\t<div class=\"elementor-column elementor-col-66 elementor-top-column elementor-element elementor-element-sphcucl\" data-id=\"sphcucl\" data-element_type=\"column\">\n\t\t\t<div class=\"elementor-widget-wrap elementor-element-populated\">\n\t\t\t\t\t\t<div class=\"elementor-element elementor-element-4f2h2af elementor-widget elementor-widget-text-editor\" data-id=\"4f2h2af\" data-element_type=\"widget\" data-widget_type=\"text-editor.default\">\n\t\t\t\t<div class=\"elementor-widget-container\">\n\t\t\t\t\t\t\t<h3>Polizeibeamte angegriffen und verletzt<\/h3><p>Schwabach &#8211;\u00a0Am sp\u00e4ten Freitagabend, den 09.03.2018, wurden zwei Polizeibeamte in Schwabach-Limbach bei einem Einsatz von Jugendlichen angegriffen und verletzt, beide Beamte sind seitdem dienstunf\u00e4hig.<\/p><h3>Einsatz an S-Banh-Haltestelle in Schwabach-Limbach<\/h3><p>Gegen 22.30 Uhr wurde die Polizei dar\u00fcber informiert, da\u00df in einer S-Bahn vier Jugendliche arabischen Aussehens randalieren sollen, woraufhin eine Streifenbesatzung der Schwabacher Polizeiinspektion zum Einsatz an der S-Bahn-Haltestelle Schwabach-Limbach ausr\u00fcckte, wo sie die vier Jugendlichen auch antreffen und einer Kontrolle unterziehen konnten.<\/p><h3>Jugendliche treten \u00e4u\u00dferst aggressiv auf<\/h3><p>Bei dieser Kontrolle zeigten sich die 16 &#8211; 18-j\u00e4hrigen m\u00e4nnlichen Personen aus einer\u00a0 Gemeinschaftsunterkunft jedoch sehr aggressiv und verweigerten die Herausgabe ihrer Ausweisdokumente, und ein 16 J\u00e4hriger sowie ein 18 J\u00e4hriger griffen einen Polizeibeamten unvermittelt an, und schlugen mit den F\u00e4usten gegen seinen Kopf, wobei einer der Jugendlichen dem Beamten sogar einen Kopfsto\u00df versetzte.<\/p><h3>Zwei Beamte dienstunf\u00e4hig<\/h3><p>Durch den Angriff wurde der Beamte so schwer verletzt, da\u00df er seinen Dienst vorzeitig beenden mu\u00dfte. Im Verlauf der Festnahme kam eine weitere Beamtin zu Sturz und erlitt dabei eine R\u00fccken- und Stei\u00dfbeinprellung, und musste ihren Dienst deshalb ebenfalls vorzeitig beenden.<\/p><h3>Jugendliche m\u00fcssen ausgen\u00fcchtert werden<\/h3><p>Unter Einsatz einer weiteren Streifenbesatzung konnte die Situation schlie\u00dflich unter Kontrolle gebracht, und die stark alkoholisierten Jugendlichen festgenommen werden. Die\u00a0beiden Angreifer m\u00fcssen nun u.a. mit Strafanzeigen wegen Widerstands gegen Vollstreckungsbeamte und gef\u00e4hrlicher K\u00f6rperverletzung rechnen. Alle Beteiligten wurden nach ihren Ausn\u00fcchterung wieder entlassen, der 16 J\u00e4hrige wurde seinem zust\u00e4ndigen Sozialarbeiter \u00fcbergeben.<\/p>\t\t\t\t\t\t<\/div>\n\t\t\t\t<\/div>\n\t\t\t\t<div class=\"elementor-element elementor-element-39c5f74 elementor-widget elementor-widget-google_maps\" data-id=\"39c5f74\" data-element_type=\"widget\" data-widget_type=\"google_maps.default\">\n\t\t\t\t<div class=\"elementor-widget-container\">\n\t\t\t\t\t<div class=\"elementor-custom-embed\">\n\t\t\t<iframe loading=\"lazy\"\n\t\t\t\t\tsrc=\"https:\/\/maps.google.com\/maps?q=49.338745%2C%2011.044836&#038;t=m&#038;z=16&#038;output=embed&#038;iwloc=near\"\n\t\t\t\t\ttitle=\"49.338745, 11.044836\"\n\t\t\t\t\taria-label=\"49.338745, 11.044836\"\n\t\t\t><\/iframe>\n\t\t<\/div>\n\t\t\t\t<\/div>\n\t\t\t\t<\/div>\n\t\t\t\t\t<\/div>\n\t\t<\/div>\n\t\t\t\t<div class=\"elementor-column elementor-col-33 elementor-top-column elementor-element elementor-element-flkv3o5\" data-id=\"flkv3o5\" data-element_type=\"column\">\n\t\t\t<div class=\"elementor-widget-wrap elementor-element-populated\">\n\t\t\t\t\t\t<div class=\"elementor-element elementor-element-bpvimlk elementor-widget elementor-widget-image\" data-id=\"bpvimlk\" data-element_type=\"widget\" data-widget_type=\"image.default\">\n\t\t\t\t<div class=\"elementor-widget-container\">\n\t\t\t\t\t\t\t\t\t\t\t\t\t\t<a href=\"http:\/\/www.region-schwabach.de\/wordpress\/werben-auf-region-schwabach\/\" target=\"_blank\">\n\t\t\t\t\t\t\t<img fetchpriority=\"high\" decoding=\"async\" width=\"1024\" height=\"1024\" src=\"https:\/\/www.region-schwabach.de\/wordpress\/wp-content\/uploads\/2017\/06\/werbung8-1024x1024.png\" class=\"attachment-large size-large wp-image-2484\" alt=\"\" srcset=\"https:\/\/www.region-schwabach.de\/wordpress\/wp-content\/uploads\/2017\/06\/werbung8-1024x1024.png 1024w, https:\/\/www.region-schwabach.de\/wordpress\/wp-content\/uploads\/2017\/06\/werbung8-150x150.png 150w, https:\/\/www.region-schwabach.de\/wordpress\/wp-content\/uploads\/2017\/06\/werbung8-300x300.png 300w, https:\/\/www.region-schwabach.de\/wordpress\/wp-content\/uploads\/2017\/06\/werbung8-768x768.png 768w, https:\/\/www.region-schwabach.de\/wordpress\/wp-content\/uploads\/2017\/06\/werbung8-600x600.png 600w, https:\/\/www.region-schwabach.de\/wordpress\/wp-content\/uploads\/2017\/06\/werbung8.png 1200w\" sizes=\"(max-width: 1024px) 100vw, 1024px\" \/>\t\t\t\t\t\t\t\t<\/a>\n\t\t\t\t\t\t\t\t\t\t\t\t\t<\/div>\n\t\t\t\t<\/div>\n\t\t\t\t\t<\/div>\n\t\t<\/div>\n\t\t\t\t\t<\/div>\n\t\t<\/section>\n\t\t\t\t<\/div>\n\t\t","protected":false},"excerpt":{"rendered":"<div class=\"mh-excerpt\"><p>Polizeibeamte angegriffen und verletzt Schwabach &#8211;\u00a0Am sp\u00e4ten Freitagabend, den 09.03.2018, wurden zwei Polizeibeamte in Schwabach-Limbach bei einem Einsatz von Jugendlichen angegriffen und verletzt, beide Beamte sind seitdem dienstunf\u00e4hig. Einsatz an S-Banh-Haltestelle in Schwabach-Limbach Gegen 22.30 <a class=\"mh-excerpt-more\" href=\"https:\/\/www.region-schwabach.de\/wordpress\/jugendliche-verletzen-zwei-polizeibeamte-bei-kontrolle-in-schwabach\/\" title=\"Jugendliche verletzen zwei Polizeibeamte bei Kontrolle in Schwabach\">[&#8230;]<\/a><\/p>\n<\/div>","protected":false},"author":1,"featured_media":31234,"comment_status":"open","ping_status":"open","sticky":false,"template":"","format":"standard","meta":{"_cbd_carousel_blocks":"[]","footnotes":""},"categories":[15],"tags":[2773,3096,43,3098,3093,3097,488,515,210,3099,3095,19,3094,2726,776],"class_list":{"0":"post-31233","1":"post","2":"type-post","3":"status-publish","4":"format-standard","5":"has-post-thumbnail","7":"category-polizeimeldungen","8":"tag-09-03-2018","9":"tag-aggressiv","10":"tag-festnahme","11":"tag-gesichtsbereich","12":"tag-haltestelle","13":"tag-herausgabe-der-ausweisdokumente","14":"tag-jugendliche","15":"tag-koerperverletzung","16":"tag-limbach","17":"tag-ruecken-und-steissbeinprellung","18":"tag-s-bahn","19":"tag-schwabach","20":"tag-schwabach-limbach","21":"tag-streifenbesatzung","22":"tag-verletzung"},"_links":{"self":[{"href":"https:\/\/www.region-schwabach.de\/wordpress\/wp-json\/wp\/v2\/posts\/31233","targetHints":{"allow":["GET"]}}],"collection":[{"href":"https:\/\/www.region-schwabach.de\/wordpress\/wp-json\/wp\/v2\/posts"}],"about":[{"href":"https:\/\/www.region-schwabach.de\/wordpress\/wp-json\/wp\/v2\/types\/post"}],"author":[{"embeddable":true,"href":"https:\/\/www.region-schwabach.de\/wordpress\/wp-json\/wp\/v2\/users\/1"}],"replies":[{"embeddable":true,"href":"https:\/\/www.region-schwabach.de\/wordpress\/wp-json\/wp\/v2\/comments?post=31233"}],"version-history":[{"count":0,"href":"https:\/\/www.region-schwabach.de\/wordpress\/wp-json\/wp\/v2\/posts\/31233\/revisions"}],"wp:featuredmedia":[{"embeddable":true,"href":"https:\/\/www.region-schwabach.de\/wordpress\/wp-json\/wp\/v2\/media\/31234"}],"wp:attachment":[{"href":"https:\/\/www.region-schwabach.de\/wordpress\/wp-json\/wp\/v2\/media?parent=31233"}],"wp:term":[{"taxonomy":"category","embeddable":true,"href":"https:\/\/www.region-schwabach.de\/wordpress\/wp-json\/wp\/v2\/categories?post=31233"},{"taxonomy":"post_tag","embeddable":true,"href":"https:\/\/www.region-schwabach.de\/wordpress\/wp-json\/wp\/v2\/tags?post=31233"}],"curies":[{"name":"wp","href":"https:\/\/api.w.org\/{rel}","templated":true}]}}