{"id":31526,"date":"2018-03-13T12:14:09","date_gmt":"2018-03-13T11:14:09","guid":{"rendered":"http:\/\/www.region-schwabach.de\/wordpress\/?p=31526"},"modified":"2018-03-13T12:39:17","modified_gmt":"2018-03-13T11:39:17","slug":"gilde-der-marktschreier-vom-14-maerz-bis-17-maerz-auf-dem-martin-luther-platz-in-schwabach","status":"publish","type":"post","link":"https:\/\/www.region-schwabach.de\/wordpress\/gilde-der-marktschreier-vom-14-maerz-bis-17-maerz-auf-dem-martin-luther-platz-in-schwabach\/","title":{"rendered":"Gilde der Marktschreier vom 14. M\u00e4rz bis 17. M\u00e4rz auf dem Martin-Luther-Platz in Schwabach"},"content":{"rendered":"\t\t<div data-elementor-type=\"wp-post\" data-elementor-id=\"31526\" class=\"elementor elementor-31526 elementor-bc-flex-widget\">\n\t\t\t\t\t\t<section class=\"elementor-section elementor-top-section elementor-element elementor-element-tlus4ia elementor-section-boxed elementor-section-height-default elementor-section-height-default\" data-id=\"tlus4ia\" data-element_type=\"section\">\n\t\t\t\t\t\t<div class=\"elementor-container elementor-column-gap-default\">\n\t\t\t\t\t<div class=\"elementor-column elementor-col-66 elementor-top-column elementor-element elementor-element-sphcucl\" data-id=\"sphcucl\" data-element_type=\"column\">\n\t\t\t<div class=\"elementor-widget-wrap elementor-element-populated\">\n\t\t\t\t\t\t<div class=\"elementor-element elementor-element-4f2h2af elementor-widget elementor-widget-text-editor\" data-id=\"4f2h2af\" data-element_type=\"widget\" data-widget_type=\"text-editor.default\">\n\t\t\t\t<div class=\"elementor-widget-container\">\n\t\t\t\t\t\t\t<h3>Gilde der Marktschreier zu Besuch in Schwabach<\/h3><p>Schwabach &#8211;\u00a0Von Mittwoch, den 14.03.2018, bis Samstag, den 17.03.2018, ist es wieder so weit, die Gilde der Marktschreier verwandelt den Martin-Luther-Platz in Schwabach wie jedes Jahr wieder f\u00fcr vier Tage t\u00e4glich von 10.00 Uhr bis 19.00 Uhr in &#8222;Klein-Hamburg&#8220;, wenn sie ihre Waren lauthals aus den vollgeladenen LKWs heraus anbieten.<\/p><h3>Dieses Mal u.a. dabei:<\/h3><ul style=\"list-style-type: disc;\"><li>Aal-Ole\u00a0(das Original vom Hamburger Fischmarkt)<\/li><li>Bananen-Matthes\u00a0(nicht aus dem Urald, aber trotzdem tierisch gut)<\/li><li>Gew\u00fcrze Uwe\u00a0(der einzige Marktschreier aus dem bayerischen Raum)<\/li><li>K\u00e4se Alex\u00a0(der j\u00fcngste Marktschreier Deutschlands)<\/li><li>Milka Micha\u00a0(nicht lila, aber trotzdem sehenswert)<\/li><li>Nudel Dieter\u00a0(das Original aus dem Ruhrpott)<\/li><li>Taschen Hinnerk\u00a0(das Grauen f\u00fcr alle M\u00e4nner in Begleitung ihrer Frauen)<\/li><li>Wurst Achim\u00a0(amtierender Deutscher Meister der Marktschreier, bekannt auch aus dem Fernsehen)<\/li><\/ul><h3>Auch f\u00fcr leibliches Wohl ist gesorgt<\/h3><p>F\u00fcr das leibliche Wohl der Besucher sorgen zahlreiche Imbiss- und Getr\u00e4nkest\u00e4nde, z. B. Crepes, Delikatessen von der Waterkant, m\u00fcnsterl\u00e4ndische Spezialit\u00e4ten, Reibekuchen, usw.<\/p><h3>Offizielle Er\u00f6ffnung um 11.00 Uhr<\/h3><p>Die offizielle Er\u00f6ffnung findet am Mittwoch, den 14.03.2018 um 11.00 Uhr statt.\u00a0Dann gibt es ein original Marktschreier Fr\u00fchst\u00fcck mit\u00a0 Matjesverkostung und Freibier f\u00fcr alle anwesenden G\u00e4ste.<\/p><p>\u00a0<\/p>\t\t\t\t\t\t<\/div>\n\t\t\t\t<\/div>\n\t\t\t\t<div class=\"elementor-element elementor-element-39c5f74 elementor-widget elementor-widget-google_maps\" data-id=\"39c5f74\" data-element_type=\"widget\" data-widget_type=\"google_maps.default\">\n\t\t\t\t<div class=\"elementor-widget-container\">\n\t\t\t\t\t<div class=\"elementor-custom-embed\">\n\t\t\t<iframe loading=\"lazy\"\n\t\t\t\t\tsrc=\"https:\/\/maps.google.com\/maps?q=Martin-Luther-Platz%2C%20Schwabach%2C%20Deutschland&#038;t=m&#038;z=18&#038;output=embed&#038;iwloc=near\"\n\t\t\t\t\ttitle=\"Martin-Luther-Platz, Schwabach, Deutschland\"\n\t\t\t\t\taria-label=\"Martin-Luther-Platz, Schwabach, Deutschland\"\n\t\t\t><\/iframe>\n\t\t<\/div>\n\t\t\t\t<\/div>\n\t\t\t\t<\/div>\n\t\t\t\t\t<\/div>\n\t\t<\/div>\n\t\t\t\t<div class=\"elementor-column elementor-col-33 elementor-top-column elementor-element elementor-element-flkv3o5\" data-id=\"flkv3o5\" data-element_type=\"column\">\n\t\t\t<div class=\"elementor-widget-wrap elementor-element-populated\">\n\t\t\t\t\t\t<div class=\"elementor-element elementor-element-bpvimlk elementor-widget elementor-widget-image\" data-id=\"bpvimlk\" data-element_type=\"widget\" data-widget_type=\"image.default\">\n\t\t\t\t<div class=\"elementor-widget-container\">\n\t\t\t\t\t\t\t\t\t\t\t\t\t\t<a href=\"http:\/\/www.region-schwabach.de\/wordpress\/werben-auf-region-schwabach\/\" target=\"_blank\">\n\t\t\t\t\t\t\t<img fetchpriority=\"high\" decoding=\"async\" width=\"1024\" height=\"1024\" src=\"https:\/\/www.region-schwabach.de\/wordpress\/wp-content\/uploads\/2017\/06\/werbung8-1024x1024.png\" class=\"attachment-large size-large wp-image-2484\" alt=\"\" srcset=\"https:\/\/www.region-schwabach.de\/wordpress\/wp-content\/uploads\/2017\/06\/werbung8-1024x1024.png 1024w, https:\/\/www.region-schwabach.de\/wordpress\/wp-content\/uploads\/2017\/06\/werbung8-150x150.png 150w, https:\/\/www.region-schwabach.de\/wordpress\/wp-content\/uploads\/2017\/06\/werbung8-300x300.png 300w, https:\/\/www.region-schwabach.de\/wordpress\/wp-content\/uploads\/2017\/06\/werbung8-768x768.png 768w, https:\/\/www.region-schwabach.de\/wordpress\/wp-content\/uploads\/2017\/06\/werbung8-600x600.png 600w, https:\/\/www.region-schwabach.de\/wordpress\/wp-content\/uploads\/2017\/06\/werbung8.png 1200w\" sizes=\"(max-width: 1024px) 100vw, 1024px\" \/>\t\t\t\t\t\t\t\t<\/a>\n\t\t\t\t\t\t\t\t\t\t\t\t\t<\/div>\n\t\t\t\t<\/div>\n\t\t\t\t\t<\/div>\n\t\t<\/div>\n\t\t\t\t\t<\/div>\n\t\t<\/section>\n\t\t\t\t<\/div>\n\t\t","protected":false},"excerpt":{"rendered":"<div class=\"mh-excerpt\"><p>Gilde der Marktschreier zu Besuch in Schwabach Schwabach &#8211;\u00a0Von Mittwoch, den 14.03.2018, bis Samstag, den 17.03.2018, ist es wieder so weit, die Gilde der Marktschreier verwandelt den Martin-Luther-Platz in Schwabach wie jedes Jahr wieder f\u00fcr <a class=\"mh-excerpt-more\" href=\"https:\/\/www.region-schwabach.de\/wordpress\/gilde-der-marktschreier-vom-14-maerz-bis-17-maerz-auf-dem-martin-luther-platz-in-schwabach\/\" title=\"Gilde der Marktschreier vom 14. M\u00e4rz bis 17. M\u00e4rz auf dem Martin-Luther-Platz in Schwabach\">[&#8230;]<\/a><\/p>\n<\/div>","protected":false},"author":1,"featured_media":31527,"comment_status":"open","ping_status":"open","sticky":false,"template":"","format":"standard","meta":{"_cbd_carousel_blocks":"[]","footnotes":""},"categories":[16,1,78,287],"tags":[2777,2778,2779,2780,3125,3124,523,19,3126],"class_list":{"0":"post-31526","1":"post","2":"type-post","3":"status-publish","4":"format-standard","5":"has-post-thumbnail","7":"category-aktuell","8":"category-allgemein","9":"category-handel-und-wirtschaft","10":"category-jugend-und-familie","11":"tag-14-03-2018","12":"tag-15-03-2018","13":"tag-16-03-2018","14":"tag-17-03-2018","15":"tag-klein-hamburg","16":"tag-marktschreier","17":"tag-martin-luther-platz","18":"tag-schwabach","19":"tag-verkaufsstaende"},"_links":{"self":[{"href":"https:\/\/www.region-schwabach.de\/wordpress\/wp-json\/wp\/v2\/posts\/31526","targetHints":{"allow":["GET"]}}],"collection":[{"href":"https:\/\/www.region-schwabach.de\/wordpress\/wp-json\/wp\/v2\/posts"}],"about":[{"href":"https:\/\/www.region-schwabach.de\/wordpress\/wp-json\/wp\/v2\/types\/post"}],"author":[{"embeddable":true,"href":"https:\/\/www.region-schwabach.de\/wordpress\/wp-json\/wp\/v2\/users\/1"}],"replies":[{"embeddable":true,"href":"https:\/\/www.region-schwabach.de\/wordpress\/wp-json\/wp\/v2\/comments?post=31526"}],"version-history":[{"count":0,"href":"https:\/\/www.region-schwabach.de\/wordpress\/wp-json\/wp\/v2\/posts\/31526\/revisions"}],"wp:featuredmedia":[{"embeddable":true,"href":"https:\/\/www.region-schwabach.de\/wordpress\/wp-json\/wp\/v2\/media\/31527"}],"wp:attachment":[{"href":"https:\/\/www.region-schwabach.de\/wordpress\/wp-json\/wp\/v2\/media?parent=31526"}],"wp:term":[{"taxonomy":"category","embeddable":true,"href":"https:\/\/www.region-schwabach.de\/wordpress\/wp-json\/wp\/v2\/categories?post=31526"},{"taxonomy":"post_tag","embeddable":true,"href":"https:\/\/www.region-schwabach.de\/wordpress\/wp-json\/wp\/v2\/tags?post=31526"}],"curies":[{"name":"wp","href":"https:\/\/api.w.org\/{rel}","templated":true}]}}