{"id":31545,"date":"2018-03-01T16:52:02","date_gmt":"2018-03-01T15:52:02","guid":{"rendered":"http:\/\/www.region-schwabach.de\/wordpress\/?p=31545"},"modified":"2018-03-13T19:58:43","modified_gmt":"2018-03-13T18:58:43","slug":"termine-fuer-buergerversammlungen-2018-stehen-fest","status":"publish","type":"post","link":"https:\/\/www.region-schwabach.de\/wordpress\/termine-fuer-buergerversammlungen-2018-stehen-fest\/","title":{"rendered":"Termine f\u00fcr B\u00fcrgerversammlungen 2018 stehen fest"},"content":{"rendered":"\t\t<div data-elementor-type=\"wp-post\" data-elementor-id=\"31545\" class=\"elementor elementor-31545 elementor-bc-flex-widget\">\n\t\t\t\t\t\t<section class=\"elementor-section elementor-top-section elementor-element elementor-element-tlus4ia elementor-section-boxed elementor-section-height-default elementor-section-height-default\" data-id=\"tlus4ia\" data-element_type=\"section\">\n\t\t\t\t\t\t<div class=\"elementor-container elementor-column-gap-default\">\n\t\t\t\t\t<div class=\"elementor-column elementor-col-66 elementor-top-column elementor-element elementor-element-sphcucl\" data-id=\"sphcucl\" data-element_type=\"column\">\n\t\t\t<div class=\"elementor-widget-wrap elementor-element-populated\">\n\t\t\t\t\t\t<div class=\"elementor-element elementor-element-4f2h2af elementor-widget elementor-widget-text-editor\" data-id=\"4f2h2af\" data-element_type=\"widget\" data-widget_type=\"text-editor.default\">\n\t\t\t\t<div class=\"elementor-widget-container\">\n\t\t\t\t\t\t\t<h3>Termine f\u00fcr B\u00fcrgerversammlungen stehen fest<\/h3><p>Schwabach &#8211;\u00a0Auch 2018 haben die B\u00fcrger und B\u00fcrgerinnen der Stadt Schwabach wieder die M\u00f6glichkeit, in Form von B\u00fcrgerversammlungen\u00a0mit den Vertretern der Stadtverwaltung und der Stadtwerke in Verbindung zu treten, um Anregungen und W\u00fcnsche zu er\u00f6rtern, aber auch Beschwerden und Probleme vorzubringen.\u00a0<\/p><p>Aber die B\u00fcrgerinnen und B\u00fcrger des Versammlungsbezirks haben auch das Recht &#8222;Antr\u00e4ge&#8220; zu beschlie\u00dfen, mit denen sich der Stadtrat bzw. ein beschlie\u00dfender Ausschuss in der Folge dann in angemessener Frist befassen mu\u00df.<\/p><h3>Termine der B\u00fcrgerversammlungen f\u00fcr das Jahr 2018<\/h3><ul style=\"list-style-type: disc;\"><li>die B\u00fcrgerversammlung im Bezirk S\u00fcd (IV.) findet am 10. April 2018 in der\u00a0Aula des Wolfram-von-Eschenbach-Gymnasiums, in der Haydnstra\u00dfe 1 statt<\/li><li>die B\u00fcrgerversammlung f\u00fcr die Gesamtstadt mit Schwerpunkt Bezirk Nordwest\/Nasbach (Eichwasen) (VI.) findet am 4. Juli 2018 in der\u00a0Aula der Schule am Museum (SFZ), in der Ansbacher Stra\u00dfe 11 statt<\/li><li>die B\u00fcrgerversammlung im Bezirk Unterreichenbach (X.) findet am 20. September 2018 im Feuerwehrhaus Unterreichenbach, in der Volkachstra\u00dfe 16 statt<\/li><li>die B\u00fcrgerversammlung im Bezirk Dietersdorf \/ Ober- und Unterbaimbach (XI.) findet am 22. November 2018 im Feuerwehrhaus Dietersdorf, in der Dietersdorfer Stra\u00dfe 177 statt<\/li><\/ul>\t\t\t\t\t\t<\/div>\n\t\t\t\t<\/div>\n\t\t\t\t<div class=\"elementor-element elementor-element-39c5f74 elementor-widget elementor-widget-google_maps\" data-id=\"39c5f74\" data-element_type=\"widget\" data-widget_type=\"google_maps.default\">\n\t\t\t\t<div class=\"elementor-widget-container\">\n\t\t\t\t\t<div class=\"elementor-custom-embed\">\n\t\t\t<iframe loading=\"lazy\"\n\t\t\t\t\tsrc=\"https:\/\/maps.google.com\/maps?q=Schwabach%2C%20Deutschland&#038;t=m&#038;z=12&#038;output=embed&#038;iwloc=near\"\n\t\t\t\t\ttitle=\"Schwabach, Deutschland\"\n\t\t\t\t\taria-label=\"Schwabach, Deutschland\"\n\t\t\t><\/iframe>\n\t\t<\/div>\n\t\t\t\t<\/div>\n\t\t\t\t<\/div>\n\t\t\t\t\t<\/div>\n\t\t<\/div>\n\t\t\t\t<div class=\"elementor-column elementor-col-33 elementor-top-column elementor-element elementor-element-flkv3o5\" data-id=\"flkv3o5\" data-element_type=\"column\">\n\t\t\t<div class=\"elementor-widget-wrap elementor-element-populated\">\n\t\t\t\t\t\t<div class=\"elementor-element elementor-element-bpvimlk elementor-widget elementor-widget-image\" data-id=\"bpvimlk\" data-element_type=\"widget\" data-widget_type=\"image.default\">\n\t\t\t\t<div class=\"elementor-widget-container\">\n\t\t\t\t\t\t\t\t\t\t\t\t\t\t<a href=\"http:\/\/www.region-schwabach.de\/wordpress\/werben-auf-region-schwabach\/\" target=\"_blank\">\n\t\t\t\t\t\t\t<img fetchpriority=\"high\" decoding=\"async\" width=\"1024\" height=\"1024\" src=\"https:\/\/www.region-schwabach.de\/wordpress\/wp-content\/uploads\/2017\/06\/werbung8-1024x1024.png\" class=\"attachment-large size-large wp-image-2484\" alt=\"\" srcset=\"https:\/\/www.region-schwabach.de\/wordpress\/wp-content\/uploads\/2017\/06\/werbung8-1024x1024.png 1024w, https:\/\/www.region-schwabach.de\/wordpress\/wp-content\/uploads\/2017\/06\/werbung8-150x150.png 150w, https:\/\/www.region-schwabach.de\/wordpress\/wp-content\/uploads\/2017\/06\/werbung8-300x300.png 300w, https:\/\/www.region-schwabach.de\/wordpress\/wp-content\/uploads\/2017\/06\/werbung8-768x768.png 768w, https:\/\/www.region-schwabach.de\/wordpress\/wp-content\/uploads\/2017\/06\/werbung8-600x600.png 600w, https:\/\/www.region-schwabach.de\/wordpress\/wp-content\/uploads\/2017\/06\/werbung8.png 1200w\" sizes=\"(max-width: 1024px) 100vw, 1024px\" \/>\t\t\t\t\t\t\t\t<\/a>\n\t\t\t\t\t\t\t\t\t\t\t\t\t<\/div>\n\t\t\t\t<\/div>\n\t\t\t\t\t<\/div>\n\t\t<\/div>\n\t\t\t\t\t<\/div>\n\t\t<\/section>\n\t\t\t\t<\/div>\n\t\t","protected":false},"excerpt":{"rendered":"<div class=\"mh-excerpt\"><p>Termine f\u00fcr B\u00fcrgerversammlungen stehen fest Schwabach &#8211;\u00a0Auch 2018 haben die B\u00fcrger und B\u00fcrgerinnen der Stadt Schwabach wieder die M\u00f6glichkeit, in Form von B\u00fcrgerversammlungen\u00a0mit den Vertretern der Stadtverwaltung und der Stadtwerke in Verbindung zu treten, um <a class=\"mh-excerpt-more\" href=\"https:\/\/www.region-schwabach.de\/wordpress\/termine-fuer-buergerversammlungen-2018-stehen-fest\/\" title=\"Termine f\u00fcr B\u00fcrgerversammlungen 2018 stehen fest\">[&#8230;]<\/a><\/p>\n<\/div>","protected":false},"author":1,"featured_media":31551,"comment_status":"open","ping_status":"open","sticky":false,"template":"","format":"standard","meta":{"_cbd_carousel_blocks":"[]","footnotes":""},"categories":[16,1,79,61],"tags":[3135,3134,3136,3137,3132,3141,3140,3133,1572,3139,19,732,3138],"class_list":{"0":"post-31545","1":"post","2":"type-post","3":"status-publish","4":"format-standard","5":"has-post-thumbnail","7":"category-aktuell","8":"category-allgemein","9":"category-politik","10":"category-rathaus","11":"tag-04-07-2018","12":"tag-10-04-2018","13":"tag-20-09-2018","14":"tag-22-11-2018","15":"tag-april","16":"tag-feuerwehrhaus-dietersdorf","17":"tag-feuerwehrhaus-unterreichenbach","18":"tag-juli","19":"tag-november","20":"tag-schule-am-museum","21":"tag-schwabach","22":"tag-september","23":"tag-wolfram-von-eschenbach-gymnasium"},"_links":{"self":[{"href":"https:\/\/www.region-schwabach.de\/wordpress\/wp-json\/wp\/v2\/posts\/31545","targetHints":{"allow":["GET"]}}],"collection":[{"href":"https:\/\/www.region-schwabach.de\/wordpress\/wp-json\/wp\/v2\/posts"}],"about":[{"href":"https:\/\/www.region-schwabach.de\/wordpress\/wp-json\/wp\/v2\/types\/post"}],"author":[{"embeddable":true,"href":"https:\/\/www.region-schwabach.de\/wordpress\/wp-json\/wp\/v2\/users\/1"}],"replies":[{"embeddable":true,"href":"https:\/\/www.region-schwabach.de\/wordpress\/wp-json\/wp\/v2\/comments?post=31545"}],"version-history":[{"count":0,"href":"https:\/\/www.region-schwabach.de\/wordpress\/wp-json\/wp\/v2\/posts\/31545\/revisions"}],"wp:featuredmedia":[{"embeddable":true,"href":"https:\/\/www.region-schwabach.de\/wordpress\/wp-json\/wp\/v2\/media\/31551"}],"wp:attachment":[{"href":"https:\/\/www.region-schwabach.de\/wordpress\/wp-json\/wp\/v2\/media?parent=31545"}],"wp:term":[{"taxonomy":"category","embeddable":true,"href":"https:\/\/www.region-schwabach.de\/wordpress\/wp-json\/wp\/v2\/categories?post=31545"},{"taxonomy":"post_tag","embeddable":true,"href":"https:\/\/www.region-schwabach.de\/wordpress\/wp-json\/wp\/v2\/tags?post=31545"}],"curies":[{"name":"wp","href":"https:\/\/api.w.org\/{rel}","templated":true}]}}