{"id":31735,"date":"2018-03-15T00:18:59","date_gmt":"2018-03-14T23:18:59","guid":{"rendered":"http:\/\/www.region-schwabach.de\/wordpress\/?p=31735"},"modified":"2018-03-15T00:33:41","modified_gmt":"2018-03-14T23:33:41","slug":"strafanzeige-gegen-uneinsichtigen-gaffer-in-schwabach-nach-schwerem-unfall","status":"publish","type":"post","link":"https:\/\/www.region-schwabach.de\/wordpress\/strafanzeige-gegen-uneinsichtigen-gaffer-in-schwabach-nach-schwerem-unfall\/","title":{"rendered":"Strafanzeige gegen uneinsichtigen Gaffer in Schwabach nach schwerem Unfall"},"content":{"rendered":"\t\t<div data-elementor-type=\"wp-post\" data-elementor-id=\"31735\" class=\"elementor elementor-31735 elementor-bc-flex-widget\">\n\t\t\t\t\t\t<section class=\"elementor-section elementor-top-section elementor-element elementor-element-tlus4ia elementor-section-boxed elementor-section-height-default elementor-section-height-default\" data-id=\"tlus4ia\" data-element_type=\"section\">\n\t\t\t\t\t\t<div class=\"elementor-container elementor-column-gap-default\">\n\t\t\t\t\t<div class=\"elementor-column elementor-col-66 elementor-top-column elementor-element elementor-element-sphcucl\" data-id=\"sphcucl\" data-element_type=\"column\">\n\t\t\t<div class=\"elementor-widget-wrap elementor-element-populated\">\n\t\t\t\t\t\t<div class=\"elementor-element elementor-element-4f2h2af elementor-widget elementor-widget-text-editor\" data-id=\"4f2h2af\" data-element_type=\"widget\" data-widget_type=\"text-editor.default\">\n\t\t\t\t<div class=\"elementor-widget-container\">\n\t\t\t\t\t\t\t<h3>Schwerer Verkehrsunfall in Schwabach<\/h3><p>Schwabach-\u00a0Am Dienstagnachabend, den 13.03.2018, kam es\u00a0in der Rittersbacher Stra\u00dfe in Schwabach zu einem schweren Verkehrsunfall, bei dem eine 52 j\u00e4hrige Fu\u00dfg\u00e4ngerin von einem Pkw &#8211; der von der Sch\u00fctzenstra\u00dfe in die Rittersbacher Stra\u00dfe abbiegen wollte &#8211; erfasst wurde.<\/p><h3>Gaffer macht in aller Ruhe Fotoaufnahmen von der Schwerverletzten<\/h3><p>W\u00e4hrend die schwer verletzte Fu\u00dfg\u00e4ngerin auf der Fahrbahn vom Rettungsdienst behandelt wurde, fertigte ein 30-j\u00e4hriger Schwabacher aus k\u00fcrzester Entfernung ungeniert Bildaufnahmen von der am Boden liegenden Frau an, weshalb ihm die Polizei einen Platzverweis erteilte.<\/p><h3>Strafverfahren eingeleitet<\/h3><p>Da solche Bildaufnahmen ist nicht nur moralisch verachtensert sind, sondern auch einen Straftatbestand darstellen, mu\u00df der 30 J\u00e4hrige nun deshalb mit einem Strafverfahren wegen der Verletzung des h\u00f6chstpers\u00f6nlichen Lebensbereichs durch Bildaufnahmen rechnen.<\/p>\t\t\t\t\t\t<\/div>\n\t\t\t\t<\/div>\n\t\t\t\t<div class=\"elementor-element elementor-element-39c5f74 elementor-widget elementor-widget-google_maps\" data-id=\"39c5f74\" data-element_type=\"widget\" data-widget_type=\"google_maps.default\">\n\t\t\t\t<div class=\"elementor-widget-container\">\n\t\t\t\t\t<div class=\"elementor-custom-embed\">\n\t\t\t<iframe loading=\"lazy\"\n\t\t\t\t\tsrc=\"https:\/\/maps.google.com\/maps?q=49.322646%2C%2011.018681&#038;t=m&#038;z=17&#038;output=embed&#038;iwloc=near\"\n\t\t\t\t\ttitle=\"49.322646, 11.018681\"\n\t\t\t\t\taria-label=\"49.322646, 11.018681\"\n\t\t\t><\/iframe>\n\t\t<\/div>\n\t\t\t\t<\/div>\n\t\t\t\t<\/div>\n\t\t\t\t\t<\/div>\n\t\t<\/div>\n\t\t\t\t<div class=\"elementor-column elementor-col-33 elementor-top-column elementor-element elementor-element-flkv3o5\" data-id=\"flkv3o5\" data-element_type=\"column\">\n\t\t\t<div class=\"elementor-widget-wrap elementor-element-populated\">\n\t\t\t\t\t\t<div class=\"elementor-element elementor-element-bpvimlk elementor-widget elementor-widget-image\" data-id=\"bpvimlk\" data-element_type=\"widget\" data-widget_type=\"image.default\">\n\t\t\t\t<div class=\"elementor-widget-container\">\n\t\t\t\t\t\t\t\t\t\t\t\t\t\t<a href=\"http:\/\/www.region-schwabach.de\/wordpress\/werben-auf-region-schwabach\/\" target=\"_blank\">\n\t\t\t\t\t\t\t<img fetchpriority=\"high\" decoding=\"async\" width=\"1024\" height=\"1024\" src=\"https:\/\/www.region-schwabach.de\/wordpress\/wp-content\/uploads\/2017\/06\/werbung8-1024x1024.png\" class=\"attachment-large size-large wp-image-2484\" alt=\"\" srcset=\"https:\/\/www.region-schwabach.de\/wordpress\/wp-content\/uploads\/2017\/06\/werbung8-1024x1024.png 1024w, https:\/\/www.region-schwabach.de\/wordpress\/wp-content\/uploads\/2017\/06\/werbung8-150x150.png 150w, https:\/\/www.region-schwabach.de\/wordpress\/wp-content\/uploads\/2017\/06\/werbung8-300x300.png 300w, https:\/\/www.region-schwabach.de\/wordpress\/wp-content\/uploads\/2017\/06\/werbung8-768x768.png 768w, https:\/\/www.region-schwabach.de\/wordpress\/wp-content\/uploads\/2017\/06\/werbung8-600x600.png 600w, https:\/\/www.region-schwabach.de\/wordpress\/wp-content\/uploads\/2017\/06\/werbung8.png 1200w\" sizes=\"(max-width: 1024px) 100vw, 1024px\" \/>\t\t\t\t\t\t\t\t<\/a>\n\t\t\t\t\t\t\t\t\t\t\t\t\t<\/div>\n\t\t\t\t<\/div>\n\t\t\t\t\t<\/div>\n\t\t<\/div>\n\t\t\t\t\t<\/div>\n\t\t<\/section>\n\t\t\t\t<\/div>\n\t\t","protected":false},"excerpt":{"rendered":"<div class=\"mh-excerpt\"><p>Schwerer Verkehrsunfall in Schwabach Schwabach-\u00a0Am Dienstagnachabend, den 13.03.2018, kam es\u00a0in der Rittersbacher Stra\u00dfe in Schwabach zu einem schweren Verkehrsunfall, bei dem eine 52 j\u00e4hrige Fu\u00dfg\u00e4ngerin von einem Pkw &#8211; der von der Sch\u00fctzenstra\u00dfe in die <a class=\"mh-excerpt-more\" href=\"https:\/\/www.region-schwabach.de\/wordpress\/strafanzeige-gegen-uneinsichtigen-gaffer-in-schwabach-nach-schwerem-unfall\/\" title=\"Strafanzeige gegen uneinsichtigen Gaffer in Schwabach nach schwerem Unfall\">[&#8230;]<\/a><\/p>\n<\/div>","protected":false},"author":1,"featured_media":31736,"comment_status":"open","ping_status":"open","sticky":false,"template":"","format":"standard","meta":{"_cbd_carousel_blocks":"[]","footnotes":""},"categories":[15],"tags":[2776,3166,3165,463,3167,1682,401,713,393,19,1078,334],"class_list":{"0":"post-31735","1":"post","2":"type-post","3":"status-publish","4":"format-standard","5":"has-post-thumbnail","7":"category-polizeimeldungen","8":"tag-13-03-2018","9":"tag-bildaufnahme","10":"tag-gaffer","11":"tag-pkw","12":"tag-platzverweis","13":"tag-rittersbacher-strasse","14":"tag-sachschaden","15":"tag-schaden","16":"tag-schuetzenstrasse","17":"tag-schwabach","18":"tag-strafverfahren","19":"tag-unfall"},"_links":{"self":[{"href":"https:\/\/www.region-schwabach.de\/wordpress\/wp-json\/wp\/v2\/posts\/31735","targetHints":{"allow":["GET"]}}],"collection":[{"href":"https:\/\/www.region-schwabach.de\/wordpress\/wp-json\/wp\/v2\/posts"}],"about":[{"href":"https:\/\/www.region-schwabach.de\/wordpress\/wp-json\/wp\/v2\/types\/post"}],"author":[{"embeddable":true,"href":"https:\/\/www.region-schwabach.de\/wordpress\/wp-json\/wp\/v2\/users\/1"}],"replies":[{"embeddable":true,"href":"https:\/\/www.region-schwabach.de\/wordpress\/wp-json\/wp\/v2\/comments?post=31735"}],"version-history":[{"count":0,"href":"https:\/\/www.region-schwabach.de\/wordpress\/wp-json\/wp\/v2\/posts\/31735\/revisions"}],"wp:featuredmedia":[{"embeddable":true,"href":"https:\/\/www.region-schwabach.de\/wordpress\/wp-json\/wp\/v2\/media\/31736"}],"wp:attachment":[{"href":"https:\/\/www.region-schwabach.de\/wordpress\/wp-json\/wp\/v2\/media?parent=31735"}],"wp:term":[{"taxonomy":"category","embeddable":true,"href":"https:\/\/www.region-schwabach.de\/wordpress\/wp-json\/wp\/v2\/categories?post=31735"},{"taxonomy":"post_tag","embeddable":true,"href":"https:\/\/www.region-schwabach.de\/wordpress\/wp-json\/wp\/v2\/tags?post=31735"}],"curies":[{"name":"wp","href":"https:\/\/api.w.org\/{rel}","templated":true}]}}