{"id":32088,"date":"2018-03-18T11:40:46","date_gmt":"2018-03-18T10:40:46","guid":{"rendered":"http:\/\/www.region-schwabach.de\/wordpress\/?p=32088"},"modified":"2018-03-18T12:14:19","modified_gmt":"2018-03-18T11:14:19","slug":"viel-zu-tun-fuer-die-polizeiinspektion-in-roth","status":"publish","type":"post","link":"https:\/\/www.region-schwabach.de\/wordpress\/viel-zu-tun-fuer-die-polizeiinspektion-in-roth\/","title":{"rendered":"Viel zu tun f\u00fcr die Polizeiinspektion in Roth"},"content":{"rendered":"\t\t<div data-elementor-type=\"wp-post\" data-elementor-id=\"32088\" class=\"elementor elementor-32088 elementor-bc-flex-widget\">\n\t\t\t\t\t\t<section class=\"elementor-section elementor-top-section elementor-element elementor-element-1cuv9jr elementor-section-boxed elementor-section-height-default elementor-section-height-default\" data-id=\"1cuv9jr\" data-element_type=\"section\">\n\t\t\t\t\t\t<div class=\"elementor-container elementor-column-gap-default\">\n\t\t\t\t\t<div class=\"elementor-column elementor-col-66 elementor-top-column elementor-element elementor-element-q5zak7b\" data-id=\"q5zak7b\" data-element_type=\"column\">\n\t\t\t<div class=\"elementor-widget-wrap elementor-element-populated\">\n\t\t\t\t\t\t<div class=\"elementor-element elementor-element-86qws23 elementor-widget elementor-widget-text-editor\" data-id=\"86qws23\" data-element_type=\"widget\" data-widget_type=\"text-editor.default\">\n\t\t\t\t<div class=\"elementor-widget-container\">\n\t\t\t\t\t\t\t<h3><strong>Mehrere Wildunf\u00e4lle<\/strong><\/h3><p>B\u00fcchenbach\/Georgensgm\u00fcnd\/R\u00f6ttenbach &#8211; Am Freitag, den 16.03.2018, und am Samstag, den 17.03.2018, kam es im Zust\u00e4ndigkeitsbereich der Polizeiinspektion Roth zu mehreren Wildunf\u00e4llen.<\/p><p>Auf der Staatsstra\u00dfe zwischen Rittersbach und Aurau erfasste am Freitagmorgen ein Audi-Fahrer ein Reh, wobei dieses get\u00f6tet wurde, und am PKW ein Sachschaden von mindestens 5.000 Euro entstand.<\/p><p>Kurze Zeit sp\u00e4terr ereignete sich dann auf der Staatsstra\u00dfe zwischen Heideck und der Bundesstra\u00dfe 2 bei R\u00f6ttenbach bereits der n\u00e4chste Wildunfall, als ein Opel-Fahrer mit einem Wildschwein zusammenstie\u00df, wobei das Tier ebenfalls get\u00f6tet wurde, und an dem Opel Vivaro ein Sachschaden in H\u00f6he von ca. 5.000 Euro entstand.<\/p><p>Am Freitag erfasste dann kurz vor Mitternacht eine PKW-Fahrerin zwischen M\u00e4benberg und Untersteinbach ob Gm\u00fcnd ein Reh, wobei dieses allerdings nur zur Seite geschleudert wurde und danach weglief, am Pkw entstand gl\u00fccklicherweise nur ein geringer Schaden.<\/p><p>Am Samstagmorgen kollidierte dann eine Opel-Fahrerin aus Georgensgm\u00fcnd gegen 04.00 Uhr auf der Staatsstra\u00dfe von Gm\u00fcnd Richtung Rittersbach mit einem Reh, wobei an dem Opel Astra ein Sachschaden in H\u00f6he von ca. 3.000 Euro verursacht wurde.<\/p><h3>Auf Betr\u00fcger hereingefallen<\/h3><p>Roth &#8211; Ein 47 J\u00e4hriger aus Roth kaufte bereits Mitte Februar \u00fcber das eBay-Kleinanzeigen-Portal ein Fahrradnavigationsger\u00e4t im Wert von 200 Euro, welches er umgehend per Vorkasse \u00fcber PayPal \u00fcber die Option \u201eGeld an Freunde senden\u201c bezahlte. Allerdings wurde das Navi trotz Bezahlung nicht geliefert, und kurze Zeit sp\u00e4ter wurde der K\u00e4ufer von Ebay dann auch dar\u00fcber informiert, da\u00df der Verk\u00e4ufer ein Betr\u00fcger ist, weshalb er nun Anzeige erstattete.\u00a0<\/p><h3>Parkbank in Roth demoliert<\/h3><p>Roth &#8211; Am Freitagabend, den 16.03.2018, wurde die Polizei dar\u00fcber informiert, da\u00df zwei Jugendliche damit besch\u00e4ftigt seien, eine Parkbank auf dem Marktplatz in Roth zu demolieren. die eintreffende Polizei traf dann in unmittelbarer N\u00e4he die beiden alkoholisierten Tatverd\u00e4chtigen &#8211; ein 18-j\u00e4hriger aus Schwabach und ein 16-j\u00e4hriger aus Abenberg &#8211; an, die mehrere Holzlatten der Bank durchgetreten, und dabei einen Sachschaden in H\u00f6he von ca. 400 Euro angerichtet hatten. Gegen die beiden Jugendlichen wurde deshalb ein Strafverfahren wegen gemeinsch\u00e4dlicher Sachbesch\u00e4digung eingeleitet.<\/p><h3>Reifen von geparktem PKW in Roth zerstochen<\/h3><p>Roth &#8211; In der Nacht zum Freitag, den 16.03.2018,\u00a0 wurden auf dem Parkplatz an der Anton-Seitz-Schule in der Veit-Sto\u00df-Stra\u00dfe in Roth von einem Unbekannten mit einem spitzen Gegenstand beide Vorderreifen von einem dort geparkten Renault zerstochen, und so ein Sachschaden in H\u00f6he von ca. 200 Euro verursacht.<\/p><h3>Polizei bittet um Mithilfe<\/h3><p>Personen, die verd\u00e4chtige Beobachtungen gemacht haben, werden gebeten, diese der Polizei in Roth unter der Rufnummer 09171-9744-0 mitzuteilen.<\/p>\t\t\t\t\t\t<\/div>\n\t\t\t\t<\/div>\n\t\t\t\t<div class=\"elementor-element elementor-element-id240nb elementor-widget elementor-widget-google_maps\" data-id=\"id240nb\" data-element_type=\"widget\" data-widget_type=\"google_maps.default\">\n\t\t\t\t<div class=\"elementor-widget-container\">\n\t\t\t\t\t<div class=\"elementor-custom-embed\">\n\t\t\t<iframe loading=\"lazy\"\n\t\t\t\t\tsrc=\"https:\/\/maps.google.com\/maps?q=Roth%2C%20Deutschland&#038;t=m&#038;z=11&#038;output=embed&#038;iwloc=near\"\n\t\t\t\t\ttitle=\"Roth, Deutschland\"\n\t\t\t\t\taria-label=\"Roth, Deutschland\"\n\t\t\t><\/iframe>\n\t\t<\/div>\n\t\t\t\t<\/div>\n\t\t\t\t<\/div>\n\t\t\t\t\t<\/div>\n\t\t<\/div>\n\t\t\t\t<div class=\"elementor-column elementor-col-33 elementor-top-column elementor-element elementor-element-0w0urt1\" data-id=\"0w0urt1\" data-element_type=\"column\">\n\t\t\t<div class=\"elementor-widget-wrap elementor-element-populated\">\n\t\t\t\t\t\t<div class=\"elementor-element elementor-element-mo6nk5i elementor-widget elementor-widget-image\" data-id=\"mo6nk5i\" data-element_type=\"widget\" data-widget_type=\"image.default\">\n\t\t\t\t<div class=\"elementor-widget-container\">\n\t\t\t\t\t\t\t\t\t\t\t\t\t\t<a href=\"http:\/\/www.region-schwabach.de\/wordpress\/werben-auf-region-schwabach\/\" target=\"_blank\">\n\t\t\t\t\t\t\t<img fetchpriority=\"high\" decoding=\"async\" width=\"1024\" height=\"1024\" src=\"https:\/\/www.region-schwabach.de\/wordpress\/wp-content\/uploads\/2017\/06\/werbung8-1024x1024.png\" class=\"attachment-large size-large wp-image-2484\" alt=\"\" srcset=\"https:\/\/www.region-schwabach.de\/wordpress\/wp-content\/uploads\/2017\/06\/werbung8-1024x1024.png 1024w, https:\/\/www.region-schwabach.de\/wordpress\/wp-content\/uploads\/2017\/06\/werbung8-150x150.png 150w, https:\/\/www.region-schwabach.de\/wordpress\/wp-content\/uploads\/2017\/06\/werbung8-300x300.png 300w, https:\/\/www.region-schwabach.de\/wordpress\/wp-content\/uploads\/2017\/06\/werbung8-768x768.png 768w, https:\/\/www.region-schwabach.de\/wordpress\/wp-content\/uploads\/2017\/06\/werbung8-600x600.png 600w, https:\/\/www.region-schwabach.de\/wordpress\/wp-content\/uploads\/2017\/06\/werbung8.png 1200w\" sizes=\"(max-width: 1024px) 100vw, 1024px\" \/>\t\t\t\t\t\t\t\t<\/a>\n\t\t\t\t\t\t\t\t\t\t\t\t\t<\/div>\n\t\t\t\t<\/div>\n\t\t\t\t\t<\/div>\n\t\t<\/div>\n\t\t\t\t\t<\/div>\n\t\t<\/section>\n\t\t\t\t<\/div>\n\t\t","protected":false},"excerpt":{"rendered":"<div class=\"mh-excerpt\"><p>Mehrere Wildunf\u00e4lle B\u00fcchenbach\/Georgensgm\u00fcnd\/R\u00f6ttenbach &#8211; Am Freitag, den 16.03.2018, und am Samstag, den 17.03.2018, kam es im Zust\u00e4ndigkeitsbereich der Polizeiinspektion Roth zu mehreren Wildunf\u00e4llen. Auf der Staatsstra\u00dfe zwischen Rittersbach und Aurau erfasste am Freitagmorgen ein Audi-Fahrer <a class=\"mh-excerpt-more\" href=\"https:\/\/www.region-schwabach.de\/wordpress\/viel-zu-tun-fuer-die-polizeiinspektion-in-roth\/\" title=\"Viel zu tun f\u00fcr die Polizeiinspektion in Roth\">[&#8230;]<\/a><\/p>\n<\/div>","protected":false},"author":1,"featured_media":22918,"comment_status":"open","ping_status":"open","sticky":false,"template":"","format":"standard","meta":{"_cbd_carousel_blocks":"[]","footnotes":""},"categories":[15],"tags":[2779,2780,3264,1849,1911,664,492,541,3263,2741,527,3262,596,1624,549,2581,114,1425,3260,726,593,463,2138,1011,1421,2766,32,815,487,401,713,2099,1093,1078,705,334,3261,442,1662,2965],"class_list":{"0":"post-32088","1":"post","2":"type-post","3":"status-publish","4":"format-standard","5":"has-post-thumbnail","7":"category-polizeimeldungen","8":"tag-16-03-2018","9":"tag-17-03-2018","10":"tag-alkoholisiertetatverdaechtigen","11":"tag-anton-seitz-schule","12":"tag-aurau","13":"tag-betrug","14":"tag-buechenbach","15":"tag-bundesstrasse-2","16":"tag-fahrradnavigationsgeraet","17":"tag-februar","18":"tag-georgensgmuend","19":"tag-gmuend","20":"tag-heideck","21":"tag-internet","22":"tag-kleintransporter","23":"tag-maebenberg","24":"tag-marktplatz","25":"tag-opel-astra","26":"tag-opel-vivaro","27":"tag-parkbank","28":"tag-parkplatz","29":"tag-pkw","30":"tag-reh","31":"tag-reifen","32":"tag-renault","33":"tag-rittersbach","34":"tag-roth","35":"tag-roettenbach","36":"tag-sachbeschaedigung","37":"tag-sachschaden","38":"tag-schaden","39":"tag-spitzer-gegenstand","40":"tag-staatsstrasse","41":"tag-strafverfahren","42":"tag-strassengraben","43":"tag-unfall","44":"tag-untersteinbach-ob-gmuend","45":"tag-veit-stoss-strasse","46":"tag-wildschwein","47":"tag-wildunfaelle"},"_links":{"self":[{"href":"https:\/\/www.region-schwabach.de\/wordpress\/wp-json\/wp\/v2\/posts\/32088","targetHints":{"allow":["GET"]}}],"collection":[{"href":"https:\/\/www.region-schwabach.de\/wordpress\/wp-json\/wp\/v2\/posts"}],"about":[{"href":"https:\/\/www.region-schwabach.de\/wordpress\/wp-json\/wp\/v2\/types\/post"}],"author":[{"embeddable":true,"href":"https:\/\/www.region-schwabach.de\/wordpress\/wp-json\/wp\/v2\/users\/1"}],"replies":[{"embeddable":true,"href":"https:\/\/www.region-schwabach.de\/wordpress\/wp-json\/wp\/v2\/comments?post=32088"}],"version-history":[{"count":0,"href":"https:\/\/www.region-schwabach.de\/wordpress\/wp-json\/wp\/v2\/posts\/32088\/revisions"}],"wp:featuredmedia":[{"embeddable":true,"href":"https:\/\/www.region-schwabach.de\/wordpress\/wp-json\/wp\/v2\/media\/22918"}],"wp:attachment":[{"href":"https:\/\/www.region-schwabach.de\/wordpress\/wp-json\/wp\/v2\/media?parent=32088"}],"wp:term":[{"taxonomy":"category","embeddable":true,"href":"https:\/\/www.region-schwabach.de\/wordpress\/wp-json\/wp\/v2\/categories?post=32088"},{"taxonomy":"post_tag","embeddable":true,"href":"https:\/\/www.region-schwabach.de\/wordpress\/wp-json\/wp\/v2\/tags?post=32088"}],"curies":[{"name":"wp","href":"https:\/\/api.w.org\/{rel}","templated":true}]}}