{"id":32295,"date":"2018-03-19T12:41:11","date_gmt":"2018-03-19T11:41:11","guid":{"rendered":"http:\/\/www.region-schwabach.de\/wordpress\/?p=32295"},"modified":"2018-03-19T12:53:04","modified_gmt":"2018-03-19T11:53:04","slug":"fahrerflucht-nach-verkehrsunfall-auf-der-staatsstrasse-von-roth-in-richtung-allersberg-update","status":"publish","type":"post","link":"https:\/\/www.region-schwabach.de\/wordpress\/fahrerflucht-nach-verkehrsunfall-auf-der-staatsstrasse-von-roth-in-richtung-allersberg-update\/","title":{"rendered":"Fahrerflucht nach Verkehrsunfall auf der Staatsstra\u00dfe von Roth in Richtung Allersberg &#8211; Update"},"content":{"rendered":"\t\t<div data-elementor-type=\"wp-post\" data-elementor-id=\"32295\" class=\"elementor elementor-32295 elementor-bc-flex-widget\">\n\t\t\t\t\t\t<section class=\"elementor-section elementor-top-section elementor-element elementor-element-tlus4ia elementor-section-boxed elementor-section-height-default elementor-section-height-default\" data-id=\"tlus4ia\" data-element_type=\"section\">\n\t\t\t\t\t\t<div class=\"elementor-container elementor-column-gap-default\">\n\t\t\t\t\t<div class=\"elementor-column elementor-col-66 elementor-top-column elementor-element elementor-element-sphcucl\" data-id=\"sphcucl\" data-element_type=\"column\">\n\t\t\t<div class=\"elementor-widget-wrap elementor-element-populated\">\n\t\t\t\t\t\t<div class=\"elementor-element elementor-element-4f2h2af elementor-widget elementor-widget-text-editor\" data-id=\"4f2h2af\" data-element_type=\"widget\" data-widget_type=\"text-editor.default\">\n\t\t\t\t<div class=\"elementor-widget-container\">\n\t\t\t\t\t\t\t<h3>Gefl\u00fcchteter Unfallfahrer konnte ermittelt werden<\/h3><p>Wie am Donnerstag, den 15.03.2018 berichtet \u00a0kam es letzte Woche zu einer Fahrerflucht auf der Staatsstra\u00dfe von Roth nach Allersberg (<a href=\"http:\/\/www.region-schwabach.de\/wordpress\/fahrerflucht-nach-verkehrsunfall-auf-der-staatsstrasse-von-roth-in-richtung-allersberg\/\" target=\"_blank\" rel=\"noopener\">Die Original-Nachricht finden Sie hier &#8230;<\/a>)<\/p><p>Jetzt konnte der Unfallverursacher durch den Unfallfluchtfahnder der Polizeiinspektion Roth ermittelt, und gegen den Beschuldigten ein Ermittlungsverfahren wegen Gef\u00e4hrdung des Stra\u00dfenverkehrs und unerlaubten Entfernens vom Unfallort eingeleitet werden.<\/p><h3>Hinweis der Polizei<\/h3><p>In diesem Zusammenhang weist die Polizei nochmal daraufhin, da\u00df es sich bei einer Verkehrsunfallflucht um kein Kavaliersdelikt handelt. Neben einer m\u00f6glichen Geld- oder Freiheitsstrafe, kann eine solche Tat den Betroffenen sowohl den F\u00fchrerschein, als auch den Versicherungsschutz kosten.<\/p><p>\u00a0<\/p><h3>Original-Nachricht vom 15.03.2018<\/h3><h3>Unfall mit Fahrerflucht zwischen Roth und Allersberg<\/h3><p>Roth &#8211;\u00a0Am Mittwochmorgen, den 14.03.2018, war ein 18-j\u00e4hriger BMW-Fahrer gegen 06.25 Uhr auf der Staatsstra\u00dfe von Roth in Richtung Allersberg unterwegs, als ihn ein anderer PKW \u00fcberholen wollte.<\/p><h3>\u00dcberholman\u00f6ver mi\u00dfgl\u00fcckt<\/h3><p>Dieser mu\u00dfte den \u00dcberholvorgang allerdings wegen einer Verkehrsinsel abbrechen, und versuchte sich wieder hinter dem BMW einzuordnen. Dieses Man\u00f6ver mi\u00dfgl\u00fcckte jedoch, und er stie\u00df er gegen den linken hinteren Kotfl\u00fcgel des BMW.<\/p><h3>Unfallverursacher begeht Fahrerflucht<\/h3><p>Nach der Kollision hielt der gesch\u00e4digte BMW-Fahrer an, w\u00e4hrend der andere Unfallbeteiligte sich unerlaubt vom Unfallortfuhr entfernte, ohne sich um den entstandenen Schaden zu k\u00fcmmern.<\/p><h3>Polizei bittet um Mithilfe<\/h3><p>Personen, die verd\u00e4chtige Beobachtungen gemacht haben, werden gebeten, diese der Polizei in Roth unter der Rufnummer 09171-9744-0 mitzuteilen.<\/p>\t\t\t\t\t\t<\/div>\n\t\t\t\t<\/div>\n\t\t\t\t<div class=\"elementor-element elementor-element-39c5f74 elementor-widget elementor-widget-google_maps\" data-id=\"39c5f74\" data-element_type=\"widget\" data-widget_type=\"google_maps.default\">\n\t\t\t\t<div class=\"elementor-widget-container\">\n\t\t\t\t\t<div class=\"elementor-custom-embed\">\n\t\t\t<iframe loading=\"lazy\"\n\t\t\t\t\tsrc=\"https:\/\/maps.google.com\/maps?q=49.251881%2C%2011.192295&#038;t=m&#038;z=16&#038;output=embed&#038;iwloc=near\"\n\t\t\t\t\ttitle=\"49.251881, 11.192295\"\n\t\t\t\t\taria-label=\"49.251881, 11.192295\"\n\t\t\t><\/iframe>\n\t\t<\/div>\n\t\t\t\t<\/div>\n\t\t\t\t<\/div>\n\t\t\t\t\t<\/div>\n\t\t<\/div>\n\t\t\t\t<div class=\"elementor-column elementor-col-33 elementor-top-column elementor-element elementor-element-flkv3o5\" data-id=\"flkv3o5\" data-element_type=\"column\">\n\t\t\t<div class=\"elementor-widget-wrap elementor-element-populated\">\n\t\t\t\t\t\t<div class=\"elementor-element elementor-element-bpvimlk elementor-widget elementor-widget-image\" data-id=\"bpvimlk\" data-element_type=\"widget\" data-widget_type=\"image.default\">\n\t\t\t\t<div class=\"elementor-widget-container\">\n\t\t\t\t\t\t\t\t\t\t\t\t\t\t<a href=\"http:\/\/www.region-schwabach.de\/wordpress\/werben-auf-region-schwabach\/\" target=\"_blank\">\n\t\t\t\t\t\t\t<img fetchpriority=\"high\" decoding=\"async\" width=\"1024\" height=\"1024\" src=\"https:\/\/www.region-schwabach.de\/wordpress\/wp-content\/uploads\/2017\/06\/werbung8-1024x1024.png\" class=\"attachment-large size-large wp-image-2484\" alt=\"\" srcset=\"https:\/\/www.region-schwabach.de\/wordpress\/wp-content\/uploads\/2017\/06\/werbung8-1024x1024.png 1024w, https:\/\/www.region-schwabach.de\/wordpress\/wp-content\/uploads\/2017\/06\/werbung8-150x150.png 150w, https:\/\/www.region-schwabach.de\/wordpress\/wp-content\/uploads\/2017\/06\/werbung8-300x300.png 300w, https:\/\/www.region-schwabach.de\/wordpress\/wp-content\/uploads\/2017\/06\/werbung8-768x768.png 768w, https:\/\/www.region-schwabach.de\/wordpress\/wp-content\/uploads\/2017\/06\/werbung8-600x600.png 600w, https:\/\/www.region-schwabach.de\/wordpress\/wp-content\/uploads\/2017\/06\/werbung8.png 1200w\" sizes=\"(max-width: 1024px) 100vw, 1024px\" \/>\t\t\t\t\t\t\t\t<\/a>\n\t\t\t\t\t\t\t\t\t\t\t\t\t<\/div>\n\t\t\t\t<\/div>\n\t\t\t\t\t<\/div>\n\t\t<\/div>\n\t\t\t\t\t<\/div>\n\t\t<\/section>\n\t\t\t\t<\/div>\n\t\t","protected":false},"excerpt":{"rendered":"<div class=\"mh-excerpt\"><p>Gefl\u00fcchteter Unfallfahrer konnte ermittelt werden Wie am Donnerstag, den 15.03.2018 berichtet \u00a0kam es letzte Woche zu einer Fahrerflucht auf der Staatsstra\u00dfe von Roth nach Allersberg (Die Original-Nachricht finden Sie hier &#8230;) Jetzt konnte der Unfallverursacher <a class=\"mh-excerpt-more\" href=\"https:\/\/www.region-schwabach.de\/wordpress\/fahrerflucht-nach-verkehrsunfall-auf-der-staatsstrasse-von-roth-in-richtung-allersberg-update\/\" title=\"Fahrerflucht nach Verkehrsunfall auf der Staatsstra\u00dfe von Roth in Richtung Allersberg &#8211; Update\">[&#8230;]<\/a><\/p>\n<\/div>","protected":false},"author":1,"featured_media":31775,"comment_status":"open","ping_status":"open","sticky":false,"template":"","format":"standard","meta":{"_cbd_carousel_blocks":"[]","footnotes":""},"categories":[15],"tags":[2777,556,1814,1597,1300,454,32,401,713,1093,3177,334,457,1451],"class_list":{"0":"post-32295","1":"post","2":"type-post","3":"status-publish","4":"format-standard","5":"has-post-thumbnail","7":"category-polizeimeldungen","8":"tag-14-03-2018","9":"tag-allersberg","10":"tag-beruehrung","11":"tag-bmw","12":"tag-ermittlungen","13":"tag-fahrerflucht","14":"tag-roth","15":"tag-sachschaden","16":"tag-schaden","17":"tag-staatsstrasse","18":"tag-ueberholvorgang","19":"tag-unfall","20":"tag-unfallflucht","21":"tag-verkehrsinsel"},"_links":{"self":[{"href":"https:\/\/www.region-schwabach.de\/wordpress\/wp-json\/wp\/v2\/posts\/32295","targetHints":{"allow":["GET"]}}],"collection":[{"href":"https:\/\/www.region-schwabach.de\/wordpress\/wp-json\/wp\/v2\/posts"}],"about":[{"href":"https:\/\/www.region-schwabach.de\/wordpress\/wp-json\/wp\/v2\/types\/post"}],"author":[{"embeddable":true,"href":"https:\/\/www.region-schwabach.de\/wordpress\/wp-json\/wp\/v2\/users\/1"}],"replies":[{"embeddable":true,"href":"https:\/\/www.region-schwabach.de\/wordpress\/wp-json\/wp\/v2\/comments?post=32295"}],"version-history":[{"count":0,"href":"https:\/\/www.region-schwabach.de\/wordpress\/wp-json\/wp\/v2\/posts\/32295\/revisions"}],"wp:featuredmedia":[{"embeddable":true,"href":"https:\/\/www.region-schwabach.de\/wordpress\/wp-json\/wp\/v2\/media\/31775"}],"wp:attachment":[{"href":"https:\/\/www.region-schwabach.de\/wordpress\/wp-json\/wp\/v2\/media?parent=32295"}],"wp:term":[{"taxonomy":"category","embeddable":true,"href":"https:\/\/www.region-schwabach.de\/wordpress\/wp-json\/wp\/v2\/categories?post=32295"},{"taxonomy":"post_tag","embeddable":true,"href":"https:\/\/www.region-schwabach.de\/wordpress\/wp-json\/wp\/v2\/tags?post=32295"}],"curies":[{"name":"wp","href":"https:\/\/api.w.org\/{rel}","templated":true}]}}