{"id":32298,"date":"2018-03-19T13:08:02","date_gmt":"2018-03-19T12:08:02","guid":{"rendered":"http:\/\/www.region-schwabach.de\/wordpress\/?p=32298"},"modified":"2018-03-19T13:35:29","modified_gmt":"2018-03-19T12:35:29","slug":"unfall-auf-der-bundesstrasse-13-zwischen-rothenstein-und-siebenkreuzhof-2","status":"publish","type":"post","link":"https:\/\/www.region-schwabach.de\/wordpress\/unfall-auf-der-bundesstrasse-13-zwischen-rothenstein-und-siebenkreuzhof-2\/","title":{"rendered":"Unfallflucht auf der Bundesstra\u00dfe 13 zwischen Rothenstein und Siebenkreuzhof"},"content":{"rendered":"\t\t<div data-elementor-type=\"wp-post\" data-elementor-id=\"32298\" class=\"elementor elementor-32298 elementor-bc-flex-widget\">\n\t\t\t\t\t\t<section class=\"elementor-section elementor-top-section elementor-element elementor-element-tlus4ia elementor-section-boxed elementor-section-height-default elementor-section-height-default\" data-id=\"tlus4ia\" data-element_type=\"section\">\n\t\t\t\t\t\t<div class=\"elementor-container elementor-column-gap-default\">\n\t\t\t\t\t<div class=\"elementor-column elementor-col-66 elementor-top-column elementor-element elementor-element-sphcucl\" data-id=\"sphcucl\" data-element_type=\"column\">\n\t\t\t<div class=\"elementor-widget-wrap elementor-element-populated\">\n\t\t\t\t\t\t<div class=\"elementor-element elementor-element-4f2h2af elementor-widget elementor-widget-text-editor\" data-id=\"4f2h2af\" data-element_type=\"widget\" data-widget_type=\"text-editor.default\">\n\t\t\t\t<div class=\"elementor-widget-container\">\n\t\t\t\t\t\t\t<h3>In Stra\u00dfengraben gefahren und gefl\u00fcchtet<\/h3><p>Pappenheim-\u00a0Am Sonntagvormittag, den 18.03.2018, landete ein 27 J\u00e4hriger aus Treuchtlingen auf der Bundesstra\u00dfe 13 zwischen Rothenstein und Siebenkreuzhof mit seinem Pkw &#8211; wegen nicht an die winterlichen Stra\u00dfenverh\u00e4ltnissen angepa\u00dfter Geschwindigkeit &#8211; im Stra\u00dfengraben.<\/p><h3>Bei R\u00fcckkehr zum Unfallort beobachtet<\/h3><p>Obwohl er dabei einen nicht zu \u00fcbersehenden Schaden in H\u00f6he von ca. 1.000 Euro verursachte, machte er sich aus dem Staub. Als er jedoch am Nachmittag seinen Audi bergen wollte, wurde er von einem privat vorbeifahrender Polizeibeamter beobachtet, der die Wei\u00dfenburger Dienststelle informierte.<\/p><p>Der Verursacher muss sich nun wegen unerlaubten Entfernens vom Unfallort verantworten.beobachte<\/p>\t\t\t\t\t\t<\/div>\n\t\t\t\t<\/div>\n\t\t\t\t<div class=\"elementor-element elementor-element-39c5f74 elementor-widget elementor-widget-google_maps\" data-id=\"39c5f74\" data-element_type=\"widget\" data-widget_type=\"google_maps.default\">\n\t\t\t\t<div class=\"elementor-widget-container\">\n\t\t\t\t\t<div class=\"elementor-custom-embed\">\n\t\t\t<iframe loading=\"lazy\"\n\t\t\t\t\tsrc=\"https:\/\/maps.google.com\/maps?q=48.962677%2C%2011.072203&#038;t=m&#038;z=14&#038;output=embed&#038;iwloc=near\"\n\t\t\t\t\ttitle=\"48.962677, 11.072203\"\n\t\t\t\t\taria-label=\"48.962677, 11.072203\"\n\t\t\t><\/iframe>\n\t\t<\/div>\n\t\t\t\t<\/div>\n\t\t\t\t<\/div>\n\t\t\t\t\t<\/div>\n\t\t<\/div>\n\t\t\t\t<div class=\"elementor-column elementor-col-33 elementor-top-column elementor-element elementor-element-flkv3o5\" data-id=\"flkv3o5\" data-element_type=\"column\">\n\t\t\t<div class=\"elementor-widget-wrap elementor-element-populated\">\n\t\t\t\t\t\t<div class=\"elementor-element elementor-element-bpvimlk elementor-widget elementor-widget-image\" data-id=\"bpvimlk\" data-element_type=\"widget\" data-widget_type=\"image.default\">\n\t\t\t\t<div class=\"elementor-widget-container\">\n\t\t\t\t\t\t\t\t\t\t\t\t\t\t<a href=\"http:\/\/www.region-schwabach.de\/wordpress\/werben-auf-region-schwabach\/\" target=\"_blank\">\n\t\t\t\t\t\t\t<img fetchpriority=\"high\" decoding=\"async\" width=\"1024\" height=\"1024\" src=\"https:\/\/www.region-schwabach.de\/wordpress\/wp-content\/uploads\/2017\/06\/werbung8-1024x1024.png\" class=\"attachment-large size-large wp-image-2484\" alt=\"\" srcset=\"https:\/\/www.region-schwabach.de\/wordpress\/wp-content\/uploads\/2017\/06\/werbung8-1024x1024.png 1024w, https:\/\/www.region-schwabach.de\/wordpress\/wp-content\/uploads\/2017\/06\/werbung8-150x150.png 150w, https:\/\/www.region-schwabach.de\/wordpress\/wp-content\/uploads\/2017\/06\/werbung8-300x300.png 300w, https:\/\/www.region-schwabach.de\/wordpress\/wp-content\/uploads\/2017\/06\/werbung8-768x768.png 768w, https:\/\/www.region-schwabach.de\/wordpress\/wp-content\/uploads\/2017\/06\/werbung8-600x600.png 600w, https:\/\/www.region-schwabach.de\/wordpress\/wp-content\/uploads\/2017\/06\/werbung8.png 1200w\" sizes=\"(max-width: 1024px) 100vw, 1024px\" \/>\t\t\t\t\t\t\t\t<\/a>\n\t\t\t\t\t\t\t\t\t\t\t\t\t<\/div>\n\t\t\t\t<\/div>\n\t\t\t\t\t<\/div>\n\t\t<\/div>\n\t\t\t\t\t<\/div>\n\t\t<\/section>\n\t\t\t\t<\/div>\n\t\t","protected":false},"excerpt":{"rendered":"<div class=\"mh-excerpt\"><p>In Stra\u00dfengraben gefahren und gefl\u00fcchtet Pappenheim-\u00a0Am Sonntagvormittag, den 18.03.2018, landete ein 27 J\u00e4hriger aus Treuchtlingen auf der Bundesstra\u00dfe 13 zwischen Rothenstein und Siebenkreuzhof mit seinem Pkw &#8211; wegen nicht an die winterlichen Stra\u00dfenverh\u00e4ltnissen angepa\u00dfter Geschwindigkeit <a class=\"mh-excerpt-more\" href=\"https:\/\/www.region-schwabach.de\/wordpress\/unfall-auf-der-bundesstrasse-13-zwischen-rothenstein-und-siebenkreuzhof-2\/\" title=\"Unfallflucht auf der Bundesstra\u00dfe 13 zwischen Rothenstein und Siebenkreuzhof\">[&#8230;]<\/a><\/p>\n<\/div>","protected":false},"author":1,"featured_media":32299,"comment_status":"open","ping_status":"open","sticky":false,"template":"","format":"standard","meta":{"_cbd_carousel_blocks":"[]","footnotes":""},"categories":[15],"tags":[2635,961,2003,454,893,463,779,401,713,3274,705,457,249],"class_list":{"0":"post-32298","1":"post","2":"type-post","3":"status-publish","4":"format-standard","5":"has-post-thumbnail","7":"category-polizeimeldungen","8":"tag-18-03-2018","9":"tag-audi","10":"tag-bundesstrasse-13","11":"tag-fahrerflucht","12":"tag-pappenheim","13":"tag-pkw","14":"tag-rothenstein","15":"tag-sachschaden","16":"tag-schaden","17":"tag-siebenkreuzhof","18":"tag-strassengraben","19":"tag-unfallflucht","20":"tag-weissenburg"},"_links":{"self":[{"href":"https:\/\/www.region-schwabach.de\/wordpress\/wp-json\/wp\/v2\/posts\/32298","targetHints":{"allow":["GET"]}}],"collection":[{"href":"https:\/\/www.region-schwabach.de\/wordpress\/wp-json\/wp\/v2\/posts"}],"about":[{"href":"https:\/\/www.region-schwabach.de\/wordpress\/wp-json\/wp\/v2\/types\/post"}],"author":[{"embeddable":true,"href":"https:\/\/www.region-schwabach.de\/wordpress\/wp-json\/wp\/v2\/users\/1"}],"replies":[{"embeddable":true,"href":"https:\/\/www.region-schwabach.de\/wordpress\/wp-json\/wp\/v2\/comments?post=32298"}],"version-history":[{"count":0,"href":"https:\/\/www.region-schwabach.de\/wordpress\/wp-json\/wp\/v2\/posts\/32298\/revisions"}],"wp:featuredmedia":[{"embeddable":true,"href":"https:\/\/www.region-schwabach.de\/wordpress\/wp-json\/wp\/v2\/media\/32299"}],"wp:attachment":[{"href":"https:\/\/www.region-schwabach.de\/wordpress\/wp-json\/wp\/v2\/media?parent=32298"}],"wp:term":[{"taxonomy":"category","embeddable":true,"href":"https:\/\/www.region-schwabach.de\/wordpress\/wp-json\/wp\/v2\/categories?post=32298"},{"taxonomy":"post_tag","embeddable":true,"href":"https:\/\/www.region-schwabach.de\/wordpress\/wp-json\/wp\/v2\/tags?post=32298"}],"curies":[{"name":"wp","href":"https:\/\/api.w.org\/{rel}","templated":true}]}}