{"id":32391,"date":"2018-03-20T16:30:31","date_gmt":"2018-03-20T15:30:31","guid":{"rendered":"http:\/\/www.region-schwabach.de\/wordpress\/?p=32391"},"modified":"2018-03-20T16:47:29","modified_gmt":"2018-03-20T15:47:29","slug":"zeuge-fuer-brand-in-weissenburger-innenstadt-gesucht","status":"publish","type":"post","link":"https:\/\/www.region-schwabach.de\/wordpress\/zeuge-fuer-brand-in-weissenburger-innenstadt-gesucht\/","title":{"rendered":"Zeuge f\u00fcr Brand in Wei\u00dfenburger Innenstadt gesucht"},"content":{"rendered":"\t\t<div data-elementor-type=\"wp-post\" data-elementor-id=\"32391\" class=\"elementor elementor-32391 elementor-bc-flex-widget\">\n\t\t\t\t\t\t<section class=\"elementor-section elementor-top-section elementor-element elementor-element-tlus4ia elementor-section-boxed elementor-section-height-default elementor-section-height-default\" data-id=\"tlus4ia\" data-element_type=\"section\">\n\t\t\t\t\t\t<div class=\"elementor-container elementor-column-gap-default\">\n\t\t\t\t\t<div class=\"elementor-column elementor-col-66 elementor-top-column elementor-element elementor-element-sphcucl\" data-id=\"sphcucl\" data-element_type=\"column\">\n\t\t\t<div class=\"elementor-widget-wrap elementor-element-populated\">\n\t\t\t\t\t\t<div class=\"elementor-element elementor-element-4f2h2af elementor-widget elementor-widget-text-editor\" data-id=\"4f2h2af\" data-element_type=\"widget\" data-widget_type=\"text-editor.default\">\n\t\t\t\t<div class=\"elementor-widget-container\">\n\t\t\t\t\t\t\t<h3>Starke Rauchentwicklung in Wei\u00dfenburg<\/h3><p>Wei\u00dfenburg &#8211; Am Montagnachmittag , den 19.03.2018, wurde die Feuerwehr in Wei\u00dfenburg gegen 15.00 Uhr dar\u00fcber in Kenntnis gesetzt, da\u00df aus einer Wohnung in der Schie\u00dfgrabenmauer starker Rauch dringen w\u00fcrde.<\/p><h3>Wohnung in Brand geraten<\/h3><p>Vor Ort stellten die Einsatzkr\u00e4fte dann fest, da\u00df ein Anwesen in der Wei\u00dfenburger Innenstadt aus noch nicht gekl\u00e4rter Ursache in Brand geraten war, und l\u00f6schten das Feuer, so da\u00df ein\u00a0\u00dcbergreifen auf andere Geb\u00e4ude verhindert werden konnte.<\/p><h3>M\u00f6glicherweise Brandstiftung<\/h3><p>Durch den Brand &#8211;\u00a0nach aktuellem Ermittlungsstand kann Brandstiftung als Ursache nicht ausgeschlossen werden &#8211; kamen gl\u00fccklicherweise keine Personen zu Schaden, allerdings entstand ein Sachschaden in H\u00f6he von ca. 50.000 Euro.<\/p><h3>Polizei bittet um Mithilfe<\/h3><p>Anwohner und Passanten, die im angegebenen Zeitraum verd\u00e4chtige Beobachtungen gemacht haben, werden gebeten, diese dem Kriminaldauerdienst Mittelfranken unter der Rufnummer 0911-2112-3333 mitzuteilen. Auch vermeintlich noch so kleine und unwichtig erscheinende Informationen k\u00f6nnen dabei hilfreich f\u00fcr die Aufkl\u00e4rung sein.<\/p>\t\t\t\t\t\t<\/div>\n\t\t\t\t<\/div>\n\t\t\t\t<div class=\"elementor-element elementor-element-39c5f74 elementor-widget elementor-widget-google_maps\" data-id=\"39c5f74\" data-element_type=\"widget\" data-widget_type=\"google_maps.default\">\n\t\t\t\t<div class=\"elementor-widget-container\">\n\t\t\t\t\t<div class=\"elementor-custom-embed\">\n\t\t\t<iframe loading=\"lazy\"\n\t\t\t\t\tsrc=\"https:\/\/maps.google.com\/maps?q=Schie%C3%9Fgrabenmauer%2C%20Wei%C3%9Fenburg%2C%20Deutschland&#038;t=m&#038;z=17&#038;output=embed&#038;iwloc=near\"\n\t\t\t\t\ttitle=\"Schie\u00dfgrabenmauer, Wei\u00dfenburg, Deutschland\"\n\t\t\t\t\taria-label=\"Schie\u00dfgrabenmauer, Wei\u00dfenburg, Deutschland\"\n\t\t\t><\/iframe>\n\t\t<\/div>\n\t\t\t\t<\/div>\n\t\t\t\t<\/div>\n\t\t\t\t\t<\/div>\n\t\t<\/div>\n\t\t\t\t<div class=\"elementor-column elementor-col-33 elementor-top-column elementor-element elementor-element-flkv3o5\" data-id=\"flkv3o5\" data-element_type=\"column\">\n\t\t\t<div class=\"elementor-widget-wrap elementor-element-populated\">\n\t\t\t\t\t\t<div class=\"elementor-element elementor-element-bpvimlk elementor-widget elementor-widget-image\" data-id=\"bpvimlk\" data-element_type=\"widget\" data-widget_type=\"image.default\">\n\t\t\t\t<div class=\"elementor-widget-container\">\n\t\t\t\t\t\t\t\t\t\t\t\t\t\t<a href=\"http:\/\/www.region-schwabach.de\/wordpress\/werben-auf-region-schwabach\/\" target=\"_blank\">\n\t\t\t\t\t\t\t<img fetchpriority=\"high\" decoding=\"async\" width=\"1024\" height=\"1024\" src=\"https:\/\/www.region-schwabach.de\/wordpress\/wp-content\/uploads\/2017\/06\/werbung8-1024x1024.png\" class=\"attachment-large size-large wp-image-2484\" alt=\"\" srcset=\"https:\/\/www.region-schwabach.de\/wordpress\/wp-content\/uploads\/2017\/06\/werbung8-1024x1024.png 1024w, https:\/\/www.region-schwabach.de\/wordpress\/wp-content\/uploads\/2017\/06\/werbung8-150x150.png 150w, https:\/\/www.region-schwabach.de\/wordpress\/wp-content\/uploads\/2017\/06\/werbung8-300x300.png 300w, https:\/\/www.region-schwabach.de\/wordpress\/wp-content\/uploads\/2017\/06\/werbung8-768x768.png 768w, https:\/\/www.region-schwabach.de\/wordpress\/wp-content\/uploads\/2017\/06\/werbung8-600x600.png 600w, https:\/\/www.region-schwabach.de\/wordpress\/wp-content\/uploads\/2017\/06\/werbung8.png 1200w\" sizes=\"(max-width: 1024px) 100vw, 1024px\" \/>\t\t\t\t\t\t\t\t<\/a>\n\t\t\t\t\t\t\t\t\t\t\t\t\t<\/div>\n\t\t\t\t<\/div>\n\t\t\t\t\t<\/div>\n\t\t<\/div>\n\t\t\t\t\t<\/div>\n\t\t<\/section>\n\t\t\t\t<\/div>\n\t\t","protected":false},"excerpt":{"rendered":"<div class=\"mh-excerpt\"><p>Starke Rauchentwicklung in Wei\u00dfenburg Wei\u00dfenburg &#8211; Am Montagnachmittag , den 19.03.2018, wurde die Feuerwehr in Wei\u00dfenburg gegen 15.00 Uhr dar\u00fcber in Kenntnis gesetzt, da\u00df aus einer Wohnung in der Schie\u00dfgrabenmauer starker Rauch dringen w\u00fcrde. Wohnung <a class=\"mh-excerpt-more\" href=\"https:\/\/www.region-schwabach.de\/wordpress\/zeuge-fuer-brand-in-weissenburger-innenstadt-gesucht\/\" title=\"Zeuge f\u00fcr Brand in Wei\u00dfenburger Innenstadt gesucht\">[&#8230;]<\/a><\/p>\n<\/div>","protected":false},"author":1,"featured_media":32392,"comment_status":"open","ping_status":"open","sticky":false,"template":"","format":"standard","meta":{"_cbd_carousel_blocks":"[]","footnotes":""},"categories":[15],"tags":[2781,293,3291,543,296,1779,388,401,713,3290,249,1844,2330],"class_list":{"0":"post-32391","1":"post","2":"type-post","3":"status-publish","4":"format-standard","5":"has-post-thumbnail","7":"category-polizeimeldungen","8":"tag-19-03-2018","9":"tag-brand","10":"tag-brandstiftung-nicht-ausgeschlossen","11":"tag-feuer","12":"tag-feuerwehr","13":"tag-haus","14":"tag-innenstadt","15":"tag-sachschaden","16":"tag-schaden","17":"tag-schiessgrabenmauer","18":"tag-weissenburg","19":"tag-wohnung","20":"tag-zeugen"},"_links":{"self":[{"href":"https:\/\/www.region-schwabach.de\/wordpress\/wp-json\/wp\/v2\/posts\/32391","targetHints":{"allow":["GET"]}}],"collection":[{"href":"https:\/\/www.region-schwabach.de\/wordpress\/wp-json\/wp\/v2\/posts"}],"about":[{"href":"https:\/\/www.region-schwabach.de\/wordpress\/wp-json\/wp\/v2\/types\/post"}],"author":[{"embeddable":true,"href":"https:\/\/www.region-schwabach.de\/wordpress\/wp-json\/wp\/v2\/users\/1"}],"replies":[{"embeddable":true,"href":"https:\/\/www.region-schwabach.de\/wordpress\/wp-json\/wp\/v2\/comments?post=32391"}],"version-history":[{"count":0,"href":"https:\/\/www.region-schwabach.de\/wordpress\/wp-json\/wp\/v2\/posts\/32391\/revisions"}],"wp:featuredmedia":[{"embeddable":true,"href":"https:\/\/www.region-schwabach.de\/wordpress\/wp-json\/wp\/v2\/media\/32392"}],"wp:attachment":[{"href":"https:\/\/www.region-schwabach.de\/wordpress\/wp-json\/wp\/v2\/media?parent=32391"}],"wp:term":[{"taxonomy":"category","embeddable":true,"href":"https:\/\/www.region-schwabach.de\/wordpress\/wp-json\/wp\/v2\/categories?post=32391"},{"taxonomy":"post_tag","embeddable":true,"href":"https:\/\/www.region-schwabach.de\/wordpress\/wp-json\/wp\/v2\/tags?post=32391"}],"curies":[{"name":"wp","href":"https:\/\/api.w.org\/{rel}","templated":true}]}}