{"id":32436,"date":"2018-03-21T07:33:22","date_gmt":"2018-03-21T06:33:22","guid":{"rendered":"http:\/\/www.region-schwabach.de\/wordpress\/?p=32436"},"modified":"2018-03-21T07:39:59","modified_gmt":"2018-03-21T06:39:59","slug":"sachbeschaedigung-an-pkw-in-schwabach","status":"publish","type":"post","link":"https:\/\/www.region-schwabach.de\/wordpress\/sachbeschaedigung-an-pkw-in-schwabach\/","title":{"rendered":"Sachbesch\u00e4digung an PKW in Schwabach"},"content":{"rendered":"\t\t<div data-elementor-type=\"wp-post\" data-elementor-id=\"32436\" class=\"elementor elementor-32436 elementor-bc-flex-widget\">\n\t\t\t\t\t\t<section class=\"elementor-section elementor-top-section elementor-element elementor-element-tlus4ia elementor-section-boxed elementor-section-height-default elementor-section-height-default\" data-id=\"tlus4ia\" data-element_type=\"section\">\n\t\t\t\t\t\t<div class=\"elementor-container elementor-column-gap-default\">\n\t\t\t\t\t<div class=\"elementor-column elementor-col-66 elementor-top-column elementor-element elementor-element-sphcucl\" data-id=\"sphcucl\" data-element_type=\"column\">\n\t\t\t<div class=\"elementor-widget-wrap elementor-element-populated\">\n\t\t\t\t\t\t<div class=\"elementor-element elementor-element-4f2h2af elementor-widget elementor-widget-text-editor\" data-id=\"4f2h2af\" data-element_type=\"widget\" data-widget_type=\"text-editor.default\">\n\t\t\t\t<div class=\"elementor-widget-container\">\n\t\t\t\t\t\t\t<h3>PKW in Schwabach mutwillig besch\u00e4digt<\/h3><p>Schwabach &#8211; In der Nacht von Freitag, den 16.03.2018, auf Samstag, den 17.03.2018, wurde auf dem Parkplatz an der N\u00fcrnberger Stra\u00dfe\/N\u00f6rdliche Mauerstra\u00dfe in Schwabach ein silberner Mercedes E 200 mutwillig besch\u00e4digt, indem\u00a0das vordere Kennzeichen abgetreten, und der Mercedes Stern an der Motorhaube besch\u00e4digt wurde. Insgesamt verursachte der unbekannte T\u00e4ter dabei einen Sachschaden in H\u00f6he von ca. 200 Euro.<\/p><h3>Polizei bittet um Mithilfe<\/h3><p>Personen, die verd\u00e4chtige Beobachtungen gemacht haben, werden gebeten, diese der Polizei in Schwabach unter der Rufnummer 09122-927-0 mitzuteilen.<\/p>\t\t\t\t\t\t<\/div>\n\t\t\t\t<\/div>\n\t\t\t\t<div class=\"elementor-element elementor-element-39c5f74 elementor-widget elementor-widget-google_maps\" data-id=\"39c5f74\" data-element_type=\"widget\" data-widget_type=\"google_maps.default\">\n\t\t\t\t<div class=\"elementor-widget-container\">\n\t\t\t\t\t<div class=\"elementor-custom-embed\">\n\t\t\t<iframe loading=\"lazy\"\n\t\t\t\t\tsrc=\"https:\/\/maps.google.com\/maps?q=49.332177%2C%2011.021955&#038;t=m&#038;z=18&#038;output=embed&#038;iwloc=near\"\n\t\t\t\t\ttitle=\"49.332177, 11.021955\"\n\t\t\t\t\taria-label=\"49.332177, 11.021955\"\n\t\t\t><\/iframe>\n\t\t<\/div>\n\t\t\t\t<\/div>\n\t\t\t\t<\/div>\n\t\t\t\t\t<\/div>\n\t\t<\/div>\n\t\t\t\t<div class=\"elementor-column elementor-col-33 elementor-top-column elementor-element elementor-element-flkv3o5\" data-id=\"flkv3o5\" data-element_type=\"column\">\n\t\t\t<div class=\"elementor-widget-wrap elementor-element-populated\">\n\t\t\t\t\t\t<div class=\"elementor-element elementor-element-bpvimlk elementor-widget elementor-widget-image\" data-id=\"bpvimlk\" data-element_type=\"widget\" data-widget_type=\"image.default\">\n\t\t\t\t<div class=\"elementor-widget-container\">\n\t\t\t\t\t\t\t\t\t\t\t\t\t\t<a href=\"http:\/\/www.region-schwabach.de\/wordpress\/werben-auf-region-schwabach\/\" target=\"_blank\">\n\t\t\t\t\t\t\t<img fetchpriority=\"high\" decoding=\"async\" width=\"1024\" height=\"1024\" src=\"https:\/\/www.region-schwabach.de\/wordpress\/wp-content\/uploads\/2017\/06\/werbung8-1024x1024.png\" class=\"attachment-large size-large wp-image-2484\" alt=\"\" srcset=\"https:\/\/www.region-schwabach.de\/wordpress\/wp-content\/uploads\/2017\/06\/werbung8-1024x1024.png 1024w, https:\/\/www.region-schwabach.de\/wordpress\/wp-content\/uploads\/2017\/06\/werbung8-150x150.png 150w, https:\/\/www.region-schwabach.de\/wordpress\/wp-content\/uploads\/2017\/06\/werbung8-300x300.png 300w, https:\/\/www.region-schwabach.de\/wordpress\/wp-content\/uploads\/2017\/06\/werbung8-768x768.png 768w, https:\/\/www.region-schwabach.de\/wordpress\/wp-content\/uploads\/2017\/06\/werbung8-600x600.png 600w, https:\/\/www.region-schwabach.de\/wordpress\/wp-content\/uploads\/2017\/06\/werbung8.png 1200w\" sizes=\"(max-width: 1024px) 100vw, 1024px\" \/>\t\t\t\t\t\t\t\t<\/a>\n\t\t\t\t\t\t\t\t\t\t\t\t\t<\/div>\n\t\t\t\t<\/div>\n\t\t\t\t\t<\/div>\n\t\t<\/div>\n\t\t\t\t\t<\/div>\n\t\t<\/section>\n\t\t\t\t<\/div>\n\t\t","protected":false},"excerpt":{"rendered":"<div class=\"mh-excerpt\"><p>PKW in Schwabach mutwillig besch\u00e4digt Schwabach &#8211; In der Nacht von Freitag, den 16.03.2018, auf Samstag, den 17.03.2018, wurde auf dem Parkplatz an der N\u00fcrnberger Stra\u00dfe\/N\u00f6rdliche Mauerstra\u00dfe in Schwabach ein silberner Mercedes E 200 mutwillig <a class=\"mh-excerpt-more\" href=\"https:\/\/www.region-schwabach.de\/wordpress\/sachbeschaedigung-an-pkw-in-schwabach\/\" title=\"Sachbesch\u00e4digung an PKW in Schwabach\">[&#8230;]<\/a><\/p>\n<\/div>","protected":false},"author":1,"featured_media":32437,"comment_status":"open","ping_status":"open","sticky":false,"template":"","format":"standard","meta":{"_cbd_carousel_blocks":"[]","footnotes":""},"categories":[15],"tags":[2779,2780,1556,3292,3293,1505,464,463,487,401,713,19],"class_list":{"0":"post-32436","1":"post","2":"type-post","3":"status-publish","4":"format-standard","5":"has-post-thumbnail","7":"category-polizeimeldungen","8":"tag-16-03-2018","9":"tag-17-03-2018","10":"tag-kennzeichen","11":"tag-mercedes-e-200","12":"tag-mercedes-stern","13":"tag-noerdliche-mauerstrasse","14":"tag-nuernberger-strasse","15":"tag-pkw","16":"tag-sachbeschaedigung","17":"tag-sachschaden","18":"tag-schaden","19":"tag-schwabach"},"_links":{"self":[{"href":"https:\/\/www.region-schwabach.de\/wordpress\/wp-json\/wp\/v2\/posts\/32436","targetHints":{"allow":["GET"]}}],"collection":[{"href":"https:\/\/www.region-schwabach.de\/wordpress\/wp-json\/wp\/v2\/posts"}],"about":[{"href":"https:\/\/www.region-schwabach.de\/wordpress\/wp-json\/wp\/v2\/types\/post"}],"author":[{"embeddable":true,"href":"https:\/\/www.region-schwabach.de\/wordpress\/wp-json\/wp\/v2\/users\/1"}],"replies":[{"embeddable":true,"href":"https:\/\/www.region-schwabach.de\/wordpress\/wp-json\/wp\/v2\/comments?post=32436"}],"version-history":[{"count":0,"href":"https:\/\/www.region-schwabach.de\/wordpress\/wp-json\/wp\/v2\/posts\/32436\/revisions"}],"wp:featuredmedia":[{"embeddable":true,"href":"https:\/\/www.region-schwabach.de\/wordpress\/wp-json\/wp\/v2\/media\/32437"}],"wp:attachment":[{"href":"https:\/\/www.region-schwabach.de\/wordpress\/wp-json\/wp\/v2\/media?parent=32436"}],"wp:term":[{"taxonomy":"category","embeddable":true,"href":"https:\/\/www.region-schwabach.de\/wordpress\/wp-json\/wp\/v2\/categories?post=32436"},{"taxonomy":"post_tag","embeddable":true,"href":"https:\/\/www.region-schwabach.de\/wordpress\/wp-json\/wp\/v2\/tags?post=32436"}],"curies":[{"name":"wp","href":"https:\/\/api.w.org\/{rel}","templated":true}]}}