{"id":32991,"date":"2018-03-25T12:39:42","date_gmt":"2018-03-25T10:39:42","guid":{"rendered":"http:\/\/www.region-schwabach.de\/wordpress\/?p=32991"},"modified":"2018-03-25T13:08:04","modified_gmt":"2018-03-25T11:08:04","slug":"jede-menge-einsaetze-fuer-die-polizeiinspektion-in-roth","status":"publish","type":"post","link":"https:\/\/www.region-schwabach.de\/wordpress\/jede-menge-einsaetze-fuer-die-polizeiinspektion-in-roth\/","title":{"rendered":"Jede Menge Eins\u00e4tze f\u00fcr die Polizeiinspektion in Roth"},"content":{"rendered":"\t\t<div data-elementor-type=\"wp-post\" data-elementor-id=\"32991\" class=\"elementor elementor-32991 elementor-bc-flex-widget\">\n\t\t\t\t\t\t<section class=\"elementor-section elementor-top-section elementor-element elementor-element-tlus4ia elementor-section-boxed elementor-section-height-default elementor-section-height-default\" data-id=\"tlus4ia\" data-element_type=\"section\">\n\t\t\t\t\t\t<div class=\"elementor-container elementor-column-gap-default\">\n\t\t\t\t\t<div class=\"elementor-column elementor-col-66 elementor-top-column elementor-element elementor-element-sphcucl\" data-id=\"sphcucl\" data-element_type=\"column\">\n\t\t\t<div class=\"elementor-widget-wrap elementor-element-populated\">\n\t\t\t\t\t\t<div class=\"elementor-element elementor-element-4f2h2af elementor-widget elementor-widget-text-editor\" data-id=\"4f2h2af\" data-element_type=\"widget\" data-widget_type=\"text-editor.default\">\n\t\t\t\t<div class=\"elementor-widget-container\">\n\t\t\t\t\t\t\t<h3>Bei kurzer &#8222;Runde&#8220; gest\u00fcrzt<\/h3><p>Spalt &#8211; Am Freitagnachmittag, den 23.03,2018, unternahm ein 49-j\u00e4hriger Spalter eine kurze Probefahrt mit seinem nagelneuen Kraftrad, weshalb er glaubte, bei der kurzen Fahrt auf den Helm verzichten zu k\u00f6nnen.<\/p><p>Und genau da passierte es dann: am nord\u00f6stlichen Stadtrand von Spalt st\u00fcrzte er und verletzte sich dabei leicht (Platzwunde am Kopf, Gehirnersch\u00fctterung, Armprellung), und mu\u00dfte ins Rother Krankenhaus gebracht werden.<\/p><h3>Junggesellinnenabschied au\u00dfer Kontrolle geraten<\/h3><p>Schwanstetten &#8211; Von Freitag, den 23.03.2018, auf Samstag, den 24.03.2018 feierten vier junge Frauen einen Junggesellinnenabschied, bei dem auch Kekse, Muffins und Kuchen serviert wurden, denen allerdings &#8211; zum Anheizen der Stimmung &#8211; Haschisch oder Marihuana untergemischt waren.<\/p><p>Nach kurzer Zeit mu\u00dfte &#8211; wegen akuter Vergiftungserscheinungen &#8211; der Rettungsdienst alarmiert werden, und die Vier wurden ins Klinikum N\u00fcrnberg gebracht, wo sie die Nacht verbingen mu\u00dften. Au\u00dferdem wurde ein Verfahren wegen Versto\u00df gegen das Bet\u00e4ubungsmittelgesetz eingeleitet.<\/p><h3>Br\u00fccke mutwillig besch\u00e4digt<\/h3><p>Roth &#8211; Am Samstag, den 24.03.2018, wurde der Polizei in Roth in den fr\u00fchen Abendstunden mitgeteilt, da\u00df eine Gruppe Jugendlicher gerade dabei seien, das Gel\u00e4nder der Holzbr\u00fccke am Philosophenweg mutwillig zu besch\u00e4digen bzw. zu zerst\u00f6ren.<\/p><p>Streifen der Rother Polizei konnten dann in der N\u00e4he des Tatorts dort auch mehrere Jugendliche antreffen. Der Sachschaden bel\u00e4uft sich auf ca. 3.000 Euro, der Rother Bauhof musste noch am Abend die Br\u00fccke f\u00fcr Fu\u00dfg\u00e4nger wieder begehbar machen.<\/p><h3>Einbruch an massiver Haust\u00fcre gescheitert<\/h3><p>Roth &#8211; In der Nacht von Samstag, den 24.03.2018 (19.00 Uhr) auf Sonntag, den 25.03.2018 (04.00 Uhr) scheiterten Einbrecher an der massiven Haust\u00fcre bei dem Versuch in ein Wohnhaus in der Untersteinbacher Stra\u00dfe in Roth einzubrechen.<\/p><p>Der Bewohner bemerkte den Einbruch nach seiner R\u00fcckkehr, da die T\u00e4ter die T\u00fcre bei dem Einbruchsversuch erheblich besch\u00e4digten. Ausserdem wurde der Bewegungsmelder der Lampe nahe des Eingangs verbogen.<\/p><h3>Einnahmen aus B\u00e4ckerei gestohlen<\/h3><p>Spalt &#8211; In der Nacht von Freitag, den 23.03.2018, auf Samstag, den 24.03.2018 hat ein bislang Unbekannter bei einem Einbruch aus der B\u00e4ckereifiliale im Edeka-Markt in der Rother Stra\u00dfe die Tageseinnahmen und das Wechselgeld entwendet.<\/p><p>Den Betrag von mehreren Hundert Euro entwendete der Einbrecher aus einem versperrten Metallspind, wie der Dieb in die Filiale gelangte, ist noch Gegenstand der Ermittlungen.\u00a0\u00a0<\/p><h3>Polizei bittet um Mithilfe<\/h3><p>Personen, die verd\u00e4chtige Beobachtungen gemacht haben, werden gebeten, diese der Polizei in Roth unter der Rufnummer 09171-9744-0 mitzuteilen.<\/p>\t\t\t\t\t\t<\/div>\n\t\t\t\t<\/div>\n\t\t\t\t<div class=\"elementor-element elementor-element-39c5f74 elementor-widget elementor-widget-google_maps\" data-id=\"39c5f74\" data-element_type=\"widget\" data-widget_type=\"google_maps.default\">\n\t\t\t\t<div class=\"elementor-widget-container\">\n\t\t\t\t\t<div class=\"elementor-custom-embed\">\n\t\t\t<iframe loading=\"lazy\"\n\t\t\t\t\tsrc=\"https:\/\/maps.google.com\/maps?q=Roth%2C%20Deutschland&#038;t=m&#038;z=14&#038;output=embed&#038;iwloc=near\"\n\t\t\t\t\ttitle=\"Roth, Deutschland\"\n\t\t\t\t\taria-label=\"Roth, Deutschland\"\n\t\t\t><\/iframe>\n\t\t<\/div>\n\t\t\t\t<\/div>\n\t\t\t\t<\/div>\n\t\t\t\t\t<\/div>\n\t\t<\/div>\n\t\t\t\t<div class=\"elementor-column elementor-col-33 elementor-top-column elementor-element elementor-element-flkv3o5\" data-id=\"flkv3o5\" data-element_type=\"column\">\n\t\t\t<div class=\"elementor-widget-wrap elementor-element-populated\">\n\t\t\t\t\t\t<div class=\"elementor-element elementor-element-bpvimlk elementor-widget elementor-widget-image\" data-id=\"bpvimlk\" data-element_type=\"widget\" data-widget_type=\"image.default\">\n\t\t\t\t<div class=\"elementor-widget-container\">\n\t\t\t\t\t\t\t\t\t\t\t\t\t\t<a href=\"http:\/\/www.region-schwabach.de\/wordpress\/werben-auf-region-schwabach\/\" target=\"_blank\">\n\t\t\t\t\t\t\t<img fetchpriority=\"high\" decoding=\"async\" width=\"1024\" height=\"1024\" src=\"https:\/\/www.region-schwabach.de\/wordpress\/wp-content\/uploads\/2017\/06\/werbung8-1024x1024.png\" class=\"attachment-large size-large wp-image-2484\" alt=\"\" srcset=\"https:\/\/www.region-schwabach.de\/wordpress\/wp-content\/uploads\/2017\/06\/werbung8-1024x1024.png 1024w, https:\/\/www.region-schwabach.de\/wordpress\/wp-content\/uploads\/2017\/06\/werbung8-150x150.png 150w, https:\/\/www.region-schwabach.de\/wordpress\/wp-content\/uploads\/2017\/06\/werbung8-300x300.png 300w, https:\/\/www.region-schwabach.de\/wordpress\/wp-content\/uploads\/2017\/06\/werbung8-768x768.png 768w, https:\/\/www.region-schwabach.de\/wordpress\/wp-content\/uploads\/2017\/06\/werbung8-600x600.png 600w, https:\/\/www.region-schwabach.de\/wordpress\/wp-content\/uploads\/2017\/06\/werbung8.png 1200w\" sizes=\"(max-width: 1024px) 100vw, 1024px\" \/>\t\t\t\t\t\t\t\t<\/a>\n\t\t\t\t\t\t\t\t\t\t\t\t\t<\/div>\n\t\t\t\t<\/div>\n\t\t\t\t\t<\/div>\n\t\t<\/div>\n\t\t\t\t\t<\/div>\n\t\t<\/section>\n\t\t\t\t<\/div>\n\t\t","protected":false},"excerpt":{"rendered":"<div class=\"mh-excerpt\"><p>Bei kurzer &#8222;Runde&#8220; gest\u00fcrzt Spalt &#8211; Am Freitagnachmittag, den 23.03,2018, unternahm ein 49-j\u00e4hriger Spalter eine kurze Probefahrt mit seinem nagelneuen Kraftrad, weshalb er glaubte, bei der kurzen Fahrt auf den Helm verzichten zu k\u00f6nnen. Und <a class=\"mh-excerpt-more\" href=\"https:\/\/www.region-schwabach.de\/wordpress\/jede-menge-einsaetze-fuer-die-polizeiinspektion-in-roth\/\" title=\"Jede Menge Eins\u00e4tze f\u00fcr die Polizeiinspektion in Roth\">[&#8230;]<\/a><\/p>\n<\/div>","protected":false},"author":1,"featured_media":32992,"comment_status":"open","ping_status":"open","sticky":false,"template":"","format":"standard","meta":{"_cbd_carousel_blocks":"[]","footnotes":""},"categories":[15],"tags":[2785,2786,30,701,217,922,1204,1774,3327,563,3329,32,170,487,401,713,430,628,875,3028,334,3328,872,1641],"class_list":{"0":"post-32991","1":"post","2":"type-post","3":"status-publish","4":"format-standard","5":"has-post-thumbnail","7":"category-polizeimeldungen","8":"tag-23-03-2018","9":"tag-24-03-2018","10":"tag-diebstahl","11":"tag-drogen","12":"tag-einbruch","13":"tag-gelaender","14":"tag-haustuer","15":"tag-holzbruecke","16":"tag-junggesellinnenabschied","17":"tag-motorrad","18":"tag-philosophenweg","19":"tag-roth","20":"tag-rother-strasse","21":"tag-sachbeschaedigung","22":"tag-sachschaden","23":"tag-schaden","24":"tag-schwanstetten","25":"tag-spalt","26":"tag-sturz","27":"tag-tageseinnahmen","28":"tag-unfall","29":"tag-untersteinbacher-strasse","30":"tag-verletzungen","31":"tag-wechselgeld"},"_links":{"self":[{"href":"https:\/\/www.region-schwabach.de\/wordpress\/wp-json\/wp\/v2\/posts\/32991","targetHints":{"allow":["GET"]}}],"collection":[{"href":"https:\/\/www.region-schwabach.de\/wordpress\/wp-json\/wp\/v2\/posts"}],"about":[{"href":"https:\/\/www.region-schwabach.de\/wordpress\/wp-json\/wp\/v2\/types\/post"}],"author":[{"embeddable":true,"href":"https:\/\/www.region-schwabach.de\/wordpress\/wp-json\/wp\/v2\/users\/1"}],"replies":[{"embeddable":true,"href":"https:\/\/www.region-schwabach.de\/wordpress\/wp-json\/wp\/v2\/comments?post=32991"}],"version-history":[{"count":0,"href":"https:\/\/www.region-schwabach.de\/wordpress\/wp-json\/wp\/v2\/posts\/32991\/revisions"}],"wp:featuredmedia":[{"embeddable":true,"href":"https:\/\/www.region-schwabach.de\/wordpress\/wp-json\/wp\/v2\/media\/32992"}],"wp:attachment":[{"href":"https:\/\/www.region-schwabach.de\/wordpress\/wp-json\/wp\/v2\/media?parent=32991"}],"wp:term":[{"taxonomy":"category","embeddable":true,"href":"https:\/\/www.region-schwabach.de\/wordpress\/wp-json\/wp\/v2\/categories?post=32991"},{"taxonomy":"post_tag","embeddable":true,"href":"https:\/\/www.region-schwabach.de\/wordpress\/wp-json\/wp\/v2\/tags?post=32991"}],"curies":[{"name":"wp","href":"https:\/\/api.w.org\/{rel}","templated":true}]}}