{"id":32995,"date":"2018-03-24T21:12:08","date_gmt":"2018-03-24T20:12:08","guid":{"rendered":"http:\/\/www.region-schwabach.de\/wordpress\/?p=32995"},"modified":"2018-03-25T14:04:06","modified_gmt":"2018-03-25T12:04:06","slug":"toedlicher-verkehrsunfall-auf-der-b2-zwischen-schambach-und-dettenheim","status":"publish","type":"post","link":"https:\/\/www.region-schwabach.de\/wordpress\/toedlicher-verkehrsunfall-auf-der-b2-zwischen-schambach-und-dettenheim\/","title":{"rendered":"T\u00f6dlicher Verkehrsunfall auf der B2 zwischen Schambach und Dettenheim"},"content":{"rendered":"\t\t<div data-elementor-type=\"wp-post\" data-elementor-id=\"32995\" class=\"elementor elementor-32995 elementor-bc-flex-widget\">\n\t\t\t\t\t\t<section class=\"elementor-section elementor-top-section elementor-element elementor-element-tlus4ia elementor-section-boxed elementor-section-height-default elementor-section-height-default\" data-id=\"tlus4ia\" data-element_type=\"section\">\n\t\t\t\t\t\t<div class=\"elementor-container elementor-column-gap-default\">\n\t\t\t\t\t<div class=\"elementor-column elementor-col-66 elementor-top-column elementor-element elementor-element-sphcucl\" data-id=\"sphcucl\" data-element_type=\"column\">\n\t\t\t<div class=\"elementor-widget-wrap elementor-element-populated\">\n\t\t\t\t\t\t<div class=\"elementor-element elementor-element-4f2h2af elementor-widget elementor-widget-text-editor\" data-id=\"4f2h2af\" data-element_type=\"widget\" data-widget_type=\"text-editor.default\">\n\t\t\t\t<div class=\"elementor-widget-container\">\n\t\t\t\t\t\t\t<h3>Schwerer Verkehrsunfal auf der Bundesstra\u00dfe 2<\/h3><p>Wei\u00dfenburg- Am Samstagabend, den 24.03,2018, kam es im\u00a0Landkreis Wei\u00dfenburg-Gunzenhausen gegen 18.00 Uhr zu einem verheerenden Verkehrsunfall, bei dem ein Mann get\u00f6tet, und sechs weitere Beteiligte zum Teil lebensgef\u00e4hrlich verletzt wurden.<\/p><h3>71 J\u00e4hriger ger\u00e4t in Gegenverkehr<\/h3><p>Der schwere Verkehrsunfall ereignete sich , als ein 71-j\u00e4hriger Citroen-Fahrer gegen 18:00 Uhr auf der Bundessstra\u00dfe 2 zwischen den Anschlussstellen Schambach und Dettenheim in Richtung Wei\u00dfenburg (dort ist die Fahrbahn in diese Richtung nur mit einem Fahrstreifen markiert) unterwegs war, und aus noch ungekl\u00e4rten Gr\u00fcnden pl\u00f6tzlich nach links in den zweispurigen Gegenverkehr geriet, und dort frontal mit einem entgegenkommenden Audi zusammenstie\u00df.<\/p><h3>Fahrer des Citroen stirbt noch an der Unfallstelle<\/h3><p>Der Citroen-Fhrer starb noch an der Unfallstelle, seine 66-j\u00e4hrige Begleiterin erlitt lebensgef\u00e4hrliche Verletzungen, genauso wie die beiden Insassen (Fahrer: 50 Jahre, Beifahrerin: 49 Jahre) des Audi. die alle mit dem Rettungshubschrauber in Krankenh\u00e4user geflogen wurden.<\/p><h3>Zwei weitere Fahrzeuge in Unfall verwickelt<\/h3><p>Zwei hinter dem Audi fahrende PKW (ein Opel und ein Fiat) wurden ebenfalls noch in den Unfall verwickelt, wobei der 26-j\u00e4hrige Opelfahrer sowie die beiden Insassen des Fiat ebenfalls leicht verletzt wurden, und vorsorglich ebenfalls in Krankenh\u00e4user kamen.<\/p><h3>B2 komplett gesperrt<\/h3><p>Die Bundesstra\u00dfe 2 war zeitweilig komplett gesperrt,die Freiwillige Feuerwehr Wei\u00dfenburg \u00fcbernahm die Umleitungsma\u00dfnahmen und unterst\u00fctzte die polizeiliche Arbeit durch Ausleuchten der Unfallstelle sowie durch Aufr\u00e4umungsarbeiten.<\/p>\t\t\t\t\t\t<\/div>\n\t\t\t\t<\/div>\n\t\t\t\t<div class=\"elementor-element elementor-element-39c5f74 elementor-widget elementor-widget-google_maps\" data-id=\"39c5f74\" data-element_type=\"widget\" data-widget_type=\"google_maps.default\">\n\t\t\t\t<div class=\"elementor-widget-container\">\n\t\t\t\t\t<div class=\"elementor-custom-embed\">\n\t\t\t<iframe loading=\"lazy\"\n\t\t\t\t\tsrc=\"https:\/\/maps.google.com\/maps?q=48.978799%2C%2010.943684&#038;t=m&#038;z=14&#038;output=embed&#038;iwloc=near\"\n\t\t\t\t\ttitle=\"48.978799, 10.943684\"\n\t\t\t\t\taria-label=\"48.978799, 10.943684\"\n\t\t\t><\/iframe>\n\t\t<\/div>\n\t\t\t\t<\/div>\n\t\t\t\t<\/div>\n\t\t\t\t\t<\/div>\n\t\t<\/div>\n\t\t\t\t<div class=\"elementor-column elementor-col-33 elementor-top-column elementor-element elementor-element-flkv3o5\" data-id=\"flkv3o5\" data-element_type=\"column\">\n\t\t\t<div class=\"elementor-widget-wrap elementor-element-populated\">\n\t\t\t\t\t\t<div class=\"elementor-element elementor-element-bpvimlk elementor-widget elementor-widget-image\" data-id=\"bpvimlk\" data-element_type=\"widget\" data-widget_type=\"image.default\">\n\t\t\t\t<div class=\"elementor-widget-container\">\n\t\t\t\t\t\t\t\t\t\t\t\t\t\t<a href=\"http:\/\/www.region-schwabach.de\/wordpress\/werben-auf-region-schwabach\/\" target=\"_blank\">\n\t\t\t\t\t\t\t<img fetchpriority=\"high\" decoding=\"async\" width=\"1024\" height=\"1024\" src=\"https:\/\/www.region-schwabach.de\/wordpress\/wp-content\/uploads\/2017\/06\/werbung8-1024x1024.png\" class=\"attachment-large size-large wp-image-2484\" alt=\"\" srcset=\"https:\/\/www.region-schwabach.de\/wordpress\/wp-content\/uploads\/2017\/06\/werbung8-1024x1024.png 1024w, https:\/\/www.region-schwabach.de\/wordpress\/wp-content\/uploads\/2017\/06\/werbung8-150x150.png 150w, https:\/\/www.region-schwabach.de\/wordpress\/wp-content\/uploads\/2017\/06\/werbung8-300x300.png 300w, https:\/\/www.region-schwabach.de\/wordpress\/wp-content\/uploads\/2017\/06\/werbung8-768x768.png 768w, https:\/\/www.region-schwabach.de\/wordpress\/wp-content\/uploads\/2017\/06\/werbung8-600x600.png 600w, https:\/\/www.region-schwabach.de\/wordpress\/wp-content\/uploads\/2017\/06\/werbung8.png 1200w\" sizes=\"(max-width: 1024px) 100vw, 1024px\" \/>\t\t\t\t\t\t\t\t<\/a>\n\t\t\t\t\t\t\t\t\t\t\t\t\t<\/div>\n\t\t\t\t<\/div>\n\t\t\t\t\t<\/div>\n\t\t<\/div>\n\t\t\t\t\t<\/div>\n\t\t<\/section>\n\t\t\t\t<\/div>\n\t\t","protected":false},"excerpt":{"rendered":"<div class=\"mh-excerpt\"><p>Schwerer Verkehrsunfal auf der Bundesstra\u00dfe 2 Wei\u00dfenburg- Am Samstagabend, den 24.03,2018, kam es im\u00a0Landkreis Wei\u00dfenburg-Gunzenhausen gegen 18.00 Uhr zu einem verheerenden Verkehrsunfall, bei dem ein Mann get\u00f6tet, und sechs weitere Beteiligte zum Teil lebensgef\u00e4hrlich verletzt <a class=\"mh-excerpt-more\" href=\"https:\/\/www.region-schwabach.de\/wordpress\/toedlicher-verkehrsunfall-auf-der-b2-zwischen-schambach-und-dettenheim\/\" title=\"T\u00f6dlicher Verkehrsunfall auf der B2 zwischen Schambach und Dettenheim\">[&#8230;]<\/a><\/p>\n<\/div>","protected":false},"author":1,"featured_media":32996,"comment_status":"open","ping_status":"open","sticky":false,"template":"","format":"standard","meta":{"_cbd_carousel_blocks":"[]","footnotes":""},"categories":[16,15],"tags":[2786,961,541,951,980,551,3332,602,555,1043,1856,1540,972,3330,603,3331,334,249],"class_list":{"0":"post-32995","1":"post","2":"type-post","3":"status-publish","4":"format-standard","5":"has-post-thumbnail","7":"category-aktuell","8":"category-polizeimeldungen","9":"tag-24-03-2018","10":"tag-audi","11":"tag-bundesstrasse-2","12":"tag-citroen","13":"tag-dettenheim","14":"tag-fiat","15":"tag-freiwillige-feuerwehr","16":"tag-frontalzusammenstoss","17":"tag-gegenverkehr","18":"tag-gunzenhausen","19":"tag-krankenhaus","20":"tag-opel","21":"tag-rettungshubschrauber","22":"tag-schambach","23":"tag-schwerverletzte","24":"tag-toter","25":"tag-unfall","26":"tag-weissenburg"},"_links":{"self":[{"href":"https:\/\/www.region-schwabach.de\/wordpress\/wp-json\/wp\/v2\/posts\/32995","targetHints":{"allow":["GET"]}}],"collection":[{"href":"https:\/\/www.region-schwabach.de\/wordpress\/wp-json\/wp\/v2\/posts"}],"about":[{"href":"https:\/\/www.region-schwabach.de\/wordpress\/wp-json\/wp\/v2\/types\/post"}],"author":[{"embeddable":true,"href":"https:\/\/www.region-schwabach.de\/wordpress\/wp-json\/wp\/v2\/users\/1"}],"replies":[{"embeddable":true,"href":"https:\/\/www.region-schwabach.de\/wordpress\/wp-json\/wp\/v2\/comments?post=32995"}],"version-history":[{"count":0,"href":"https:\/\/www.region-schwabach.de\/wordpress\/wp-json\/wp\/v2\/posts\/32995\/revisions"}],"wp:featuredmedia":[{"embeddable":true,"href":"https:\/\/www.region-schwabach.de\/wordpress\/wp-json\/wp\/v2\/media\/32996"}],"wp:attachment":[{"href":"https:\/\/www.region-schwabach.de\/wordpress\/wp-json\/wp\/v2\/media?parent=32995"}],"wp:term":[{"taxonomy":"category","embeddable":true,"href":"https:\/\/www.region-schwabach.de\/wordpress\/wp-json\/wp\/v2\/categories?post=32995"},{"taxonomy":"post_tag","embeddable":true,"href":"https:\/\/www.region-schwabach.de\/wordpress\/wp-json\/wp\/v2\/tags?post=32995"}],"curies":[{"name":"wp","href":"https:\/\/api.w.org\/{rel}","templated":true}]}}