{"id":33161,"date":"2018-03-26T13:02:56","date_gmt":"2018-03-26T11:02:56","guid":{"rendered":"http:\/\/www.region-schwabach.de\/wordpress\/?p=33161"},"modified":"2018-03-26T13:09:28","modified_gmt":"2018-03-26T11:09:28","slug":"fahrerflucht-nach-unfall-auf-obi-parkplatz-in-schwabach","status":"publish","type":"post","link":"https:\/\/www.region-schwabach.de\/wordpress\/fahrerflucht-nach-unfall-auf-obi-parkplatz-in-schwabach\/","title":{"rendered":"Fahrerflucht nach Unfall auf OBI-Parkplatz in Schwabach"},"content":{"rendered":"\t\t<div data-elementor-type=\"wp-post\" data-elementor-id=\"33161\" class=\"elementor elementor-33161 elementor-bc-flex-widget\">\n\t\t\t\t\t\t<section class=\"elementor-section elementor-top-section elementor-element elementor-element-tlus4ia elementor-section-boxed elementor-section-height-default elementor-section-height-default\" data-id=\"tlus4ia\" data-element_type=\"section\">\n\t\t\t\t\t\t<div class=\"elementor-container elementor-column-gap-default\">\n\t\t\t\t\t<div class=\"elementor-column elementor-col-66 elementor-top-column elementor-element elementor-element-sphcucl\" data-id=\"sphcucl\" data-element_type=\"column\">\n\t\t\t<div class=\"elementor-widget-wrap elementor-element-populated\">\n\t\t\t\t\t\t<div class=\"elementor-element elementor-element-4f2h2af elementor-widget elementor-widget-text-editor\" data-id=\"4f2h2af\" data-element_type=\"widget\" data-widget_type=\"text-editor.default\">\n\t\t\t\t<div class=\"elementor-widget-container\">\n\t\t\t\t\t\t\t<h3>VW-Transporter angefahren und gefl\u00fcchtet<\/h3><p>Schwabach &#8211; Am Samstagnachmittag, den 24.03.2018 wurde in der Zeit zwischen 14.30 Uhr und 15.10 Uhr ein wei\u00dfer, beschrifteter VW-Kleintransporter auf dem Parkplatz des Obi-Baumarkts in der N\u00fcrnberger Stra\u00dfe in Schwabach von einem bisher Unbekannten angefahren.<\/p><p>Das Fahrzeug wurde vermutlich beim R\u00fcckw\u00e4rtsrangieren angefahren, wodurch ein Sachschaden in H\u00f6he von ca. 4000 Euro entstanden ist. Im Anschluss entfernte sich der Unfallverursacher unerlaubt vom Unfallort, ohne sich um den entstandenen Schaden zu k\u00fcmmern.<\/p><h3>Polizei bittet um Mithilfe<\/h3><p>Personen, die verd\u00e4chtige Beobachtungen gemacht haben, werden gebeten, diese der Polizei in Schwabach unter der Rufnummer 09122-927-0 mitzuteilen.<\/p>\t\t\t\t\t\t<\/div>\n\t\t\t\t<\/div>\n\t\t\t\t<div class=\"elementor-element elementor-element-39c5f74 elementor-widget elementor-widget-google_maps\" data-id=\"39c5f74\" data-element_type=\"widget\" data-widget_type=\"google_maps.default\">\n\t\t\t\t<div class=\"elementor-widget-container\">\n\t\t\t\t\t<div class=\"elementor-custom-embed\">\n\t\t\t<iframe loading=\"lazy\"\n\t\t\t\t\tsrc=\"https:\/\/maps.google.com\/maps?q=49.339171%2C%2011.022804&#038;t=m&#038;z=17&#038;output=embed&#038;iwloc=near\"\n\t\t\t\t\ttitle=\"49.339171, 11.022804\"\n\t\t\t\t\taria-label=\"49.339171, 11.022804\"\n\t\t\t><\/iframe>\n\t\t<\/div>\n\t\t\t\t<\/div>\n\t\t\t\t<\/div>\n\t\t\t\t\t<\/div>\n\t\t<\/div>\n\t\t\t\t<div class=\"elementor-column elementor-col-33 elementor-top-column elementor-element elementor-element-flkv3o5\" data-id=\"flkv3o5\" data-element_type=\"column\">\n\t\t\t<div class=\"elementor-widget-wrap elementor-element-populated\">\n\t\t\t\t\t\t<div class=\"elementor-element elementor-element-bpvimlk elementor-widget elementor-widget-image\" data-id=\"bpvimlk\" data-element_type=\"widget\" data-widget_type=\"image.default\">\n\t\t\t\t<div class=\"elementor-widget-container\">\n\t\t\t\t\t\t\t\t\t\t\t\t\t\t<a href=\"http:\/\/www.region-schwabach.de\/wordpress\/werben-auf-region-schwabach\/\" target=\"_blank\">\n\t\t\t\t\t\t\t<img fetchpriority=\"high\" decoding=\"async\" width=\"1024\" height=\"1024\" src=\"https:\/\/www.region-schwabach.de\/wordpress\/wp-content\/uploads\/2017\/06\/werbung8-1024x1024.png\" class=\"attachment-large size-large wp-image-2484\" alt=\"\" srcset=\"https:\/\/www.region-schwabach.de\/wordpress\/wp-content\/uploads\/2017\/06\/werbung8-1024x1024.png 1024w, https:\/\/www.region-schwabach.de\/wordpress\/wp-content\/uploads\/2017\/06\/werbung8-150x150.png 150w, https:\/\/www.region-schwabach.de\/wordpress\/wp-content\/uploads\/2017\/06\/werbung8-300x300.png 300w, https:\/\/www.region-schwabach.de\/wordpress\/wp-content\/uploads\/2017\/06\/werbung8-768x768.png 768w, https:\/\/www.region-schwabach.de\/wordpress\/wp-content\/uploads\/2017\/06\/werbung8-600x600.png 600w, https:\/\/www.region-schwabach.de\/wordpress\/wp-content\/uploads\/2017\/06\/werbung8.png 1200w\" sizes=\"(max-width: 1024px) 100vw, 1024px\" \/>\t\t\t\t\t\t\t\t<\/a>\n\t\t\t\t\t\t\t\t\t\t\t\t\t<\/div>\n\t\t\t\t<\/div>\n\t\t\t\t\t<\/div>\n\t\t<\/div>\n\t\t\t\t\t<\/div>\n\t\t<\/section>\n\t\t\t\t<\/div>\n\t\t","protected":false},"excerpt":{"rendered":"<div class=\"mh-excerpt\"><p>VW-Transporter angefahren und gefl\u00fcchtet Schwabach &#8211; Am Samstagnachmittag, den 24.03.2018 wurde in der Zeit zwischen 14.30 Uhr und 15.10 Uhr ein wei\u00dfer, beschrifteter VW-Kleintransporter auf dem Parkplatz des Obi-Baumarkts in der N\u00fcrnberger Stra\u00dfe in Schwabach <a class=\"mh-excerpt-more\" href=\"https:\/\/www.region-schwabach.de\/wordpress\/fahrerflucht-nach-unfall-auf-obi-parkplatz-in-schwabach\/\" title=\"Fahrerflucht nach Unfall auf OBI-Parkplatz in Schwabach\">[&#8230;]<\/a><\/p>\n<\/div>","protected":false},"author":1,"featured_media":33162,"comment_status":"open","ping_status":"open","sticky":false,"template":"","format":"standard","meta":{"_cbd_carousel_blocks":"[]","footnotes":""},"categories":[15],"tags":[2786,454,3350,464,1706,401,713,19,457,3349],"class_list":{"0":"post-33161","1":"post","2":"type-post","3":"status-publish","4":"format-standard","5":"has-post-thumbnail","7":"category-polizeimeldungen","8":"tag-24-03-2018","9":"tag-fahrerflucht","10":"tag-firmenaufschrift","11":"tag-nuernberger-strasse","12":"tag-obi-parkplatz","13":"tag-sachschaden","14":"tag-schaden","15":"tag-schwabach","16":"tag-unfallflucht","17":"tag-vw-kleintransporter"},"_links":{"self":[{"href":"https:\/\/www.region-schwabach.de\/wordpress\/wp-json\/wp\/v2\/posts\/33161","targetHints":{"allow":["GET"]}}],"collection":[{"href":"https:\/\/www.region-schwabach.de\/wordpress\/wp-json\/wp\/v2\/posts"}],"about":[{"href":"https:\/\/www.region-schwabach.de\/wordpress\/wp-json\/wp\/v2\/types\/post"}],"author":[{"embeddable":true,"href":"https:\/\/www.region-schwabach.de\/wordpress\/wp-json\/wp\/v2\/users\/1"}],"replies":[{"embeddable":true,"href":"https:\/\/www.region-schwabach.de\/wordpress\/wp-json\/wp\/v2\/comments?post=33161"}],"version-history":[{"count":0,"href":"https:\/\/www.region-schwabach.de\/wordpress\/wp-json\/wp\/v2\/posts\/33161\/revisions"}],"wp:featuredmedia":[{"embeddable":true,"href":"https:\/\/www.region-schwabach.de\/wordpress\/wp-json\/wp\/v2\/media\/33162"}],"wp:attachment":[{"href":"https:\/\/www.region-schwabach.de\/wordpress\/wp-json\/wp\/v2\/media?parent=33161"}],"wp:term":[{"taxonomy":"category","embeddable":true,"href":"https:\/\/www.region-schwabach.de\/wordpress\/wp-json\/wp\/v2\/categories?post=33161"},{"taxonomy":"post_tag","embeddable":true,"href":"https:\/\/www.region-schwabach.de\/wordpress\/wp-json\/wp\/v2\/tags?post=33161"}],"curies":[{"name":"wp","href":"https:\/\/api.w.org\/{rel}","templated":true}]}}