{"id":33165,"date":"2018-03-26T13:18:32","date_gmt":"2018-03-26T11:18:32","guid":{"rendered":"http:\/\/www.region-schwabach.de\/wordpress\/?p=33165"},"modified":"2018-03-26T13:26:09","modified_gmt":"2018-03-26T11:26:09","slug":"koerperliche-auseinandersetzung-in-schwabach-endet-mit-krankenhausaufenthalt","status":"publish","type":"post","link":"https:\/\/www.region-schwabach.de\/wordpress\/koerperliche-auseinandersetzung-in-schwabach-endet-mit-krankenhausaufenthalt\/","title":{"rendered":"K\u00f6rperliche Auseinandersetzung in Schwabach endet mit Krankenhausaufenthalt"},"content":{"rendered":"\t\t<div data-elementor-type=\"wp-post\" data-elementor-id=\"33165\" class=\"elementor elementor-33165 elementor-bc-flex-widget\">\n\t\t\t\t\t\t<section class=\"elementor-section elementor-top-section elementor-element elementor-element-tlus4ia elementor-section-boxed elementor-section-height-default elementor-section-height-default\" data-id=\"tlus4ia\" data-element_type=\"section\">\n\t\t\t\t\t\t<div class=\"elementor-container elementor-column-gap-default\">\n\t\t\t\t\t<div class=\"elementor-column elementor-col-66 elementor-top-column elementor-element elementor-element-sphcucl\" data-id=\"sphcucl\" data-element_type=\"column\">\n\t\t\t<div class=\"elementor-widget-wrap elementor-element-populated\">\n\t\t\t\t\t\t<div class=\"elementor-element elementor-element-4f2h2af elementor-widget elementor-widget-text-editor\" data-id=\"4f2h2af\" data-element_type=\"widget\" data-widget_type=\"text-editor.default\">\n\t\t\t\t<div class=\"elementor-widget-container\">\n\t\t\t\t\t\t\t<h3>K\u00f6rperliche Auseinandersetzung endet im Krankenhaus<\/h3><p>Schwabach &#8211; Am Samstagabend, den 24.03.2018, kam es in einem von \u00fcberwiegend osteurop\u00e4ischen Arbeitern bewohntem Anwesen in Schwabach zu einer k\u00f6rperlichen Auseindersetzung, die f\u00fcr einen der beiden Kontrahenten im Krankenhaus endete.<\/p><h3>Bierflasche ins Gesicht geschlagen<\/h3><p>Ein 51 J\u00e4hriger schlug hierbei seinem 28-j\u00e4hrigen Arbeitskollegen eine Bierflasche ins Gesicht, die daraufhin zerbrach, und dem Gesch\u00e4digten mehrere stark blutende Schnittwunden im Gesicht zuf\u00fcgte, so da\u00df dieser ins Krankenhaus gebracht werden mu\u00dfte.<\/p><h3>Anzeige wegen schwerer K\u00f6rperverletzung<\/h3><p>Beide Beteiligte waren w\u00e4hrend der Auseinandersetzung stark alkoholisiert, den 51-J\u00e4hrigen erwartet nun trotzdem eine Anzeige wegen gef\u00e4hrlicher K\u00f6rperverletzung.<\/p>\t\t\t\t\t\t<\/div>\n\t\t\t\t<\/div>\n\t\t\t\t<div class=\"elementor-element elementor-element-39c5f74 elementor-widget elementor-widget-google_maps\" data-id=\"39c5f74\" data-element_type=\"widget\" data-widget_type=\"google_maps.default\">\n\t\t\t\t<div class=\"elementor-widget-container\">\n\t\t\t\t\t<div class=\"elementor-custom-embed\">\n\t\t\t<iframe loading=\"lazy\"\n\t\t\t\t\tsrc=\"https:\/\/maps.google.com\/maps?q=Schwabach%2C%20Deutschland&#038;t=m&#038;z=14&#038;output=embed&#038;iwloc=near\"\n\t\t\t\t\ttitle=\"Schwabach, Deutschland\"\n\t\t\t\t\taria-label=\"Schwabach, Deutschland\"\n\t\t\t><\/iframe>\n\t\t<\/div>\n\t\t\t\t<\/div>\n\t\t\t\t<\/div>\n\t\t\t\t\t<\/div>\n\t\t<\/div>\n\t\t\t\t<div class=\"elementor-column elementor-col-33 elementor-top-column elementor-element elementor-element-flkv3o5\" data-id=\"flkv3o5\" data-element_type=\"column\">\n\t\t\t<div class=\"elementor-widget-wrap elementor-element-populated\">\n\t\t\t\t\t\t<div class=\"elementor-element elementor-element-bpvimlk elementor-widget elementor-widget-image\" data-id=\"bpvimlk\" data-element_type=\"widget\" data-widget_type=\"image.default\">\n\t\t\t\t<div class=\"elementor-widget-container\">\n\t\t\t\t\t\t\t\t\t\t\t\t\t\t<a href=\"http:\/\/www.region-schwabach.de\/wordpress\/werben-auf-region-schwabach\/\" target=\"_blank\">\n\t\t\t\t\t\t\t<img fetchpriority=\"high\" decoding=\"async\" width=\"1024\" height=\"1024\" src=\"https:\/\/www.region-schwabach.de\/wordpress\/wp-content\/uploads\/2017\/06\/werbung8-1024x1024.png\" class=\"attachment-large size-large wp-image-2484\" alt=\"\" srcset=\"https:\/\/www.region-schwabach.de\/wordpress\/wp-content\/uploads\/2017\/06\/werbung8-1024x1024.png 1024w, https:\/\/www.region-schwabach.de\/wordpress\/wp-content\/uploads\/2017\/06\/werbung8-150x150.png 150w, https:\/\/www.region-schwabach.de\/wordpress\/wp-content\/uploads\/2017\/06\/werbung8-300x300.png 300w, https:\/\/www.region-schwabach.de\/wordpress\/wp-content\/uploads\/2017\/06\/werbung8-768x768.png 768w, https:\/\/www.region-schwabach.de\/wordpress\/wp-content\/uploads\/2017\/06\/werbung8-600x600.png 600w, https:\/\/www.region-schwabach.de\/wordpress\/wp-content\/uploads\/2017\/06\/werbung8.png 1200w\" sizes=\"(max-width: 1024px) 100vw, 1024px\" \/>\t\t\t\t\t\t\t\t<\/a>\n\t\t\t\t\t\t\t\t\t\t\t\t\t<\/div>\n\t\t\t\t<\/div>\n\t\t\t\t\t<\/div>\n\t\t<\/div>\n\t\t\t\t\t<\/div>\n\t\t<\/section>\n\t\t\t\t<\/div>\n\t\t","protected":false},"excerpt":{"rendered":"<div class=\"mh-excerpt\"><p>K\u00f6rperliche Auseinandersetzung endet im Krankenhaus Schwabach &#8211; Am Samstagabend, den 24.03.2018, kam es in einem von \u00fcberwiegend osteurop\u00e4ischen Arbeitern bewohntem Anwesen in Schwabach zu einer k\u00f6rperlichen Auseindersetzung, die f\u00fcr einen der beiden Kontrahenten im Krankenhaus <a class=\"mh-excerpt-more\" href=\"https:\/\/www.region-schwabach.de\/wordpress\/koerperliche-auseinandersetzung-in-schwabach-endet-mit-krankenhausaufenthalt\/\" title=\"K\u00f6rperliche Auseinandersetzung in Schwabach endet mit Krankenhausaufenthalt\">[&#8230;]<\/a><\/p>\n<\/div>","protected":false},"author":1,"featured_media":33166,"comment_status":"open","ping_status":"open","sticky":false,"template":"","format":"standard","meta":{"_cbd_carousel_blocks":"[]","footnotes":""},"categories":[15],"tags":[2786,470,903,3353,515,1856,3351,713,3352,19,776],"class_list":{"0":"post-33165","1":"post","2":"type-post","3":"status-publish","4":"format-standard","5":"has-post-thumbnail","7":"category-polizeimeldungen","8":"tag-24-03-2018","9":"tag-alkohol","10":"tag-bierflasche","11":"tag-gesicht","12":"tag-koerperverletzung","13":"tag-krankenhaus","14":"tag-saisonarbeiter","15":"tag-schaden","16":"tag-schnittwunden","17":"tag-schwabach","18":"tag-verletzung"},"_links":{"self":[{"href":"https:\/\/www.region-schwabach.de\/wordpress\/wp-json\/wp\/v2\/posts\/33165","targetHints":{"allow":["GET"]}}],"collection":[{"href":"https:\/\/www.region-schwabach.de\/wordpress\/wp-json\/wp\/v2\/posts"}],"about":[{"href":"https:\/\/www.region-schwabach.de\/wordpress\/wp-json\/wp\/v2\/types\/post"}],"author":[{"embeddable":true,"href":"https:\/\/www.region-schwabach.de\/wordpress\/wp-json\/wp\/v2\/users\/1"}],"replies":[{"embeddable":true,"href":"https:\/\/www.region-schwabach.de\/wordpress\/wp-json\/wp\/v2\/comments?post=33165"}],"version-history":[{"count":0,"href":"https:\/\/www.region-schwabach.de\/wordpress\/wp-json\/wp\/v2\/posts\/33165\/revisions"}],"wp:featuredmedia":[{"embeddable":true,"href":"https:\/\/www.region-schwabach.de\/wordpress\/wp-json\/wp\/v2\/media\/33166"}],"wp:attachment":[{"href":"https:\/\/www.region-schwabach.de\/wordpress\/wp-json\/wp\/v2\/media?parent=33165"}],"wp:term":[{"taxonomy":"category","embeddable":true,"href":"https:\/\/www.region-schwabach.de\/wordpress\/wp-json\/wp\/v2\/categories?post=33165"},{"taxonomy":"post_tag","embeddable":true,"href":"https:\/\/www.region-schwabach.de\/wordpress\/wp-json\/wp\/v2\/tags?post=33165"}],"curies":[{"name":"wp","href":"https:\/\/api.w.org\/{rel}","templated":true}]}}