{"id":33655,"date":"2018-03-29T19:30:27","date_gmt":"2018-03-29T17:30:27","guid":{"rendered":"http:\/\/www.region-schwabach.de\/wordpress\/?p=33655"},"modified":"2018-03-29T19:32:29","modified_gmt":"2018-03-29T17:32:29","slug":"vier-unfaelle-innerhalb-von-einer-stunde-im-einsatzgebiet-der-rother-polizei","status":"publish","type":"post","link":"https:\/\/www.region-schwabach.de\/wordpress\/vier-unfaelle-innerhalb-von-einer-stunde-im-einsatzgebiet-der-rother-polizei\/","title":{"rendered":"Vier Unf\u00e4lle innerhalb von einer Stunde im Einsatzgebiet der Rother Polizei"},"content":{"rendered":"\t\t<div data-elementor-type=\"wp-post\" data-elementor-id=\"33655\" class=\"elementor elementor-33655 elementor-bc-flex-widget\">\n\t\t\t\t\t\t<section class=\"elementor-section elementor-top-section elementor-element elementor-element-74ajz0k elementor-section-boxed elementor-section-height-default elementor-section-height-default\" data-id=\"74ajz0k\" data-element_type=\"section\">\n\t\t\t\t\t\t<div class=\"elementor-container elementor-column-gap-default\">\n\t\t\t\t\t<div class=\"elementor-column elementor-col-50 elementor-top-column elementor-element elementor-element-holtw7r\" data-id=\"holtw7r\" data-element_type=\"column\">\n\t\t\t<div class=\"elementor-widget-wrap elementor-element-populated\">\n\t\t\t\t\t\t<div class=\"elementor-element elementor-element-638lvp2 elementor-widget elementor-widget-text-editor\" data-id=\"638lvp2\" data-element_type=\"widget\" data-widget_type=\"text-editor.default\">\n\t\t\t\t<div class=\"elementor-widget-container\">\n\t\t\t\t\t\t\t<h3>Vier Unf\u00e4lle innerhalb einer Stunde<\/h3><p>Roth &#8211; Am Mittwochvormittag, den 28.03.2018,\u00a0 wurden der Rother Polizei in der Zeit zwischen 11.00 Uhr und 12.00 Uhr gleich vier Verkehrsunf\u00e4lle gemeldet, wobei es gl\u00fccklicherweise keine Personensch\u00e4den gab, allerdings summieren sich\u00a0 die entstandenen Sachsch\u00e4den auf mehrere tausend Euro.<\/p><h3>Rother Stra\u00dfe, Abenberg<\/h3><p>In Abenberg ist der 20-J\u00e4hrige Fahrer eines Kleinlastwagens in der Rother Stra\u00dfe aus Unachtsamkeit gegen einen dort geparkten Audi gefahren.<\/p><h3>Lohengrinstra\u00dfe, Rothaurach<\/h3><p>Ein gegen das Wegrollen unzureichend abgesicherterVW-Golf machte sich auf der absch\u00fcssigen Lohengrinstra\u00dfe in Rothaurach selbstst\u00e4ndig, und rollte deshalb gegen einen Gartenzaun.<\/p><h3>Allersberger Stra\u00dfe\/Willy-Supf-Platz, Roth<\/h3><p>Beim Linksabbiegen prallte an der Ecke Allersberger Stra\u00dfe\/Willy-Supf-Platz in Roth ein 40-j\u00e4hriger Sattelzugfahrer gegen einen Ampelmasten, und riss diesen komplett aus der Verankerung. Die Ampelanlage wurde dabei so stark besch\u00e4digt, da\u00df diese im kompletten Kreuzungsbereich Willy-Supf-Platz\/Bahnhofstra\u00dfe\/Sieh-Dich-F\u00fcr-Weg abgeschaltet werden mu\u00dfte.<\/p><h3>Bahnhofstra\u00dfe, Rednitzhembach<\/h3><p>In der Bahnhofstra\u00dfe in Rednitzhembach fuhr eine \u00e4ltere Dame beim R\u00fcckw\u00e4rtsfahren mit ihrem Opel gegen ein Garagentor,\u00a0 weil sie Gas- und Bremspedal verwechselt, verwechselt hatte. Da das demolierte Fahrzeug auch noch Betriebsstoffe verlor, mu\u00dften diese von der Feuerwehr abgebunden werden, der Pkw wurde abgeschleppt.<\/p>\t\t\t\t\t\t<\/div>\n\t\t\t\t<\/div>\n\t\t\t\t<section class=\"elementor-section elementor-inner-section elementor-element elementor-element-fqe6vjk elementor-section-boxed elementor-section-height-default elementor-section-height-default\" data-id=\"fqe6vjk\" data-element_type=\"section\">\n\t\t\t\t\t\t<div class=\"elementor-container elementor-column-gap-default\">\n\t\t\t\t\t<div class=\"elementor-column elementor-col-100 elementor-inner-column elementor-element elementor-element-mv4myf2\" data-id=\"mv4myf2\" data-element_type=\"column\">\n\t\t\t<div class=\"elementor-widget-wrap elementor-element-populated\">\n\t\t\t\t\t\t<div class=\"elementor-element elementor-element-p2vmo3w elementor-widget elementor-widget-google_maps\" data-id=\"p2vmo3w\" data-element_type=\"widget\" data-widget_type=\"google_maps.default\">\n\t\t\t\t<div class=\"elementor-widget-container\">\n\t\t\t\t\t<div class=\"elementor-custom-embed\">\n\t\t\t<iframe loading=\"lazy\"\n\t\t\t\t\tsrc=\"https:\/\/maps.google.com\/maps?q=Hauptstra%C3%9Fe%2C%20Roth%2C%20Deutschland&#038;t=m&#038;z=16&#038;output=embed&#038;iwloc=near\"\n\t\t\t\t\ttitle=\"Hauptstra\u00dfe, Roth, Deutschland\"\n\t\t\t\t\taria-label=\"Hauptstra\u00dfe, Roth, Deutschland\"\n\t\t\t><\/iframe>\n\t\t<\/div>\n\t\t\t\t<\/div>\n\t\t\t\t<\/div>\n\t\t\t\t\t<\/div>\n\t\t<\/div>\n\t\t\t\t\t<\/div>\n\t\t<\/section>\n\t\t\t\t\t<\/div>\n\t\t<\/div>\n\t\t\t\t<div class=\"elementor-column elementor-col-50 elementor-top-column elementor-element elementor-element-grpaw28\" data-id=\"grpaw28\" data-element_type=\"column\">\n\t\t\t<div class=\"elementor-widget-wrap elementor-element-populated\">\n\t\t\t\t\t\t<div class=\"elementor-element elementor-element-cgrwuya elementor-widget elementor-widget-image\" data-id=\"cgrwuya\" data-element_type=\"widget\" data-widget_type=\"image.default\">\n\t\t\t\t<div class=\"elementor-widget-container\">\n\t\t\t\t\t\t\t\t\t\t\t\t\t\t<a href=\"http:\/\/www.region-schwabach.de\/wordpress\/werben-auf-region-schwabach\/\" target=\"_blank\">\n\t\t\t\t\t\t\t<img fetchpriority=\"high\" decoding=\"async\" width=\"1024\" height=\"1024\" src=\"https:\/\/www.region-schwabach.de\/wordpress\/wp-content\/uploads\/2017\/06\/werbung8-1024x1024.png\" class=\"attachment-large size-large wp-image-2484\" alt=\"\" srcset=\"https:\/\/www.region-schwabach.de\/wordpress\/wp-content\/uploads\/2017\/06\/werbung8-1024x1024.png 1024w, https:\/\/www.region-schwabach.de\/wordpress\/wp-content\/uploads\/2017\/06\/werbung8-150x150.png 150w, https:\/\/www.region-schwabach.de\/wordpress\/wp-content\/uploads\/2017\/06\/werbung8-300x300.png 300w, https:\/\/www.region-schwabach.de\/wordpress\/wp-content\/uploads\/2017\/06\/werbung8-768x768.png 768w, https:\/\/www.region-schwabach.de\/wordpress\/wp-content\/uploads\/2017\/06\/werbung8-600x600.png 600w, https:\/\/www.region-schwabach.de\/wordpress\/wp-content\/uploads\/2017\/06\/werbung8.png 1200w\" sizes=\"(max-width: 1024px) 100vw, 1024px\" \/>\t\t\t\t\t\t\t\t<\/a>\n\t\t\t\t\t\t\t\t\t\t\t\t\t<\/div>\n\t\t\t\t<\/div>\n\t\t\t\t\t<\/div>\n\t\t<\/div>\n\t\t\t\t\t<\/div>\n\t\t<\/section>\n\t\t\t\t<\/div>\n\t\t","protected":false},"excerpt":{"rendered":"<div class=\"mh-excerpt\"><p>Vier Unf\u00e4lle innerhalb einer Stunde Roth &#8211; Am Mittwochvormittag, den 28.03.2018,\u00a0 wurden der Rother Polizei in der Zeit zwischen 11.00 Uhr und 12.00 Uhr gleich vier Verkehrsunf\u00e4lle gemeldet, wobei es gl\u00fccklicherweise keine Personensch\u00e4den gab, allerdings <a class=\"mh-excerpt-more\" href=\"https:\/\/www.region-schwabach.de\/wordpress\/vier-unfaelle-innerhalb-von-einer-stunde-im-einsatzgebiet-der-rother-polizei\/\" title=\"Vier Unf\u00e4lle innerhalb von einer Stunde im Einsatzgebiet der Rother Polizei\">[&#8230;]<\/a><\/p>\n<\/div>","protected":false},"author":1,"featured_media":33656,"comment_status":"open","ping_status":"open","sticky":false,"template":"","format":"standard","meta":{"_cbd_carousel_blocks":"[]","footnotes":""},"categories":[15],"tags":[2790,578,1555,626,2619,961,398,3389,3388,296,1275,1503,3387,3385,3386,1540,463,493,32,1538,170,401,1103,713,2152,334,1483,2190],"class_list":{"0":"post-33655","1":"post","2":"type-post","3":"status-publish","4":"format-standard","5":"has-post-thumbnail","7":"category-polizeimeldungen","8":"tag-28-03-2018","9":"tag-abenberg","10":"tag-abschleppdienst","11":"tag-allersberger-strasse","12":"tag-ampel","13":"tag-audi","14":"tag-bahnhofstrasse","15":"tag-betriebsstoffe","16":"tag-bremspedal","17":"tag-feuerwehr","18":"tag-garagentor","19":"tag-gartenzaun","20":"tag-gaspedal","21":"tag-kleinlastwagen","22":"tag-lohengrinstrasse","23":"tag-opel","24":"tag-pkw","25":"tag-rednitzhembach","26":"tag-roth","27":"tag-rothaurach","28":"tag-rother-strasse","29":"tag-sachschaden","30":"tag-sattelzug","31":"tag-schaden","32":"tag-sieh-dich-fuer-weg","33":"tag-unfall","34":"tag-vw-golf","35":"tag-willy-supf-platz"},"_links":{"self":[{"href":"https:\/\/www.region-schwabach.de\/wordpress\/wp-json\/wp\/v2\/posts\/33655","targetHints":{"allow":["GET"]}}],"collection":[{"href":"https:\/\/www.region-schwabach.de\/wordpress\/wp-json\/wp\/v2\/posts"}],"about":[{"href":"https:\/\/www.region-schwabach.de\/wordpress\/wp-json\/wp\/v2\/types\/post"}],"author":[{"embeddable":true,"href":"https:\/\/www.region-schwabach.de\/wordpress\/wp-json\/wp\/v2\/users\/1"}],"replies":[{"embeddable":true,"href":"https:\/\/www.region-schwabach.de\/wordpress\/wp-json\/wp\/v2\/comments?post=33655"}],"version-history":[{"count":0,"href":"https:\/\/www.region-schwabach.de\/wordpress\/wp-json\/wp\/v2\/posts\/33655\/revisions"}],"wp:featuredmedia":[{"embeddable":true,"href":"https:\/\/www.region-schwabach.de\/wordpress\/wp-json\/wp\/v2\/media\/33656"}],"wp:attachment":[{"href":"https:\/\/www.region-schwabach.de\/wordpress\/wp-json\/wp\/v2\/media?parent=33655"}],"wp:term":[{"taxonomy":"category","embeddable":true,"href":"https:\/\/www.region-schwabach.de\/wordpress\/wp-json\/wp\/v2\/categories?post=33655"},{"taxonomy":"post_tag","embeddable":true,"href":"https:\/\/www.region-schwabach.de\/wordpress\/wp-json\/wp\/v2\/tags?post=33655"}],"curies":[{"name":"wp","href":"https:\/\/api.w.org\/{rel}","templated":true}]}}