{"id":34114,"date":"2018-04-01T12:41:00","date_gmt":"2018-04-01T10:41:00","guid":{"rendered":"http:\/\/www.region-schwabach.de\/wordpress\/?p=34114"},"modified":"2018-04-01T12:53:51","modified_gmt":"2018-04-01T10:53:51","slug":"riskantes-ueberholmanoever-auf-der-staatsstrasse-zwischen-hilpoltstein-und-allersberg","status":"publish","type":"post","link":"https:\/\/www.region-schwabach.de\/wordpress\/riskantes-ueberholmanoever-auf-der-staatsstrasse-zwischen-hilpoltstein-und-allersberg\/","title":{"rendered":"Riskantes \u00dcberholman\u00f6ver auf der Staatsstra\u00dfe zwischen Hilpoltstein und Allersberg"},"content":{"rendered":"\t\t<div data-elementor-type=\"wp-post\" data-elementor-id=\"34114\" class=\"elementor elementor-34114 elementor-bc-flex-widget\">\n\t\t\t\t\t\t<section class=\"elementor-section elementor-top-section elementor-element elementor-element-tlus4ia elementor-section-boxed elementor-section-height-default elementor-section-height-default\" data-id=\"tlus4ia\" data-element_type=\"section\">\n\t\t\t\t\t\t<div class=\"elementor-container elementor-column-gap-default\">\n\t\t\t\t\t<div class=\"elementor-column elementor-col-66 elementor-top-column elementor-element elementor-element-sphcucl\" data-id=\"sphcucl\" data-element_type=\"column\">\n\t\t\t<div class=\"elementor-widget-wrap elementor-element-populated\">\n\t\t\t\t\t\t<div class=\"elementor-element elementor-element-4f2h2af elementor-widget elementor-widget-text-editor\" data-id=\"4f2h2af\" data-element_type=\"widget\" data-widget_type=\"text-editor.default\">\n\t\t\t\t<div class=\"elementor-widget-container\">\n\t\t\t\t\t\t\t<h3>Gef\u00e4hrliches \u00dcberholman\u00f6ver<\/h3><p>Hilpoltstein &#8211; Am Samstagabend, den 31.03.2018, ereignete sich auf der Staatsstra\u00dfe zwischen Hilpoltstein und Allersberg ein Unfall, der durch ein riskantes \u00dcberholman\u00f6vers ausgel\u00f6st wurde.<\/p><h3>Bei \u00dcberholman\u00f6ver seitlich ber\u00fchrt<\/h3><p>Eine 57-j\u00e4hrige F\u00fcrtherin wollte mit ihrem Kleinwagen an einer un\u00fcbersichtlichen Stelle mehrere Fahrzeuge \u00fcberholen. als ihr dabei ein SUV entgegenkam, in dem eine 28-j\u00e4hrige Frau mit ihren beiden Kindern sa\u00df. Um einen Frontalzusammensto\u00df zu verhindern, lenkte diese ihren SUV nach rechts in den Stra\u00dfengraben.<\/p><h3>Gl\u00fccklicherweise nur Sachschaden entstanden<\/h3><p>Trotz dieses Man\u00f6vers ber\u00fchrten sich die beiden Fahrzeuge seitlich, wodurch ein Sachschaden in H\u00f6he von insgesamt ca. 13.000 Euro entstand. Gl\u00fccklicherweise gab es bei dem Unfall aber keine Verletzten, lediglich der\u00a0 SUV mu\u00dfte abgeschleppt werden. Die Unfallverursacherin erwartet nun eine Strafanzeige wegen Gef\u00e4hrdung des Stra\u00dfenverkehrs.<\/p>\t\t\t\t\t\t<\/div>\n\t\t\t\t<\/div>\n\t\t\t\t<div class=\"elementor-element elementor-element-lkj62ub elementor-widget-divider--view-line elementor-widget elementor-widget-divider\" data-id=\"lkj62ub\" data-element_type=\"widget\" data-widget_type=\"divider.default\">\n\t\t\t\t<div class=\"elementor-widget-container\">\n\t\t\t\t\t<div class=\"elementor-divider\">\n\t\t\t<span class=\"elementor-divider-separator\">\n\t\t\t\t\t\t<\/span>\n\t\t<\/div>\n\t\t\t\t<\/div>\n\t\t\t\t<\/div>\n\t\t\t\t<div class=\"elementor-element elementor-element-c98jtdz elementor-widget elementor-widget-google_maps\" data-id=\"c98jtdz\" data-element_type=\"widget\" data-widget_type=\"google_maps.default\">\n\t\t\t\t<div class=\"elementor-widget-container\">\n\t\t\t\t\t<div class=\"elementor-custom-embed\">\n\t\t\t<iframe loading=\"lazy\"\n\t\t\t\t\tsrc=\"https:\/\/maps.google.com\/maps?q=49.236049%2C%2011.212110&#038;t=m&#038;z=13&#038;output=embed&#038;iwloc=near\"\n\t\t\t\t\ttitle=\"49.236049, 11.212110\"\n\t\t\t\t\taria-label=\"49.236049, 11.212110\"\n\t\t\t><\/iframe>\n\t\t<\/div>\n\t\t\t\t<\/div>\n\t\t\t\t<\/div>\n\t\t\t\t\t<\/div>\n\t\t<\/div>\n\t\t\t\t<div class=\"elementor-column elementor-col-33 elementor-top-column elementor-element elementor-element-flkv3o5\" data-id=\"flkv3o5\" data-element_type=\"column\">\n\t\t\t<div class=\"elementor-widget-wrap elementor-element-populated\">\n\t\t\t\t\t\t<div class=\"elementor-element elementor-element-bpvimlk elementor-widget elementor-widget-image\" data-id=\"bpvimlk\" data-element_type=\"widget\" data-widget_type=\"image.default\">\n\t\t\t\t<div class=\"elementor-widget-container\">\n\t\t\t\t\t\t\t\t\t\t\t\t\t\t<a href=\"http:\/\/www.region-schwabach.de\/wordpress\/werben-auf-region-schwabach\/\" target=\"_blank\">\n\t\t\t\t\t\t\t<img fetchpriority=\"high\" decoding=\"async\" width=\"1024\" height=\"1024\" src=\"https:\/\/www.region-schwabach.de\/wordpress\/wp-content\/uploads\/2017\/06\/werbung8-1024x1024.png\" class=\"attachment-large size-large wp-image-2484\" alt=\"\" srcset=\"https:\/\/www.region-schwabach.de\/wordpress\/wp-content\/uploads\/2017\/06\/werbung8-1024x1024.png 1024w, https:\/\/www.region-schwabach.de\/wordpress\/wp-content\/uploads\/2017\/06\/werbung8-150x150.png 150w, https:\/\/www.region-schwabach.de\/wordpress\/wp-content\/uploads\/2017\/06\/werbung8-300x300.png 300w, https:\/\/www.region-schwabach.de\/wordpress\/wp-content\/uploads\/2017\/06\/werbung8-768x768.png 768w, https:\/\/www.region-schwabach.de\/wordpress\/wp-content\/uploads\/2017\/06\/werbung8-600x600.png 600w, https:\/\/www.region-schwabach.de\/wordpress\/wp-content\/uploads\/2017\/06\/werbung8.png 1200w\" sizes=\"(max-width: 1024px) 100vw, 1024px\" \/>\t\t\t\t\t\t\t\t<\/a>\n\t\t\t\t\t\t\t\t\t\t\t\t\t<\/div>\n\t\t\t\t<\/div>\n\t\t\t\t\t<\/div>\n\t\t<\/div>\n\t\t\t\t\t<\/div>\n\t\t<\/section>\n\t\t\t\t<\/div>\n\t\t","protected":false},"excerpt":{"rendered":"<div class=\"mh-excerpt\"><p>Gef\u00e4hrliches \u00dcberholman\u00f6ver Hilpoltstein &#8211; Am Samstagabend, den 31.03.2018, ereignete sich auf der Staatsstra\u00dfe zwischen Hilpoltstein und Allersberg ein Unfall, der durch ein riskantes \u00dcberholman\u00f6vers ausgel\u00f6st wurde. Bei \u00dcberholman\u00f6ver seitlich ber\u00fchrt Eine 57-j\u00e4hrige F\u00fcrtherin wollte mit <a class=\"mh-excerpt-more\" href=\"https:\/\/www.region-schwabach.de\/wordpress\/riskantes-ueberholmanoever-auf-der-staatsstrasse-zwischen-hilpoltstein-und-allersberg\/\" title=\"Riskantes \u00dcberholman\u00f6ver auf der Staatsstra\u00dfe zwischen Hilpoltstein und Allersberg\">[&#8230;]<\/a><\/p>\n<\/div>","protected":false},"author":1,"featured_media":34116,"comment_status":"open","ping_status":"open","sticky":false,"template":"","format":"standard","meta":{"_cbd_carousel_blocks":"[]","footnotes":""},"categories":[15],"tags":[2793,556,3398,297,1697,463,401,713,1093,1639,1789,585,334],"class_list":{"0":"post-34114","1":"post","2":"type-post","3":"status-publish","4":"format-standard","5":"has-post-thumbnail","7":"category-polizeimeldungen","8":"tag-31-03-2018","9":"tag-allersberg","10":"tag-gefaehrdung-des-strassenverkehrs","11":"tag-hilpoltstein","12":"tag-kleinwagen","13":"tag-pkw","14":"tag-sachschaden","15":"tag-schaden","16":"tag-staatsstrasse","17":"tag-strafanzeige","18":"tag-suv","19":"tag-ueberholmanoever","20":"tag-unfall"},"_links":{"self":[{"href":"https:\/\/www.region-schwabach.de\/wordpress\/wp-json\/wp\/v2\/posts\/34114","targetHints":{"allow":["GET"]}}],"collection":[{"href":"https:\/\/www.region-schwabach.de\/wordpress\/wp-json\/wp\/v2\/posts"}],"about":[{"href":"https:\/\/www.region-schwabach.de\/wordpress\/wp-json\/wp\/v2\/types\/post"}],"author":[{"embeddable":true,"href":"https:\/\/www.region-schwabach.de\/wordpress\/wp-json\/wp\/v2\/users\/1"}],"replies":[{"embeddable":true,"href":"https:\/\/www.region-schwabach.de\/wordpress\/wp-json\/wp\/v2\/comments?post=34114"}],"version-history":[{"count":0,"href":"https:\/\/www.region-schwabach.de\/wordpress\/wp-json\/wp\/v2\/posts\/34114\/revisions"}],"wp:featuredmedia":[{"embeddable":true,"href":"https:\/\/www.region-schwabach.de\/wordpress\/wp-json\/wp\/v2\/media\/34116"}],"wp:attachment":[{"href":"https:\/\/www.region-schwabach.de\/wordpress\/wp-json\/wp\/v2\/media?parent=34114"}],"wp:term":[{"taxonomy":"category","embeddable":true,"href":"https:\/\/www.region-schwabach.de\/wordpress\/wp-json\/wp\/v2\/categories?post=34114"},{"taxonomy":"post_tag","embeddable":true,"href":"https:\/\/www.region-schwabach.de\/wordpress\/wp-json\/wp\/v2\/tags?post=34114"}],"curies":[{"name":"wp","href":"https:\/\/api.w.org\/{rel}","templated":true}]}}