{"id":35117,"date":"2018-04-07T16:33:03","date_gmt":"2018-04-07T14:33:03","guid":{"rendered":"http:\/\/www.region-schwabach.de\/wordpress\/?p=35117"},"modified":"2018-04-07T17:09:52","modified_gmt":"2018-04-07T15:09:52","slug":"acht-unfaelle-im-bereich-der-polizeiinspektion-roth","status":"publish","type":"post","link":"https:\/\/www.region-schwabach.de\/wordpress\/acht-unfaelle-im-bereich-der-polizeiinspektion-roth\/","title":{"rendered":"Acht Unf\u00e4lle im Bereich der Polizeiinspektion Roth"},"content":{"rendered":"\t\t<div data-elementor-type=\"wp-post\" data-elementor-id=\"35117\" class=\"elementor elementor-35117 elementor-bc-flex-widget\">\n\t\t\t\t\t\t<section class=\"elementor-section elementor-top-section elementor-element elementor-element-tlus4ia elementor-section-boxed elementor-section-height-default elementor-section-height-default\" data-id=\"tlus4ia\" data-element_type=\"section\">\n\t\t\t\t\t\t<div class=\"elementor-container elementor-column-gap-default\">\n\t\t\t\t\t<div class=\"elementor-column elementor-col-66 elementor-top-column elementor-element elementor-element-sphcucl\" data-id=\"sphcucl\" data-element_type=\"column\">\n\t\t\t<div class=\"elementor-widget-wrap elementor-element-populated\">\n\t\t\t\t\t\t<div class=\"elementor-element elementor-element-4f2h2af elementor-widget elementor-widget-text-editor\" data-id=\"4f2h2af\" data-element_type=\"widget\" data-widget_type=\"text-editor.default\">\n\t\t\t\t<div class=\"elementor-widget-container\">\n\t\t\t\t\t\t\t<h3>Jede Menge Unf\u00e4lle im Bereich der PI Roth<\/h3><p>Roth &#8211;\u00a0Gleich acht Verkehrsunf\u00e4lle mu\u00dften die Beamten der Polizeiinspektion in Roth am Freitag im Laufe des Tages bearbeiten:<\/p><h3>Spalt, Herrengasse<\/h3><p>In der Herrengasse in Spalt kam es zur Kollision zwischen einem Fahrrad und einem Pkw, wobei der Radfahrer den vorfahrtsberechtigten Pkw \u00fcbersehen hatte. Verletzt wurde gl\u00fccklicherweise niemand, an dem PKW, einem Audi A3, entstand ein Schaden von ca. 4.000 Euro, am Fahrrad lediglich ca. 30 Euro.<\/p><h3>Abenberg, Gewerbegebiet, Kreuzung Dieselstra\u00dfe<\/h3><p>Im Gewerbegebiet an der Kreuzung Dieselstra\u00dfe in Abenberg \u00fcbersah am fr\u00fchen Nachmittag ein Lkw-Fahrer einen Pkw-Fahrer, so da\u00df es zum Zusammensto\u00df der beiden Fahrzeuge kam. Auch hier wurde gl\u00fccklicherweise\u00a0niemand verletzt, an den beteiligten Fahrzeugen entstand jeweils ein Schaden von in h\u00f6he von mindestens 3.000 Euro.<\/p><h3>Roth, Am Hochgericht<\/h3><p>Fast zur selben Zeit kam es Am Hochgericht\/Ecke Schleifweg in Roth zu einem Unfall zwischen\u00a0einem PKW und einem Motorradfahrer, bei dem der Zweiradfahrer leicht verletzt, und beide Fahrzeuge besch\u00e4digt wurden.<\/p><h3>Rednitzhembach, Lidl-Parkplatz<\/h3><p>Eine Stunde sp\u00e4ter wurde der Polizei dann ein Unfall auf dem Lidl-Parkplatz in Rednitzhembach gemeldet, bei dem aber lediglich ein geparkter Pkw angefahren und besch\u00e4digt wurde.<\/p><h3>D\u00fcrrenmungenau<\/h3><p>In D\u00fcrrenmungenau st\u00fcrzte dann am Abend ein 30-j\u00e4hriger Leichtkraftradfahrer ohne Fremdeinwirkung, wob ei er mittelschwere Verletzungen zuzog, und mit dem Rettungshubschrauber ins Krankenhaus geflogen wurde. Nachdem sich bei der Unfallaufnahme herausstellte, da\u00df er alkoholisiert war, wurde eine Blutprobe durchgef\u00fchrt, der F\u00fchrerschein sichergestellt und ein Strafverfahren eingeleitet.<\/p><h3>Bundesstra\u00dfe 2, Mauker Kreuzung<\/h3><p>Auf der B2 \u00fcbersah ein 59-j\u00e4hriger LKW-Fahrer die Baustelle an der Mauker Kreuzung, und fuhr stie\u00df deshalb frontal mit einem entgegenkommenden BMW zusammen, wobei dessen Fahrer leicht verletzt wurde. Auch hier war Alkohol im spiel, ein Alkoholtest ergab einen Wert von \u00fcber 3 Promille, weshalb auch hier eine Blutentnahme durchgef\u00fchrt, der F\u00fchrerschein sichergestellt und ein Strafverfahren eingeleitet wurde.<\/p><h3>Roth, Unterer Weinberg<\/h3><p>Ein Fahrradfahrer war im Unteren Weinbergweg in Roth ohne Licht &#8211; und entgegen der Einbahnstra\u00dfe &#8211; unterwegs, und \u00fcberquerte dann auch noch ohne zu Schauen die Stra\u00dfe &#8222;Auf der Kupferplatte&#8220;, wo er mit einer abbiegenden PKW-Fahrerin zusammenstie\u00df. Bei der Kollision kam der Radfahrer zu Sturz, und verstauchte sich den Arm.<\/p><h3>Bundesstra\u00dfe 2 bei Kiliansdorf<\/h3><p>Zu guter Letzt kam es dann noch zu einem Unfall auf der B2 bei Kiliansdorf, als einer PKW-Fahrerin &#8211; die gerade von der B2 abgefahren war &#8211; ein Rehkitz direkt vor ihr Fahrzeug sprang, und sie nicht mehr ausweichen konnte. Das Reh \u00fcberlebte den Zusammenprall leider nicht, die Fahrerin blieb aber unverletzt.<\/p>\t\t\t\t\t\t<\/div>\n\t\t\t\t<\/div>\n\t\t\t\t<div class=\"elementor-element elementor-element-c98jtdz elementor-widget elementor-widget-google_maps\" data-id=\"c98jtdz\" data-element_type=\"widget\" data-widget_type=\"google_maps.default\">\n\t\t\t\t<div class=\"elementor-widget-container\">\n\t\t\t\t\t<div class=\"elementor-custom-embed\">\n\t\t\t<iframe loading=\"lazy\"\n\t\t\t\t\tsrc=\"https:\/\/maps.google.com\/maps?q=Roth%2C%20Deutschland&#038;t=m&#038;z=11&#038;output=embed&#038;iwloc=near\"\n\t\t\t\t\ttitle=\"Roth, Deutschland\"\n\t\t\t\t\taria-label=\"Roth, Deutschland\"\n\t\t\t><\/iframe>\n\t\t<\/div>\n\t\t\t\t<\/div>\n\t\t\t\t<\/div>\n\t\t\t\t\t<\/div>\n\t\t<\/div>\n\t\t\t\t<div class=\"elementor-column elementor-col-33 elementor-top-column elementor-element elementor-element-flkv3o5\" data-id=\"flkv3o5\" data-element_type=\"column\">\n\t\t\t<div class=\"elementor-widget-wrap elementor-element-populated\">\n\t\t\t\t\t\t<div class=\"elementor-element elementor-element-bpvimlk elementor-widget elementor-widget-image\" data-id=\"bpvimlk\" data-element_type=\"widget\" data-widget_type=\"image.default\">\n\t\t\t\t<div class=\"elementor-widget-container\">\n\t\t\t\t\t\t\t\t\t\t\t\t\t\t<a href=\"http:\/\/www.region-schwabach.de\/wordpress\/werben-auf-region-schwabach\/\" target=\"_blank\">\n\t\t\t\t\t\t\t<img fetchpriority=\"high\" decoding=\"async\" width=\"1024\" height=\"1024\" src=\"https:\/\/www.region-schwabach.de\/wordpress\/wp-content\/uploads\/2017\/06\/werbung8-1024x1024.png\" class=\"attachment-large size-large wp-image-2484\" alt=\"\" srcset=\"https:\/\/www.region-schwabach.de\/wordpress\/wp-content\/uploads\/2017\/06\/werbung8-1024x1024.png 1024w, https:\/\/www.region-schwabach.de\/wordpress\/wp-content\/uploads\/2017\/06\/werbung8-150x150.png 150w, https:\/\/www.region-schwabach.de\/wordpress\/wp-content\/uploads\/2017\/06\/werbung8-300x300.png 300w, https:\/\/www.region-schwabach.de\/wordpress\/wp-content\/uploads\/2017\/06\/werbung8-768x768.png 768w, https:\/\/www.region-schwabach.de\/wordpress\/wp-content\/uploads\/2017\/06\/werbung8-600x600.png 600w, https:\/\/www.region-schwabach.de\/wordpress\/wp-content\/uploads\/2017\/06\/werbung8.png 1200w\" sizes=\"(max-width: 1024px) 100vw, 1024px\" \/>\t\t\t\t\t\t\t\t<\/a>\n\t\t\t\t\t\t\t\t\t\t\t\t\t<\/div>\n\t\t\t\t<\/div>\n\t\t\t\t\t<\/div>\n\t\t<\/div>\n\t\t\t\t\t<\/div>\n\t\t<\/section>\n\t\t\t\t<\/div>\n\t\t","protected":false},"excerpt":{"rendered":"<div class=\"mh-excerpt\"><p>Jede Menge Unf\u00e4lle im Bereich der PI Roth Roth &#8211;\u00a0Gleich acht Verkehrsunf\u00e4lle mu\u00dften die Beamten der Polizeiinspektion in Roth am Freitag im Laufe des Tages bearbeiten: Spalt, Herrengasse In der Herrengasse in Spalt kam es <a class=\"mh-excerpt-more\" href=\"https:\/\/www.region-schwabach.de\/wordpress\/acht-unfaelle-im-bereich-der-polizeiinspektion-roth\/\" title=\"Acht Unf\u00e4lle im Bereich der Polizeiinspektion Roth\">[&#8230;]<\/a><\/p>\n<\/div>","protected":false},"author":1,"featured_media":35118,"comment_status":"open","ping_status":"open","sticky":false,"template":"","format":"standard","meta":{"_cbd_carousel_blocks":"[]","footnotes":""},"categories":[15],"tags":[3226,578,3466,2340,2993,463,493,32,401,713,628,334,584],"class_list":{"0":"post-35117","1":"post","2":"type-post","3":"status-publish","4":"format-standard","5":"has-post-thumbnail","7":"category-polizeimeldungen","8":"tag-06-04-2018","9":"tag-abenberg","10":"tag-bundesstrasse2","11":"tag-duerrenmungenau","12":"tag-kiliansdorf","13":"tag-pkw","14":"tag-rednitzhembach","15":"tag-roth","16":"tag-sachschaden","17":"tag-schaden","18":"tag-spalt","19":"tag-unfall","20":"tag-zusammenstoss"},"_links":{"self":[{"href":"https:\/\/www.region-schwabach.de\/wordpress\/wp-json\/wp\/v2\/posts\/35117","targetHints":{"allow":["GET"]}}],"collection":[{"href":"https:\/\/www.region-schwabach.de\/wordpress\/wp-json\/wp\/v2\/posts"}],"about":[{"href":"https:\/\/www.region-schwabach.de\/wordpress\/wp-json\/wp\/v2\/types\/post"}],"author":[{"embeddable":true,"href":"https:\/\/www.region-schwabach.de\/wordpress\/wp-json\/wp\/v2\/users\/1"}],"replies":[{"embeddable":true,"href":"https:\/\/www.region-schwabach.de\/wordpress\/wp-json\/wp\/v2\/comments?post=35117"}],"version-history":[{"count":0,"href":"https:\/\/www.region-schwabach.de\/wordpress\/wp-json\/wp\/v2\/posts\/35117\/revisions"}],"wp:featuredmedia":[{"embeddable":true,"href":"https:\/\/www.region-schwabach.de\/wordpress\/wp-json\/wp\/v2\/media\/35118"}],"wp:attachment":[{"href":"https:\/\/www.region-schwabach.de\/wordpress\/wp-json\/wp\/v2\/media?parent=35117"}],"wp:term":[{"taxonomy":"category","embeddable":true,"href":"https:\/\/www.region-schwabach.de\/wordpress\/wp-json\/wp\/v2\/categories?post=35117"},{"taxonomy":"post_tag","embeddable":true,"href":"https:\/\/www.region-schwabach.de\/wordpress\/wp-json\/wp\/v2\/tags?post=35117"}],"curies":[{"name":"wp","href":"https:\/\/api.w.org\/{rel}","templated":true}]}}