{"id":35148,"date":"2018-04-08T11:16:18","date_gmt":"2018-04-08T09:16:18","guid":{"rendered":"http:\/\/www.region-schwabach.de\/wordpress\/?p=35148"},"modified":"2018-04-08T11:24:05","modified_gmt":"2018-04-08T09:24:05","slug":"hunde-beissen-reh-in-waldstueck-bei-nennslingen-tot","status":"publish","type":"post","link":"https:\/\/www.region-schwabach.de\/wordpress\/hunde-beissen-reh-in-waldstueck-bei-nennslingen-tot\/","title":{"rendered":"Hunde bei\u00dfen Reh in Waldst\u00fcck bei Nennslingen tot"},"content":{"rendered":"\t\t<div data-elementor-type=\"wp-post\" data-elementor-id=\"35148\" class=\"elementor elementor-35148 elementor-bc-flex-widget\">\n\t\t\t\t\t\t<section class=\"elementor-section elementor-top-section elementor-element elementor-element-tlus4ia elementor-section-boxed elementor-section-height-default elementor-section-height-default\" data-id=\"tlus4ia\" data-element_type=\"section\">\n\t\t\t\t\t\t<div class=\"elementor-container elementor-column-gap-default\">\n\t\t\t\t\t<div class=\"elementor-column elementor-col-66 elementor-top-column elementor-element elementor-element-sphcucl\" data-id=\"sphcucl\" data-element_type=\"column\">\n\t\t\t<div class=\"elementor-widget-wrap elementor-element-populated\">\n\t\t\t\t\t\t<div class=\"elementor-element elementor-element-4f2h2af elementor-widget elementor-widget-text-editor\" data-id=\"4f2h2af\" data-element_type=\"widget\" data-widget_type=\"text-editor.default\">\n\t\t\t\t<div class=\"elementor-widget-container\">\n\t\t\t\t\t\t\t<h3>Hunde bei\u00dfen Reh tot<\/h3><p>Nennslingen &#8211; In einem Waldst\u00fcck in der N\u00e4he von Nennslingen haben Hunde ein Reh erst in einen Zaun gehetzt, und anschlie\u00dfend totgebissen.<\/p><h3>Hunde m\u00fcssen unter Kontrolle sein<\/h3><p>Im Grunde herrscht in bayerischen W\u00e4ldern zwar kein Leinenzwang, allerdings sind Halter von Vierbeinern dazu verpflichtet, ihre Tier stets in Ruf- und Sichtweite unter Kontrolle zu haben.<\/p><h3>J\u00e4ger zum Abschuss berechtigt<\/h3><p>Entdeckt ein J\u00e4ger einen wildernden Hund, so ist er nicht nur berechtigt, sondern sogar verpflichtet, den Hund zu erlegen, um das Wild zu sch\u00fctzen.<\/p><h3>Wildtiere bekommen gerade ihre Jungen<\/h3><p>Erschwerend kommt hinzu, da\u00df im Augenblick viele Wildtiere ihre Jungen bekommen, weshalb\u00a0 Hundehalter nochmals um besondere R\u00fccksicht gebeten werden.<\/p>\t\t\t\t\t\t<\/div>\n\t\t\t\t<\/div>\n\t\t\t\t<div class=\"elementor-element elementor-element-c98jtdz elementor-widget elementor-widget-google_maps\" data-id=\"c98jtdz\" data-element_type=\"widget\" data-widget_type=\"google_maps.default\">\n\t\t\t\t<div class=\"elementor-widget-container\">\n\t\t\t\t\t<div class=\"elementor-custom-embed\">\n\t\t\t<iframe loading=\"lazy\"\n\t\t\t\t\tsrc=\"https:\/\/maps.google.com\/maps?q=Nennslingen%2C%20Wei%C3%9Fenburg%2C%20Deutschland&#038;t=m&#038;z=12&#038;output=embed&#038;iwloc=near\"\n\t\t\t\t\ttitle=\"Nennslingen, Wei\u00dfenburg, Deutschland\"\n\t\t\t\t\taria-label=\"Nennslingen, Wei\u00dfenburg, Deutschland\"\n\t\t\t><\/iframe>\n\t\t<\/div>\n\t\t\t\t<\/div>\n\t\t\t\t<\/div>\n\t\t\t\t\t<\/div>\n\t\t<\/div>\n\t\t\t\t<div class=\"elementor-column elementor-col-33 elementor-top-column elementor-element elementor-element-flkv3o5\" data-id=\"flkv3o5\" data-element_type=\"column\">\n\t\t\t<div class=\"elementor-widget-wrap elementor-element-populated\">\n\t\t\t\t\t\t<div class=\"elementor-element elementor-element-bpvimlk elementor-widget elementor-widget-image\" data-id=\"bpvimlk\" data-element_type=\"widget\" data-widget_type=\"image.default\">\n\t\t\t\t<div class=\"elementor-widget-container\">\n\t\t\t\t\t\t\t\t\t\t\t\t\t\t<a href=\"http:\/\/www.region-schwabach.de\/wordpress\/werben-auf-region-schwabach\/\" target=\"_blank\">\n\t\t\t\t\t\t\t<img fetchpriority=\"high\" decoding=\"async\" width=\"1024\" height=\"1024\" src=\"https:\/\/www.region-schwabach.de\/wordpress\/wp-content\/uploads\/2017\/06\/werbung8-1024x1024.png\" class=\"attachment-large size-large wp-image-2484\" alt=\"\" srcset=\"https:\/\/www.region-schwabach.de\/wordpress\/wp-content\/uploads\/2017\/06\/werbung8-1024x1024.png 1024w, https:\/\/www.region-schwabach.de\/wordpress\/wp-content\/uploads\/2017\/06\/werbung8-150x150.png 150w, https:\/\/www.region-schwabach.de\/wordpress\/wp-content\/uploads\/2017\/06\/werbung8-300x300.png 300w, https:\/\/www.region-schwabach.de\/wordpress\/wp-content\/uploads\/2017\/06\/werbung8-768x768.png 768w, https:\/\/www.region-schwabach.de\/wordpress\/wp-content\/uploads\/2017\/06\/werbung8-600x600.png 600w, https:\/\/www.region-schwabach.de\/wordpress\/wp-content\/uploads\/2017\/06\/werbung8.png 1200w\" sizes=\"(max-width: 1024px) 100vw, 1024px\" \/>\t\t\t\t\t\t\t\t<\/a>\n\t\t\t\t\t\t\t\t\t\t\t\t\t<\/div>\n\t\t\t\t<\/div>\n\t\t\t\t\t<\/div>\n\t\t<\/div>\n\t\t\t\t\t<\/div>\n\t\t<\/section>\n\t\t\t\t<\/div>\n\t\t","protected":false},"excerpt":{"rendered":"<div class=\"mh-excerpt\"><p>Hunde bei\u00dfen Reh tot Nennslingen &#8211; In einem Waldst\u00fcck in der N\u00e4he von Nennslingen haben Hunde ein Reh erst in einen Zaun gehetzt, und anschlie\u00dfend totgebissen. Hunde m\u00fcssen unter Kontrolle sein Im Grunde herrscht in <a class=\"mh-excerpt-more\" href=\"https:\/\/www.region-schwabach.de\/wordpress\/hunde-beissen-reh-in-waldstueck-bei-nennslingen-tot\/\" title=\"Hunde bei\u00dfen Reh in Waldst\u00fcck bei Nennslingen tot\">[&#8230;]<\/a><\/p>\n<\/div>","protected":false},"author":1,"featured_media":35149,"comment_status":"open","ping_status":"open","sticky":false,"template":"","format":"standard","meta":{"_cbd_carousel_blocks":"[]","footnotes":""},"categories":[15],"tags":[3275,3474,2138,824,249,2269],"class_list":{"0":"post-35148","1":"post","2":"type-post","3":"status-publish","4":"format-standard","5":"has-post-thumbnail","7":"category-polizeimeldungen","8":"tag-hunde","9":"tag-neenslingen","10":"tag-reh","11":"tag-wald","12":"tag-weissenburg","13":"tag-zaun"},"_links":{"self":[{"href":"https:\/\/www.region-schwabach.de\/wordpress\/wp-json\/wp\/v2\/posts\/35148","targetHints":{"allow":["GET"]}}],"collection":[{"href":"https:\/\/www.region-schwabach.de\/wordpress\/wp-json\/wp\/v2\/posts"}],"about":[{"href":"https:\/\/www.region-schwabach.de\/wordpress\/wp-json\/wp\/v2\/types\/post"}],"author":[{"embeddable":true,"href":"https:\/\/www.region-schwabach.de\/wordpress\/wp-json\/wp\/v2\/users\/1"}],"replies":[{"embeddable":true,"href":"https:\/\/www.region-schwabach.de\/wordpress\/wp-json\/wp\/v2\/comments?post=35148"}],"version-history":[{"count":0,"href":"https:\/\/www.region-schwabach.de\/wordpress\/wp-json\/wp\/v2\/posts\/35148\/revisions"}],"wp:featuredmedia":[{"embeddable":true,"href":"https:\/\/www.region-schwabach.de\/wordpress\/wp-json\/wp\/v2\/media\/35149"}],"wp:attachment":[{"href":"https:\/\/www.region-schwabach.de\/wordpress\/wp-json\/wp\/v2\/media?parent=35148"}],"wp:term":[{"taxonomy":"category","embeddable":true,"href":"https:\/\/www.region-schwabach.de\/wordpress\/wp-json\/wp\/v2\/categories?post=35148"},{"taxonomy":"post_tag","embeddable":true,"href":"https:\/\/www.region-schwabach.de\/wordpress\/wp-json\/wp\/v2\/tags?post=35148"}],"curies":[{"name":"wp","href":"https:\/\/api.w.org\/{rel}","templated":true}]}}