{"id":35377,"date":"2018-04-05T19:45:08","date_gmt":"2018-04-05T17:45:08","guid":{"rendered":"http:\/\/www.region-schwabach.de\/wordpress\/?p=35377"},"modified":"2018-04-09T22:05:09","modified_gmt":"2018-04-09T20:05:09","slug":"buergerversammlung-fuer-den-bezirk-sued-iv","status":"publish","type":"post","link":"https:\/\/www.region-schwabach.de\/wordpress\/buergerversammlung-fuer-den-bezirk-sued-iv\/","title":{"rendered":"B\u00fcrgerversammlung f\u00fcr den Bezirk S\u00fcd (IV)"},"content":{"rendered":"\t\t<div data-elementor-type=\"wp-post\" data-elementor-id=\"35377\" class=\"elementor elementor-35377 elementor-bc-flex-widget\">\n\t\t\t\t\t\t<section class=\"elementor-section elementor-top-section elementor-element elementor-element-5436baf elementor-section-boxed elementor-section-height-default elementor-section-height-default\" data-id=\"5436baf\" data-element_type=\"section\">\n\t\t\t\t\t\t<div class=\"elementor-container elementor-column-gap-default\">\n\t\t\t\t\t<div class=\"elementor-column elementor-col-66 elementor-top-column elementor-element elementor-element-a5f5ee5\" data-id=\"a5f5ee5\" data-element_type=\"column\">\n\t\t\t<div class=\"elementor-widget-wrap elementor-element-populated\">\n\t\t\t\t\t\t<div class=\"elementor-element elementor-element-d0b0674 elementor-widget elementor-widget-text-editor\" data-id=\"d0b0674\" data-element_type=\"widget\" data-widget_type=\"text-editor.default\">\n\t\t\t\t<div class=\"elementor-widget-container\">\n\t\t\t\t\t\t\t<h3>B\u00fcrgerversammlung im\u00a0<span class=\"value\">Wolfram-von-Eschenbach-Gymnasium<\/span><\/h3><p>Schwabach &#8211; Am Dienstag, den 10.04.2018, findet in der\u00a0<span class=\"value\">Aula des Wolfram-von-Eschenbach-Gymnasiums in der Haydnstra\u00dfe 1 in Schwabach\u00a0<\/span>eine B\u00fcrgerversammlung f\u00fcr den Bezirk S\u00fcd (IV) statt. Hier haben die B\u00fcrgerinnen und B\u00fcrger zusammen mit der Stadtspitze, den Referenten sowie einem Vertreter der Polizei die M\u00f6glichkeit aktuelle Themen zu diskutieren.<\/p><p>Auf dem Tagesordnungsplan stehen:<\/p><ol><li>Begr\u00fc\u00dfung durch den Oberb\u00fcrgermeister Matthias Th\u00fcrauf<\/li><li>Diskussion (Anregungen, W\u00fcnsche, Beschwerden)<\/li><\/ol><p><a href=\"http:\/\/www.schwabach.de\/de\/stadtverwaltung\/oberbuergermeister\/98-buergermeister-und-presseamt\/neues-aus-dem-buergermeister-und-presseamt\/6184-buergerversammlung-sued-2018.html\" target=\"_blank\" rel=\"noopener\">F\u00fcr weitere Informationen hier klicken &#8230;<\/a><\/p>\t\t\t\t\t\t<\/div>\n\t\t\t\t<\/div>\n\t\t\t\t<div class=\"elementor-element elementor-element-34ad0b5 elementor-widget elementor-widget-google_maps\" data-id=\"34ad0b5\" data-element_type=\"widget\" data-widget_type=\"google_maps.default\">\n\t\t\t\t<div class=\"elementor-widget-container\">\n\t\t\t\t\t<div class=\"elementor-custom-embed\">\n\t\t\t<iframe loading=\"lazy\"\n\t\t\t\t\tsrc=\"https:\/\/maps.google.com\/maps?q=Haydnstra%C3%9Fe%201%2C%20Schwabach%2C%20Deutschland&#038;t=m&#038;z=15&#038;output=embed&#038;iwloc=near\"\n\t\t\t\t\ttitle=\"Haydnstra\u00dfe 1, Schwabach, Deutschland\"\n\t\t\t\t\taria-label=\"Haydnstra\u00dfe 1, Schwabach, Deutschland\"\n\t\t\t><\/iframe>\n\t\t<\/div>\n\t\t\t\t<\/div>\n\t\t\t\t<\/div>\n\t\t\t\t\t<\/div>\n\t\t<\/div>\n\t\t\t\t<div class=\"elementor-column elementor-col-33 elementor-top-column elementor-element elementor-element-a271905\" data-id=\"a271905\" data-element_type=\"column\">\n\t\t\t<div class=\"elementor-widget-wrap elementor-element-populated\">\n\t\t\t\t\t\t<div class=\"elementor-element elementor-element-0d28b93 elementor-widget elementor-widget-image\" data-id=\"0d28b93\" data-element_type=\"widget\" data-widget_type=\"image.default\">\n\t\t\t\t<div class=\"elementor-widget-container\">\n\t\t\t\t\t\t\t\t\t\t\t\t\t<img fetchpriority=\"high\" decoding=\"async\" width=\"300\" height=\"300\" src=\"https:\/\/www.region-schwabach.de\/wordpress\/wp-content\/uploads\/2018\/04\/werbung1-300x300.png\" class=\"attachment-medium size-medium wp-image-35382\" alt=\"\" srcset=\"https:\/\/www.region-schwabach.de\/wordpress\/wp-content\/uploads\/2018\/04\/werbung1-300x300.png 300w, https:\/\/www.region-schwabach.de\/wordpress\/wp-content\/uploads\/2018\/04\/werbung1-150x150.png 150w, https:\/\/www.region-schwabach.de\/wordpress\/wp-content\/uploads\/2018\/04\/werbung1-768x768.png 768w, https:\/\/www.region-schwabach.de\/wordpress\/wp-content\/uploads\/2018\/04\/werbung1-1024x1024.png 1024w, https:\/\/www.region-schwabach.de\/wordpress\/wp-content\/uploads\/2018\/04\/werbung1.png 1200w\" sizes=\"(max-width: 300px) 100vw, 300px\" \/>\t\t\t\t\t\t\t\t\t\t\t\t\t<\/div>\n\t\t\t\t<\/div>\n\t\t\t\t\t<\/div>\n\t\t<\/div>\n\t\t\t\t\t<\/div>\n\t\t<\/section>\n\t\t\t\t<\/div>\n\t\t","protected":false},"excerpt":{"rendered":"<div class=\"mh-excerpt\"><p>B\u00fcrgerversammlung im\u00a0Wolfram-von-Eschenbach-Gymnasium Schwabach &#8211; Am Dienstag, den 10.04.2018, findet in der\u00a0Aula des Wolfram-von-Eschenbach-Gymnasiums in der Haydnstra\u00dfe 1 in Schwabach\u00a0eine B\u00fcrgerversammlung f\u00fcr den Bezirk S\u00fcd (IV) statt. Hier haben die B\u00fcrgerinnen und B\u00fcrger zusammen mit der <a class=\"mh-excerpt-more\" href=\"https:\/\/www.region-schwabach.de\/wordpress\/buergerversammlung-fuer-den-bezirk-sued-iv\/\" title=\"B\u00fcrgerversammlung f\u00fcr den Bezirk S\u00fcd (IV)\">[&#8230;]<\/a><\/p>\n<\/div>","protected":false},"author":1,"featured_media":0,"comment_status":"open","ping_status":"open","sticky":false,"template":"","format":"standard","meta":{"_cbd_carousel_blocks":"[]","footnotes":""},"categories":[16,1,79,61],"tags":[3134,3488,3487,3490,3486,3489,3491,19,3138],"class_list":{"0":"post-35377","1":"post","2":"type-post","3":"status-publish","4":"format-standard","6":"category-aktuell","7":"category-allgemein","8":"category-politik","9":"category-rathaus","10":"tag-10-04-2018","11":"tag-aula","12":"tag-bezirk-sued-iv","13":"tag-buergermeister","14":"tag-buergerversammlung","15":"tag-haydnstrassewolfram-von-eschenbach-gymnasium","16":"tag-referenten","17":"tag-schwabach","18":"tag-wolfram-von-eschenbach-gymnasium"},"_links":{"self":[{"href":"https:\/\/www.region-schwabach.de\/wordpress\/wp-json\/wp\/v2\/posts\/35377","targetHints":{"allow":["GET"]}}],"collection":[{"href":"https:\/\/www.region-schwabach.de\/wordpress\/wp-json\/wp\/v2\/posts"}],"about":[{"href":"https:\/\/www.region-schwabach.de\/wordpress\/wp-json\/wp\/v2\/types\/post"}],"author":[{"embeddable":true,"href":"https:\/\/www.region-schwabach.de\/wordpress\/wp-json\/wp\/v2\/users\/1"}],"replies":[{"embeddable":true,"href":"https:\/\/www.region-schwabach.de\/wordpress\/wp-json\/wp\/v2\/comments?post=35377"}],"version-history":[{"count":0,"href":"https:\/\/www.region-schwabach.de\/wordpress\/wp-json\/wp\/v2\/posts\/35377\/revisions"}],"wp:attachment":[{"href":"https:\/\/www.region-schwabach.de\/wordpress\/wp-json\/wp\/v2\/media?parent=35377"}],"wp:term":[{"taxonomy":"category","embeddable":true,"href":"https:\/\/www.region-schwabach.de\/wordpress\/wp-json\/wp\/v2\/categories?post=35377"},{"taxonomy":"post_tag","embeddable":true,"href":"https:\/\/www.region-schwabach.de\/wordpress\/wp-json\/wp\/v2\/tags?post=35377"}],"curies":[{"name":"wp","href":"https:\/\/api.w.org\/{rel}","templated":true}]}}