{"id":35384,"date":"2018-04-06T21:19:48","date_gmt":"2018-04-06T19:19:48","guid":{"rendered":"http:\/\/www.region-schwabach.de\/wordpress\/?p=35384"},"modified":"2018-04-09T21:57:50","modified_gmt":"2018-04-09T19:57:50","slug":"sitzung-des-integrationsrats","status":"publish","type":"post","link":"https:\/\/www.region-schwabach.de\/wordpress\/sitzung-des-integrationsrats\/","title":{"rendered":"Sitzung des Integrationsrats"},"content":{"rendered":"\t\t<div data-elementor-type=\"wp-post\" data-elementor-id=\"35384\" class=\"elementor elementor-35384 elementor-bc-flex-widget\">\n\t\t\t\t\t\t<section class=\"elementor-section elementor-top-section elementor-element elementor-element-5436baf elementor-section-boxed elementor-section-height-default elementor-section-height-default\" data-id=\"5436baf\" data-element_type=\"section\">\n\t\t\t\t\t\t<div class=\"elementor-container elementor-column-gap-default\">\n\t\t\t\t\t<div class=\"elementor-column elementor-col-66 elementor-top-column elementor-element elementor-element-a5f5ee5\" data-id=\"a5f5ee5\" data-element_type=\"column\">\n\t\t\t<div class=\"elementor-widget-wrap elementor-element-populated\">\n\t\t\t\t\t\t<div class=\"elementor-element elementor-element-d0b0674 elementor-widget elementor-widget-text-editor\" data-id=\"d0b0674\" data-element_type=\"widget\" data-widget_type=\"text-editor.default\">\n\t\t\t\t<div class=\"elementor-widget-container\">\n\t\t\t\t\t\t\t<h3>Sitzung im Goldenen Saal<\/h3><p>Schwabach &#8211; Am Donnerstag, den 12.04.2018, findet im Goldenen Saal des Rathauses in Schwabach<span class=\"value\">\u00a0die Sitzung des Integrationsrats<\/span>\u00a0statt, in welcher Haralad Bergmann &#8211; der Gesch\u00e4ftsf\u00fchrer der GEWOBAU &#8211; die Wohnsituation in Schwabach er\u00f6rtert.<\/p><p>Die Sitzung ist \u00f6ffentlich, und\u00a0alle Interessierten sind somit als Zuh\u00f6rer recht herzlich eingeladen.<\/p><div class=\"fieldsattachment after_article\"><div class=\"idgroup_7 group_container\">\u00a0<\/div><\/div>\t\t\t\t\t\t<\/div>\n\t\t\t\t<\/div>\n\t\t\t\t<div class=\"elementor-element elementor-element-34ad0b5 elementor-widget elementor-widget-google_maps\" data-id=\"34ad0b5\" data-element_type=\"widget\" data-widget_type=\"google_maps.default\">\n\t\t\t\t<div class=\"elementor-widget-container\">\n\t\t\t\t\t<div class=\"elementor-custom-embed\">\n\t\t\t<iframe loading=\"lazy\"\n\t\t\t\t\tsrc=\"https:\/\/maps.google.com\/maps?q=Haydnstra%C3%9Fe%201%2C%20Schwabach%2C%20Deutschland&#038;t=m&#038;z=15&#038;output=embed&#038;iwloc=near\"\n\t\t\t\t\ttitle=\"Haydnstra\u00dfe 1, Schwabach, Deutschland\"\n\t\t\t\t\taria-label=\"Haydnstra\u00dfe 1, Schwabach, Deutschland\"\n\t\t\t><\/iframe>\n\t\t<\/div>\n\t\t\t\t<\/div>\n\t\t\t\t<\/div>\n\t\t\t\t\t<\/div>\n\t\t<\/div>\n\t\t\t\t<div class=\"elementor-column elementor-col-33 elementor-top-column elementor-element elementor-element-a271905\" data-id=\"a271905\" data-element_type=\"column\">\n\t\t\t<div class=\"elementor-widget-wrap elementor-element-populated\">\n\t\t\t\t\t\t<div class=\"elementor-element elementor-element-0d28b93 elementor-widget elementor-widget-image\" data-id=\"0d28b93\" data-element_type=\"widget\" data-widget_type=\"image.default\">\n\t\t\t\t<div class=\"elementor-widget-container\">\n\t\t\t\t\t\t\t\t\t\t\t\t\t<img fetchpriority=\"high\" decoding=\"async\" width=\"300\" height=\"300\" src=\"https:\/\/www.region-schwabach.de\/wordpress\/wp-content\/uploads\/2018\/04\/werbung1-300x300.png\" class=\"attachment-medium size-medium wp-image-35382\" alt=\"\" srcset=\"https:\/\/www.region-schwabach.de\/wordpress\/wp-content\/uploads\/2018\/04\/werbung1-300x300.png 300w, https:\/\/www.region-schwabach.de\/wordpress\/wp-content\/uploads\/2018\/04\/werbung1-150x150.png 150w, https:\/\/www.region-schwabach.de\/wordpress\/wp-content\/uploads\/2018\/04\/werbung1-768x768.png 768w, https:\/\/www.region-schwabach.de\/wordpress\/wp-content\/uploads\/2018\/04\/werbung1-1024x1024.png 1024w, https:\/\/www.region-schwabach.de\/wordpress\/wp-content\/uploads\/2018\/04\/werbung1.png 1200w\" sizes=\"(max-width: 300px) 100vw, 300px\" \/>\t\t\t\t\t\t\t\t\t\t\t\t\t<\/div>\n\t\t\t\t<\/div>\n\t\t\t\t\t<\/div>\n\t\t<\/div>\n\t\t\t\t\t<\/div>\n\t\t<\/section>\n\t\t\t\t<\/div>\n\t\t","protected":false},"excerpt":{"rendered":"<div class=\"mh-excerpt\"><p>Sitzung im Goldenen Saal Schwabach &#8211; Am Donnerstag, den 12.04.2018, findet im Goldenen Saal des Rathauses in Schwabach\u00a0die Sitzung des Integrationsrats\u00a0statt, in welcher Haralad Bergmann &#8211; der Gesch\u00e4ftsf\u00fchrer der GEWOBAU &#8211; die Wohnsituation in Schwabach <a class=\"mh-excerpt-more\" href=\"https:\/\/www.region-schwabach.de\/wordpress\/sitzung-des-integrationsrats\/\" title=\"Sitzung des Integrationsrats\">[&#8230;]<\/a><\/p>\n<\/div>","protected":false},"author":1,"featured_media":35385,"comment_status":"open","ping_status":"open","sticky":false,"template":"","format":"standard","meta":{"_cbd_carousel_blocks":"[]","footnotes":""},"categories":[16,79,61,46],"tags":[3232,3482,3484,3483,3481,1480,19,3480,3485],"class_list":{"0":"post-35384","1":"post","2":"type-post","3":"status-publish","4":"format-standard","5":"has-post-thumbnail","7":"category-aktuell","8":"category-politik","9":"category-rathaus","10":"category-verbaende","11":"tag-12-04-2018","12":"tag-gewobau","13":"tag-goldener-saal","14":"tag-herr-bergmann","15":"tag-integrationsrat","16":"tag-rathaus","17":"tag-schwabach","18":"tag-sitzung","19":"tag-wohnsituation"},"_links":{"self":[{"href":"https:\/\/www.region-schwabach.de\/wordpress\/wp-json\/wp\/v2\/posts\/35384","targetHints":{"allow":["GET"]}}],"collection":[{"href":"https:\/\/www.region-schwabach.de\/wordpress\/wp-json\/wp\/v2\/posts"}],"about":[{"href":"https:\/\/www.region-schwabach.de\/wordpress\/wp-json\/wp\/v2\/types\/post"}],"author":[{"embeddable":true,"href":"https:\/\/www.region-schwabach.de\/wordpress\/wp-json\/wp\/v2\/users\/1"}],"replies":[{"embeddable":true,"href":"https:\/\/www.region-schwabach.de\/wordpress\/wp-json\/wp\/v2\/comments?post=35384"}],"version-history":[{"count":0,"href":"https:\/\/www.region-schwabach.de\/wordpress\/wp-json\/wp\/v2\/posts\/35384\/revisions"}],"wp:featuredmedia":[{"embeddable":true,"href":"https:\/\/www.region-schwabach.de\/wordpress\/wp-json\/wp\/v2\/media\/35385"}],"wp:attachment":[{"href":"https:\/\/www.region-schwabach.de\/wordpress\/wp-json\/wp\/v2\/media?parent=35384"}],"wp:term":[{"taxonomy":"category","embeddable":true,"href":"https:\/\/www.region-schwabach.de\/wordpress\/wp-json\/wp\/v2\/categories?post=35384"},{"taxonomy":"post_tag","embeddable":true,"href":"https:\/\/www.region-schwabach.de\/wordpress\/wp-json\/wp\/v2\/tags?post=35384"}],"curies":[{"name":"wp","href":"https:\/\/api.w.org\/{rel}","templated":true}]}}