{"id":35465,"date":"2018-04-11T09:34:15","date_gmt":"2018-04-11T07:34:15","guid":{"rendered":"http:\/\/www.region-schwabach.de\/wordpress\/?p=35465"},"modified":"2018-04-11T09:58:05","modified_gmt":"2018-04-11T07:58:05","slug":"ein-nachmittag-zu-pferd-im-reit-und-fahrverein-schwabach","status":"publish","type":"post","link":"https:\/\/www.region-schwabach.de\/wordpress\/ein-nachmittag-zu-pferd-im-reit-und-fahrverein-schwabach\/","title":{"rendered":"&#8222;Ein Nachmittag zu Pferd&#8220; im Reit- und Fahrverein Schwabach"},"content":{"rendered":"\t\t<div data-elementor-type=\"wp-post\" data-elementor-id=\"35465\" class=\"elementor elementor-35465 elementor-bc-flex-widget\">\n\t\t\t\t\t\t<section class=\"elementor-section elementor-top-section elementor-element elementor-element-1cuv9jr elementor-section-boxed elementor-section-height-default elementor-section-height-default\" data-id=\"1cuv9jr\" data-element_type=\"section\">\n\t\t\t\t\t\t<div class=\"elementor-container elementor-column-gap-default\">\n\t\t\t\t\t<div class=\"elementor-column elementor-col-66 elementor-top-column elementor-element elementor-element-q5zak7b\" data-id=\"q5zak7b\" data-element_type=\"column\">\n\t\t\t<div class=\"elementor-widget-wrap elementor-element-populated\">\n\t\t\t\t\t\t<div class=\"elementor-element elementor-element-86qws23 elementor-widget elementor-widget-text-editor\" data-id=\"86qws23\" data-element_type=\"widget\" data-widget_type=\"text-editor.default\">\n\t\t\t\t<div class=\"elementor-widget-container\">\n\t\t\t\t\t\t\t<h3><strong><span style=\"color: #000000;\">&#8222;Ein Nachmittag zu Pferd&#8220;<\/span><\/strong><\/h3><h3><span style=\"font-size: 14pt;\"><b><span style=\"color: #000000;\">Die Gewinnerin der Weihnachts-Charity &#8222;Zeit mit meinem Pferd&#8220;\u00a0l\u00f6st ihren Gewinn im Reitverein Schwabach e.V. ein.<\/span><\/b><\/span><\/h3><p>Schwabach &#8211; <span style=\"font-size: 12pt;\">&#8222;Ein Nachmittag mit einem (kleinen) Pferd&#8220;:\u00a0am vergangenen Wochenende\u00a0durfte die\u00a0sechsj\u00e4hrige Schwabacherin Juwel im Reit- und Fahrverein Schwabach u.U. e.V. ihren Gewinn aus der Weihnachts-Charity 2017 einl\u00f6sen.\u00a0Die Idee der Aktion richtete sich an Kinder aus\u00a0Familien, die es sich aus den verschiedensten Gr\u00fcnden nicht leisten k\u00f6nnen, Reitstunden zu nehmen oder einen Ponyhof zu besuchen.<\/span><\/p><div><span style=\"font-size: 12pt;\">Unterst\u00fctzt von zwei erfahrenen Reitern\u00a0der Reitschule durfte\u00a0Juwel\u00a0zum ersten Mal selbst ein Pony f\u00fchren, putzen, satteln und einen gef\u00fchrten Ausritt unternehmen.\u00a0Am Ende des Ausrittes strahlten Juwel und ihre Mama mit der Sonne um die Wette.<\/span><\/div><div>\u00a0<\/div><div><span style=\"font-size: 12pt;\">Die Schwabacher Reitschule bietet f\u00fcr Kinder, Jugendliche und Erwachsene alles zum Thema Reiten: von der altersgerechten Heranf\u00fchrung der Anf\u00e4nger bis zur Ausbildung in den Turniersport.\u00a0<a href=\"http:\/\/www.reitverein-schwabach.de\/\">www.reitverein-schwabach.de<\/a><\/span><\/div><div>\u00a0<\/div><div><strong>Text: Barbara Graber<\/strong><\/div>\t\t\t\t\t\t<\/div>\n\t\t\t\t<\/div>\n\t\t\t\t<div class=\"elementor-element elementor-element-1l7zbzo elementor-widget elementor-widget-google_maps\" data-id=\"1l7zbzo\" data-element_type=\"widget\" data-widget_type=\"google_maps.default\">\n\t\t\t\t<div class=\"elementor-widget-container\">\n\t\t\t\t\t<div class=\"elementor-custom-embed\">\n\t\t\t<iframe loading=\"lazy\"\n\t\t\t\t\tsrc=\"https:\/\/maps.google.com\/maps?q=Badstra%C3%9Fe%2022%2C%20Schwabach%2C%20Deutschland&#038;t=m&#038;z=15&#038;output=embed&#038;iwloc=near\"\n\t\t\t\t\ttitle=\"Badstra\u00dfe 22, Schwabach, Deutschland\"\n\t\t\t\t\taria-label=\"Badstra\u00dfe 22, Schwabach, Deutschland\"\n\t\t\t><\/iframe>\n\t\t<\/div>\n\t\t\t\t<\/div>\n\t\t\t\t<\/div>\n\t\t\t\t\t<\/div>\n\t\t<\/div>\n\t\t\t\t<div class=\"elementor-column elementor-col-33 elementor-top-column elementor-element elementor-element-0w0urt1\" data-id=\"0w0urt1\" data-element_type=\"column\">\n\t\t\t<div class=\"elementor-widget-wrap elementor-element-populated\">\n\t\t\t\t\t\t<div class=\"elementor-element elementor-element-mo6nk5i elementor-widget elementor-widget-image\" data-id=\"mo6nk5i\" data-element_type=\"widget\" data-widget_type=\"image.default\">\n\t\t\t\t<div class=\"elementor-widget-container\">\n\t\t\t\t\t\t\t\t\t\t\t\t\t\t<a href=\"http:\/\/www.region-schwabach.de\/wordpress\/werben-auf-region-schwabach\/\" target=\"_blank\">\n\t\t\t\t\t\t\t<img fetchpriority=\"high\" decoding=\"async\" width=\"1024\" height=\"1024\" src=\"https:\/\/www.region-schwabach.de\/wordpress\/wp-content\/uploads\/2017\/06\/werbung8-1024x1024.png\" class=\"attachment-large size-large wp-image-2484\" alt=\"\" srcset=\"https:\/\/www.region-schwabach.de\/wordpress\/wp-content\/uploads\/2017\/06\/werbung8-1024x1024.png 1024w, https:\/\/www.region-schwabach.de\/wordpress\/wp-content\/uploads\/2017\/06\/werbung8-150x150.png 150w, https:\/\/www.region-schwabach.de\/wordpress\/wp-content\/uploads\/2017\/06\/werbung8-300x300.png 300w, https:\/\/www.region-schwabach.de\/wordpress\/wp-content\/uploads\/2017\/06\/werbung8-768x768.png 768w, https:\/\/www.region-schwabach.de\/wordpress\/wp-content\/uploads\/2017\/06\/werbung8-600x600.png 600w, https:\/\/www.region-schwabach.de\/wordpress\/wp-content\/uploads\/2017\/06\/werbung8.png 1200w\" sizes=\"(max-width: 1024px) 100vw, 1024px\" \/>\t\t\t\t\t\t\t\t<\/a>\n\t\t\t\t\t\t\t\t\t\t\t\t\t<\/div>\n\t\t\t\t<\/div>\n\t\t\t\t\t<\/div>\n\t\t<\/div>\n\t\t\t\t\t<\/div>\n\t\t<\/section>\n\t\t\t\t<\/div>\n\t\t","protected":false},"excerpt":{"rendered":"<div class=\"mh-excerpt\"><p>&#8222;Ein Nachmittag zu Pferd&#8220; Die Gewinnerin der Weihnachts-Charity &#8222;Zeit mit meinem Pferd&#8220;\u00a0l\u00f6st ihren Gewinn im Reitverein Schwabach e.V. ein. Schwabach &#8211; &#8222;Ein Nachmittag mit einem (kleinen) Pferd&#8220;:\u00a0am vergangenen Wochenende\u00a0durfte die\u00a0sechsj\u00e4hrige Schwabacherin Juwel im Reit- und <a class=\"mh-excerpt-more\" href=\"https:\/\/www.region-schwabach.de\/wordpress\/ein-nachmittag-zu-pferd-im-reit-und-fahrverein-schwabach\/\" title=\"&#8222;Ein Nachmittag zu Pferd&#8220; im Reit- und Fahrverein Schwabach\">[&#8230;]<\/a><\/p>\n<\/div>","protected":false},"author":1,"featured_media":35466,"comment_status":"open","ping_status":"open","sticky":false,"template":"","format":"standard","meta":{"_cbd_carousel_blocks":"[]","footnotes":""},"categories":[16,1,287,13,140],"tags":[3517,3518,3521,3522,3519,19,3520],"class_list":{"0":"post-35465","1":"post","2":"type-post","3":"status-publish","4":"format-standard","5":"has-post-thumbnail","7":"category-aktuell","8":"category-allgemein","9":"category-jugend-und-familie","10":"category-nachrichten","11":"category-vereine","12":"tag-april-2018","13":"tag-pferd","14":"tag-ponyhof","15":"tag-reiten","16":"tag-reitverein-schwabach-e-v","17":"tag-schwabach","18":"tag-weihnachts-charity"},"_links":{"self":[{"href":"https:\/\/www.region-schwabach.de\/wordpress\/wp-json\/wp\/v2\/posts\/35465","targetHints":{"allow":["GET"]}}],"collection":[{"href":"https:\/\/www.region-schwabach.de\/wordpress\/wp-json\/wp\/v2\/posts"}],"about":[{"href":"https:\/\/www.region-schwabach.de\/wordpress\/wp-json\/wp\/v2\/types\/post"}],"author":[{"embeddable":true,"href":"https:\/\/www.region-schwabach.de\/wordpress\/wp-json\/wp\/v2\/users\/1"}],"replies":[{"embeddable":true,"href":"https:\/\/www.region-schwabach.de\/wordpress\/wp-json\/wp\/v2\/comments?post=35465"}],"version-history":[{"count":0,"href":"https:\/\/www.region-schwabach.de\/wordpress\/wp-json\/wp\/v2\/posts\/35465\/revisions"}],"wp:featuredmedia":[{"embeddable":true,"href":"https:\/\/www.region-schwabach.de\/wordpress\/wp-json\/wp\/v2\/media\/35466"}],"wp:attachment":[{"href":"https:\/\/www.region-schwabach.de\/wordpress\/wp-json\/wp\/v2\/media?parent=35465"}],"wp:term":[{"taxonomy":"category","embeddable":true,"href":"https:\/\/www.region-schwabach.de\/wordpress\/wp-json\/wp\/v2\/categories?post=35465"},{"taxonomy":"post_tag","embeddable":true,"href":"https:\/\/www.region-schwabach.de\/wordpress\/wp-json\/wp\/v2\/tags?post=35465"}],"curies":[{"name":"wp","href":"https:\/\/api.w.org\/{rel}","templated":true}]}}