{"id":35506,"date":"2018-04-11T16:36:45","date_gmt":"2018-04-11T14:36:45","guid":{"rendered":"http:\/\/www.region-schwabach.de\/wordpress\/?p=35506"},"modified":"2018-04-11T17:15:07","modified_gmt":"2018-04-11T15:15:07","slug":"geistliches-chorkonzert-mit-sonat-vox-in-st-jakobus-abenberg","status":"publish","type":"post","link":"https:\/\/www.region-schwabach.de\/wordpress\/geistliches-chorkonzert-mit-sonat-vox-in-st-jakobus-abenberg\/","title":{"rendered":"Geistliches Chorkonzert mit Sonat Vox in St. Jakobus Abenberg"},"content":{"rendered":"\t\t<div data-elementor-type=\"wp-post\" data-elementor-id=\"35506\" class=\"elementor elementor-35506 elementor-bc-flex-widget\">\n\t\t\t\t\t\t<section class=\"elementor-section elementor-top-section elementor-element elementor-element-905dfc1 elementor-section-boxed elementor-section-height-default elementor-section-height-default\" data-id=\"905dfc1\" data-element_type=\"section\">\n\t\t\t\t\t\t<div class=\"elementor-container elementor-column-gap-default\">\n\t\t\t\t\t<div class=\"elementor-column elementor-col-66 elementor-top-column elementor-element elementor-element-d1d5c9e\" data-id=\"d1d5c9e\" data-element_type=\"column\">\n\t\t\t<div class=\"elementor-widget-wrap elementor-element-populated\">\n\t\t\t\t\t\t<div class=\"elementor-element elementor-element-822ab98 elementor-widget elementor-widget-text-editor\" data-id=\"822ab98\" data-element_type=\"widget\" data-widget_type=\"text-editor.default\">\n\t\t\t\t<div class=\"elementor-widget-container\">\n\t\t\t\t\t\t\t<h3>\u201eSonat Vox\u201c in Abenberg<\/h3><p>Zum ersten Mal gastiert das a-capella Ensemble \u201eSonat Vox\u201c in Abenberg \u2013 im<br \/>Programm hat die junge Formation ehemaliger Windsbacher Knaben geistliche<br \/>Chormusik aus allen Epochen.<\/p><p>Die S\u00e4nger werden die Zuh\u00f6rer mit ihrer\u00a0beeindruckenden Pr\u00e4zision und Homogenit\u00e4t begeistern und dabei eindrucksvoll\u00a0zeigen, wie sch\u00f6n es sein kann auf h\u00f6chstem Niveau zu musizieren.<\/p><h3>Ten\u00f6re, B\u00e4sse und Altus-Stimmen<\/h3><p>Die Besetzung von \u201eSonat Vox\u201c mit Ten\u00f6ren, B\u00e4ssen und (f\u00fcr hohe Register) Altus-<br \/>Stimmen ist einzigartig in Deutschland und bringt eine unverwechselbare<br \/>Stimmvielfalt und Klangtiefe hervor. Die jahrelange Ausbildung in Windsbach und<br \/>ungez\u00e4hlte gemeinsame Konzert-Auftritte seit fr\u00fchster Jugend sind die Basis f\u00fcr eine\u00a0sonst selten erreichte Homogenit\u00e4t.<\/p><h3>Mit zahlreichen Preisen ausgezeichnet<\/h3><p>Diese Besonderheit wurde unter anderem mit\u00a0dem ersten Preis beim Limburger M\u00e4nnerchorfestival in der Kategorie Kammerchor\u00a0gew\u00fcrdigt; au\u00dferdem bekamen die jungen S\u00e4nger den Sonderpreis des hessischen\u00a0Ministerpr\u00e4sidenten verliehen. Erst im Jahr 2017 gewannen sie den bayerischen\u00a0Chorwettbewerb in der Kategorie \u201eM\u00e4nnerchor\u201c.\u00a0<\/p><h3>Unter der Leitung von Justus Merkel<\/h3><p>\u201eSonat Vox\u201c steht unter der Leitung des ehemaligen Windsbachers Justus Merkel, der\u00a0in Dresden Chorleitung bei Hans-Christoph Rademann studiert und aus<br \/>Neuendettelsau stammt.<\/p><h3>Kartenbestellungen<\/h3><p>Karten k\u00f6nnen im Pfarramt Abenberg, online unter www.dies-musicus.de oder<br \/>telefonisch unter 0941 \u2013 64 66 03 66 bestellt werden.<\/p><p><strong>Text: DIES MUSICUS \u2013 Musikprojekte<\/strong><\/p>\t\t\t\t\t\t<\/div>\n\t\t\t\t<\/div>\n\t\t\t\t<div class=\"elementor-element elementor-element-3cf98d4 elementor-widget elementor-widget-google_maps\" data-id=\"3cf98d4\" data-element_type=\"widget\" data-widget_type=\"google_maps.default\">\n\t\t\t\t<div class=\"elementor-widget-container\">\n\t\t\t\t\t<div class=\"elementor-custom-embed\">\n\t\t\t<iframe loading=\"lazy\"\n\t\t\t\t\tsrc=\"https:\/\/maps.google.com\/maps?q=Kirchgasse%202%2C%20Abenberg%2C%20Deutschland&#038;t=m&#038;z=18&#038;output=embed&#038;iwloc=near\"\n\t\t\t\t\ttitle=\"Kirchgasse 2, Abenberg, Deutschland\"\n\t\t\t\t\taria-label=\"Kirchgasse 2, Abenberg, Deutschland\"\n\t\t\t><\/iframe>\n\t\t<\/div>\n\t\t\t\t<\/div>\n\t\t\t\t<\/div>\n\t\t\t\t\t<\/div>\n\t\t<\/div>\n\t\t\t\t<div class=\"elementor-column elementor-col-33 elementor-top-column elementor-element elementor-element-5353f6d\" data-id=\"5353f6d\" data-element_type=\"column\">\n\t\t\t<div class=\"elementor-widget-wrap\">\n\t\t\t\t\t\t\t<\/div>\n\t\t<\/div>\n\t\t\t\t\t<\/div>\n\t\t<\/section>\n\t\t\t\t<\/div>\n\t\t","protected":false},"excerpt":{"rendered":"<div class=\"mh-excerpt\"><p>\u201eSonat Vox\u201c in Abenberg Zum ersten Mal gastiert das a-capella Ensemble \u201eSonat Vox\u201c in Abenberg \u2013 im Programm hat die junge Formation ehemaliger Windsbacher Knaben geistliche Chormusik aus allen Epochen. Die S\u00e4nger werden die Zuh\u00f6rer <a class=\"mh-excerpt-more\" href=\"https:\/\/www.region-schwabach.de\/wordpress\/geistliches-chorkonzert-mit-sonat-vox-in-st-jakobus-abenberg\/\" title=\"Geistliches Chorkonzert mit Sonat Vox in St. Jakobus Abenberg\">[&#8230;]<\/a><\/p>\n<\/div>","protected":false},"author":1,"featured_media":35507,"comment_status":"open","ping_status":"open","sticky":false,"template":"","format":"standard","meta":{"_cbd_carousel_blocks":"[]","footnotes":""},"categories":[16,1,287,231],"tags":[],"class_list":{"0":"post-35506","1":"post","2":"type-post","3":"status-publish","4":"format-standard","5":"has-post-thumbnail","7":"category-aktuell","8":"category-allgemein","9":"category-jugend-und-familie","10":"category-veranstaltungsnews"},"_links":{"self":[{"href":"https:\/\/www.region-schwabach.de\/wordpress\/wp-json\/wp\/v2\/posts\/35506","targetHints":{"allow":["GET"]}}],"collection":[{"href":"https:\/\/www.region-schwabach.de\/wordpress\/wp-json\/wp\/v2\/posts"}],"about":[{"href":"https:\/\/www.region-schwabach.de\/wordpress\/wp-json\/wp\/v2\/types\/post"}],"author":[{"embeddable":true,"href":"https:\/\/www.region-schwabach.de\/wordpress\/wp-json\/wp\/v2\/users\/1"}],"replies":[{"embeddable":true,"href":"https:\/\/www.region-schwabach.de\/wordpress\/wp-json\/wp\/v2\/comments?post=35506"}],"version-history":[{"count":0,"href":"https:\/\/www.region-schwabach.de\/wordpress\/wp-json\/wp\/v2\/posts\/35506\/revisions"}],"wp:featuredmedia":[{"embeddable":true,"href":"https:\/\/www.region-schwabach.de\/wordpress\/wp-json\/wp\/v2\/media\/35507"}],"wp:attachment":[{"href":"https:\/\/www.region-schwabach.de\/wordpress\/wp-json\/wp\/v2\/media?parent=35506"}],"wp:term":[{"taxonomy":"category","embeddable":true,"href":"https:\/\/www.region-schwabach.de\/wordpress\/wp-json\/wp\/v2\/categories?post=35506"},{"taxonomy":"post_tag","embeddable":true,"href":"https:\/\/www.region-schwabach.de\/wordpress\/wp-json\/wp\/v2\/tags?post=35506"}],"curies":[{"name":"wp","href":"https:\/\/api.w.org\/{rel}","templated":true}]}}