{"id":35570,"date":"2018-04-12T09:55:52","date_gmt":"2018-04-12T07:55:52","guid":{"rendered":"http:\/\/www.region-schwabach.de\/wordpress\/?p=35570"},"modified":"2018-04-12T10:09:35","modified_gmt":"2018-04-12T08:09:35","slug":"verkehrsunfall-mit-mehreren-verletzten-bei-schaftnach","status":"publish","type":"post","link":"https:\/\/www.region-schwabach.de\/wordpress\/verkehrsunfall-mit-mehreren-verletzten-bei-schaftnach\/","title":{"rendered":"Verkehrsunfall mit mehreren Verletzten bei Schaftnach"},"content":{"rendered":"\t\t<div data-elementor-type=\"wp-post\" data-elementor-id=\"35570\" class=\"elementor elementor-35570 elementor-bc-flex-widget\">\n\t\t\t\t\t\t<section class=\"elementor-section elementor-top-section elementor-element elementor-element-tlus4ia elementor-section-boxed elementor-section-height-default elementor-section-height-default\" data-id=\"tlus4ia\" data-element_type=\"section\">\n\t\t\t\t\t\t<div class=\"elementor-container elementor-column-gap-default\">\n\t\t\t\t\t<div class=\"elementor-column elementor-col-66 elementor-top-column elementor-element elementor-element-sphcucl\" data-id=\"sphcucl\" data-element_type=\"column\">\n\t\t\t<div class=\"elementor-widget-wrap elementor-element-populated\">\n\t\t\t\t\t\t<div class=\"elementor-element elementor-element-4f2h2af elementor-widget elementor-widget-text-editor\" data-id=\"4f2h2af\" data-element_type=\"widget\" data-widget_type=\"text-editor.default\">\n\t\t\t\t<div class=\"elementor-widget-container\">\n\t\t\t\t\t\t\t<h3>Unfall bei Schaftnach<\/h3><p>Schwabach &#8211;\u00a0Am Mittwochmittag, den 11.04.2018, kam es auf der Schwabacher Stra\u00dfe, auf H\u00f6he der Kanalstra\u00dfe bei Schaftnach zu einem Verkehrsunfall, an dem drei Fahrzeuge beteiligt waren.<\/p><h3>Bremsman\u00f6ver zu sp\u00e4t bemerkt<\/h3><p>Ein VW Touran-Fahrer wollte dabei von Leerstetten kommend nach links in die Kanalstra\u00dfe nach Schaftnach abbiegen, und mu\u00dfte dabei verkehrsbedingt anhalten, was jedoch der Fahrer eines hinter ihm fahrenden VW Crafter zu sp\u00e4t erkannte.<\/p><h3>Gl\u00fccklicherweise nur Leichtverletzte<\/h3><p>Beim Versuch noch auszuweichen, rammte er die linke Seite des Touran und stie\u00df danach noch mit einem entgegenkommenden BMW zusammen. Bei dem Unfall kam es gl\u00fccklicherweise nur zu leichteren Verletzungen bei den Insassen der Fahrzeuge, die drei beteiligten Fahrzeuge erlitten aber allesamt einen wirtschaftlichen Totalschaden Die Kreisstra\u00dfe mu\u00dfte f\u00fcr 1 \u00bd Stunden komplett gesperrt werden.<\/p>\t\t\t\t\t\t<\/div>\n\t\t\t\t<\/div>\n\t\t\t\t<div class=\"elementor-element elementor-element-lkj62ub elementor-widget-divider--view-line elementor-widget elementor-widget-divider\" data-id=\"lkj62ub\" data-element_type=\"widget\" data-widget_type=\"divider.default\">\n\t\t\t\t<div class=\"elementor-widget-container\">\n\t\t\t\t\t<div class=\"elementor-divider\">\n\t\t\t<span class=\"elementor-divider-separator\">\n\t\t\t\t\t\t<\/span>\n\t\t<\/div>\n\t\t\t\t<\/div>\n\t\t\t\t<\/div>\n\t\t\t\t<div class=\"elementor-element elementor-element-c98jtdz elementor-widget elementor-widget-google_maps\" data-id=\"c98jtdz\" data-element_type=\"widget\" data-widget_type=\"google_maps.default\">\n\t\t\t\t<div class=\"elementor-widget-container\">\n\t\t\t\t\t<div class=\"elementor-custom-embed\">\n\t\t\t<iframe loading=\"lazy\"\n\t\t\t\t\tsrc=\"https:\/\/maps.google.com\/maps?q=49.325320%2C%2011.079557&#038;t=m&#038;z=15&#038;output=embed&#038;iwloc=near\"\n\t\t\t\t\ttitle=\"49.325320, 11.079557\"\n\t\t\t\t\taria-label=\"49.325320, 11.079557\"\n\t\t\t><\/iframe>\n\t\t<\/div>\n\t\t\t\t<\/div>\n\t\t\t\t<\/div>\n\t\t\t\t\t<\/div>\n\t\t<\/div>\n\t\t\t\t<div class=\"elementor-column elementor-col-33 elementor-top-column elementor-element elementor-element-flkv3o5\" data-id=\"flkv3o5\" data-element_type=\"column\">\n\t\t\t<div class=\"elementor-widget-wrap elementor-element-populated\">\n\t\t\t\t\t\t<div class=\"elementor-element elementor-element-bpvimlk elementor-widget elementor-widget-image\" data-id=\"bpvimlk\" data-element_type=\"widget\" data-widget_type=\"image.default\">\n\t\t\t\t<div class=\"elementor-widget-container\">\n\t\t\t\t\t\t\t\t\t\t\t\t\t\t<a href=\"http:\/\/www.region-schwabach.de\/wordpress\/werben-auf-region-schwabach\/\" target=\"_blank\">\n\t\t\t\t\t\t\t<img fetchpriority=\"high\" decoding=\"async\" width=\"1024\" height=\"1024\" src=\"https:\/\/www.region-schwabach.de\/wordpress\/wp-content\/uploads\/2017\/06\/werbung8-1024x1024.png\" class=\"attachment-large size-large wp-image-2484\" alt=\"\" srcset=\"https:\/\/www.region-schwabach.de\/wordpress\/wp-content\/uploads\/2017\/06\/werbung8-1024x1024.png 1024w, https:\/\/www.region-schwabach.de\/wordpress\/wp-content\/uploads\/2017\/06\/werbung8-150x150.png 150w, https:\/\/www.region-schwabach.de\/wordpress\/wp-content\/uploads\/2017\/06\/werbung8-300x300.png 300w, https:\/\/www.region-schwabach.de\/wordpress\/wp-content\/uploads\/2017\/06\/werbung8-768x768.png 768w, https:\/\/www.region-schwabach.de\/wordpress\/wp-content\/uploads\/2017\/06\/werbung8-600x600.png 600w, https:\/\/www.region-schwabach.de\/wordpress\/wp-content\/uploads\/2017\/06\/werbung8.png 1200w\" sizes=\"(max-width: 1024px) 100vw, 1024px\" \/>\t\t\t\t\t\t\t\t<\/a>\n\t\t\t\t\t\t\t\t\t\t\t\t\t<\/div>\n\t\t\t\t<\/div>\n\t\t\t\t\t<\/div>\n\t\t<\/div>\n\t\t\t\t\t<\/div>\n\t\t<\/section>\n\t\t\t\t<\/div>\n\t\t","protected":false},"excerpt":{"rendered":"<div class=\"mh-excerpt\"><p>Unfall bei Schaftnach Schwabach &#8211;\u00a0Am Mittwochmittag, den 11.04.2018, kam es auf der Schwabacher Stra\u00dfe, auf H\u00f6he der Kanalstra\u00dfe bei Schaftnach zu einem Verkehrsunfall, an dem drei Fahrzeuge beteiligt waren. Bremsman\u00f6ver zu sp\u00e4t bemerkt Ein VW <a class=\"mh-excerpt-more\" href=\"https:\/\/www.region-schwabach.de\/wordpress\/verkehrsunfall-mit-mehreren-verletzten-bei-schaftnach\/\" title=\"Verkehrsunfall mit mehreren Verletzten bei Schaftnach\">[&#8230;]<\/a><\/p>\n<\/div>","protected":false},"author":1,"featured_media":0,"comment_status":"open","ping_status":"open","sticky":false,"template":"","format":"standard","meta":{"_cbd_carousel_blocks":"[]","footnotes":""},"categories":[15],"tags":[3231,1597,3538,762,463,2103,2765,19,1116,295,3539,2355],"class_list":{"0":"post-35570","1":"post","2":"type-post","3":"status-publish","4":"format-standard","6":"category-polizeimeldungen","7":"tag-11-04-2018","8":"tag-bmw","9":"tag-kanalstrasse","10":"tag-kreisstrasse","11":"tag-pkw","12":"tag-rettungsdienst","13":"tag-schaftnach","14":"tag-schwabach","15":"tag-schwabacher-strasse","16":"tag-verletzte","17":"tag-vw-crafter","18":"tag-vw-touran"},"_links":{"self":[{"href":"https:\/\/www.region-schwabach.de\/wordpress\/wp-json\/wp\/v2\/posts\/35570","targetHints":{"allow":["GET"]}}],"collection":[{"href":"https:\/\/www.region-schwabach.de\/wordpress\/wp-json\/wp\/v2\/posts"}],"about":[{"href":"https:\/\/www.region-schwabach.de\/wordpress\/wp-json\/wp\/v2\/types\/post"}],"author":[{"embeddable":true,"href":"https:\/\/www.region-schwabach.de\/wordpress\/wp-json\/wp\/v2\/users\/1"}],"replies":[{"embeddable":true,"href":"https:\/\/www.region-schwabach.de\/wordpress\/wp-json\/wp\/v2\/comments?post=35570"}],"version-history":[{"count":0,"href":"https:\/\/www.region-schwabach.de\/wordpress\/wp-json\/wp\/v2\/posts\/35570\/revisions"}],"wp:attachment":[{"href":"https:\/\/www.region-schwabach.de\/wordpress\/wp-json\/wp\/v2\/media?parent=35570"}],"wp:term":[{"taxonomy":"category","embeddable":true,"href":"https:\/\/www.region-schwabach.de\/wordpress\/wp-json\/wp\/v2\/categories?post=35570"},{"taxonomy":"post_tag","embeddable":true,"href":"https:\/\/www.region-schwabach.de\/wordpress\/wp-json\/wp\/v2\/tags?post=35570"}],"curies":[{"name":"wp","href":"https:\/\/api.w.org\/{rel}","templated":true}]}}