{"id":35590,"date":"2018-04-12T23:41:25","date_gmt":"2018-04-12T21:41:25","guid":{"rendered":"http:\/\/www.region-schwabach.de\/wordpress\/?p=35590"},"modified":"2018-04-13T00:34:58","modified_gmt":"2018-04-12T22:34:58","slug":"noch-nicht-einmal-eroeffnet-schon-gehts-heiss-her-im-parkbad","status":"publish","type":"post","link":"https:\/\/www.region-schwabach.de\/wordpress\/noch-nicht-einmal-eroeffnet-schon-gehts-heiss-her-im-parkbad\/","title":{"rendered":"Noch nicht einmal er\u00f6ffnet, schon geht&#8217;s hei\u00df her im Parkbad"},"content":{"rendered":"\t\t<div data-elementor-type=\"wp-post\" data-elementor-id=\"35590\" class=\"elementor elementor-35590 elementor-bc-flex-widget\">\n\t\t\t\t\t\t<section class=\"elementor-section elementor-top-section elementor-element elementor-element-678181b elementor-section-boxed elementor-section-height-default elementor-section-height-default\" data-id=\"678181b\" data-element_type=\"section\">\n\t\t\t\t\t\t<div class=\"elementor-container elementor-column-gap-default\">\n\t\t\t\t\t<div class=\"elementor-column elementor-col-66 elementor-top-column elementor-element elementor-element-6b34026\" data-id=\"6b34026\" data-element_type=\"column\">\n\t\t\t<div class=\"elementor-widget-wrap elementor-element-populated\">\n\t\t\t\t\t\t<div class=\"elementor-element elementor-element-443ab98 elementor-widget elementor-widget-text-editor\" data-id=\"443ab98\" data-element_type=\"widget\" data-widget_type=\"text-editor.default\">\n\t\t\t\t<div class=\"elementor-widget-container\">\n\t\t\t\t\t\t\t<h3>&#8222;Hei\u00dfer&#8220; Auftakt schon vor der Er\u00f6ffnung<\/h3><p>Schwabach &#8211; Obwohl das Parkbad in Schwabach offiziell erst am Samstag, den 12.05.2018, seine Pforten f\u00fcr die Saison 2018 \u00f6ffnet, geht es dort bereits am Samstag, den 05.05.2018, und Sonntag, den 06.05.2018 hei\u00df her.<\/p><h3>Sauna-Messe mit Programm f\u00fcr die ganze Familie<\/h3><p>Grund f\u00fcr den &#8222;Hei\u00dfen&#8220; Auftakt liefert die Firma B\u00e4dercoach, die an diesen beiden Tagen im Parkbad eine Sauna-Messe &#8211; mit ausgezeichneter Unterhaltung f\u00fcr die ganze Familie &#8211; veranstaltet.<\/p><p>F\u00fcr den Saunaspa\u00df sorgen u.a. insgesamt vier Saunen (von der kleinen Fass- bis zur gro\u00dfen Event-Sauna) und ein Badezuber.<\/p><p>Und nat\u00fcrlich gibt es auch ein umfangreiches Rahmenprogramm f\u00fcr Gro\u00df und Klein.<\/p><p><a href=\"https:\/\/www.stadtwerke-schwabach.de\/Baeder\/Aktuelle-Meldungen\/Anschwitzen-beim-Sauna-Spass-Anfang-Mai.html\" target=\"_blank\" rel=\"noopener\">Weitere Informationen zu dieser Veranstaltung gibt es hier &#8230;<\/a><\/p>\t\t\t\t\t\t<\/div>\n\t\t\t\t<\/div>\n\t\t\t\t<div class=\"elementor-element elementor-element-21c3450 elementor-widget-divider--view-line elementor-widget elementor-widget-divider\" data-id=\"21c3450\" data-element_type=\"widget\" data-widget_type=\"divider.default\">\n\t\t\t\t<div class=\"elementor-widget-container\">\n\t\t\t\t\t<div class=\"elementor-divider\">\n\t\t\t<span class=\"elementor-divider-separator\">\n\t\t\t\t\t\t<\/span>\n\t\t<\/div>\n\t\t\t\t<\/div>\n\t\t\t\t<\/div>\n\t\t\t\t<div class=\"elementor-element elementor-element-f4c690c elementor-widget elementor-widget-google_maps\" data-id=\"f4c690c\" data-element_type=\"widget\" data-widget_type=\"google_maps.default\">\n\t\t\t\t<div class=\"elementor-widget-container\">\n\t\t\t\t\t<div class=\"elementor-custom-embed\">\n\t\t\t<iframe loading=\"lazy\"\n\t\t\t\t\tsrc=\"https:\/\/maps.google.com\/maps?q=Angerstra%C3%9Fe%2010%2C%20Schwabach%2C%20Deutschland&#038;t=m&#038;z=16&#038;output=embed&#038;iwloc=near\"\n\t\t\t\t\ttitle=\"Angerstra\u00dfe 10, Schwabach, Deutschland\"\n\t\t\t\t\taria-label=\"Angerstra\u00dfe 10, Schwabach, Deutschland\"\n\t\t\t><\/iframe>\n\t\t<\/div>\n\t\t\t\t<\/div>\n\t\t\t\t<\/div>\n\t\t\t\t\t<\/div>\n\t\t<\/div>\n\t\t\t\t<div class=\"elementor-column elementor-col-33 elementor-top-column elementor-element elementor-element-f645137\" data-id=\"f645137\" data-element_type=\"column\">\n\t\t\t<div class=\"elementor-widget-wrap elementor-element-populated\">\n\t\t\t\t\t\t<div class=\"elementor-element elementor-element-25043c1 elementor-widget elementor-widget-image\" data-id=\"25043c1\" data-element_type=\"widget\" data-widget_type=\"image.default\">\n\t\t\t\t<div class=\"elementor-widget-container\">\n\t\t\t\t\t\t\t\t\t\t\t\t\t<img fetchpriority=\"high\" decoding=\"async\" width=\"300\" height=\"300\" src=\"https:\/\/www.region-schwabach.de\/wordpress\/wp-content\/uploads\/2018\/04\/werbung1-300x300.png\" class=\"attachment-medium size-medium wp-image-35382\" alt=\"\" srcset=\"https:\/\/www.region-schwabach.de\/wordpress\/wp-content\/uploads\/2018\/04\/werbung1-300x300.png 300w, https:\/\/www.region-schwabach.de\/wordpress\/wp-content\/uploads\/2018\/04\/werbung1-150x150.png 150w, https:\/\/www.region-schwabach.de\/wordpress\/wp-content\/uploads\/2018\/04\/werbung1-768x768.png 768w, https:\/\/www.region-schwabach.de\/wordpress\/wp-content\/uploads\/2018\/04\/werbung1-1024x1024.png 1024w, https:\/\/www.region-schwabach.de\/wordpress\/wp-content\/uploads\/2018\/04\/werbung1.png 1200w\" sizes=\"(max-width: 300px) 100vw, 300px\" \/>\t\t\t\t\t\t\t\t\t\t\t\t\t<\/div>\n\t\t\t\t<\/div>\n\t\t\t\t\t<\/div>\n\t\t<\/div>\n\t\t\t\t\t<\/div>\n\t\t<\/section>\n\t\t\t\t<\/div>\n\t\t","protected":false},"excerpt":{"rendered":"<div class=\"mh-excerpt\"><p>&#8222;Hei\u00dfer&#8220; Auftakt schon vor der Er\u00f6ffnung Schwabach &#8211; Obwohl das Parkbad in Schwabach offiziell erst am Samstag, den 12.05.2018, seine Pforten f\u00fcr die Saison 2018 \u00f6ffnet, geht es dort bereits am Samstag, den 05.05.2018, und <a class=\"mh-excerpt-more\" href=\"https:\/\/www.region-schwabach.de\/wordpress\/noch-nicht-einmal-eroeffnet-schon-gehts-heiss-her-im-parkbad\/\" title=\"Noch nicht einmal er\u00f6ffnet, schon geht&#8217;s hei\u00df her im Parkbad\">[&#8230;]<\/a><\/p>\n<\/div>","protected":false},"author":1,"featured_media":35591,"comment_status":"open","ping_status":"open","sticky":false,"template":"","format":"standard","meta":{"_cbd_carousel_blocks":"[]","footnotes":""},"categories":[16,1,2549,231],"tags":[2018,3548,3231,3527,3530,3550,2546,3549,19,3529,3528],"class_list":{"0":"post-35590","1":"post","2":"type-post","3":"status-publish","4":"format-standard","5":"has-post-thumbnail","7":"category-aktuell","8":"category-allgemein","9":"category-stadtwerke","10":"category-veranstaltungsnews","11":"tag-05-05-2018","12":"tag-06-05-2018","13":"tag-11-04-2018","14":"tag-aktuelles","15":"tag-april-ausgabe","16":"tag-eroeffnung","17":"tag-parkbad","18":"tag-sauna-fest","19":"tag-schwabach","20":"tag-stadtblick","21":"tag-wissenswertes"},"_links":{"self":[{"href":"https:\/\/www.region-schwabach.de\/wordpress\/wp-json\/wp\/v2\/posts\/35590","targetHints":{"allow":["GET"]}}],"collection":[{"href":"https:\/\/www.region-schwabach.de\/wordpress\/wp-json\/wp\/v2\/posts"}],"about":[{"href":"https:\/\/www.region-schwabach.de\/wordpress\/wp-json\/wp\/v2\/types\/post"}],"author":[{"embeddable":true,"href":"https:\/\/www.region-schwabach.de\/wordpress\/wp-json\/wp\/v2\/users\/1"}],"replies":[{"embeddable":true,"href":"https:\/\/www.region-schwabach.de\/wordpress\/wp-json\/wp\/v2\/comments?post=35590"}],"version-history":[{"count":0,"href":"https:\/\/www.region-schwabach.de\/wordpress\/wp-json\/wp\/v2\/posts\/35590\/revisions"}],"wp:featuredmedia":[{"embeddable":true,"href":"https:\/\/www.region-schwabach.de\/wordpress\/wp-json\/wp\/v2\/media\/35591"}],"wp:attachment":[{"href":"https:\/\/www.region-schwabach.de\/wordpress\/wp-json\/wp\/v2\/media?parent=35590"}],"wp:term":[{"taxonomy":"category","embeddable":true,"href":"https:\/\/www.region-schwabach.de\/wordpress\/wp-json\/wp\/v2\/categories?post=35590"},{"taxonomy":"post_tag","embeddable":true,"href":"https:\/\/www.region-schwabach.de\/wordpress\/wp-json\/wp\/v2\/tags?post=35590"}],"curies":[{"name":"wp","href":"https:\/\/api.w.org\/{rel}","templated":true}]}}