{"id":36183,"date":"2018-04-16T13:08:31","date_gmt":"2018-04-16T11:08:31","guid":{"rendered":"http:\/\/www.region-schwabach.de\/wordpress\/?p=36183"},"modified":"2018-04-16T13:31:58","modified_gmt":"2018-04-16T11:31:58","slug":"aufmerksame-zeugen-verhindern-schlimmeres-in-buechenbach","status":"publish","type":"post","link":"https:\/\/www.region-schwabach.de\/wordpress\/aufmerksame-zeugen-verhindern-schlimmeres-in-buechenbach\/","title":{"rendered":"Aufmerksame Zeugen verhindern Schlimmeres in B\u00fcchenbach"},"content":{"rendered":"\t\t<div data-elementor-type=\"wp-post\" data-elementor-id=\"36183\" class=\"elementor elementor-36183 elementor-bc-flex-widget\">\n\t\t\t\t\t\t<section class=\"elementor-section elementor-top-section elementor-element elementor-element-tlus4ia elementor-section-boxed elementor-section-height-default elementor-section-height-default\" data-id=\"tlus4ia\" data-element_type=\"section\">\n\t\t\t\t\t\t<div class=\"elementor-container elementor-column-gap-default\">\n\t\t\t\t\t<div class=\"elementor-column elementor-col-66 elementor-top-column elementor-element elementor-element-sphcucl\" data-id=\"sphcucl\" data-element_type=\"column\">\n\t\t\t<div class=\"elementor-widget-wrap elementor-element-populated\">\n\t\t\t\t\t\t<div class=\"elementor-element elementor-element-4f2h2af elementor-widget elementor-widget-text-editor\" data-id=\"4f2h2af\" data-element_type=\"widget\" data-widget_type=\"text-editor.default\">\n\t\t\t\t<div class=\"elementor-widget-container\">\n\t\t\t\t\t\t\t<h3>Unfall bei B\u00fcchenbach<\/h3><p>B\u00fcchenbach &#8211; Am Samstagabend, den 14.04.2018, war ein 28-j\u00e4hriger Fordfahrer auf der Willi-Memmert-Stra\u00dfe unterwegs, und war gerade dabei nach rechts in die Schwabacher Stra\u00dfe abzubiegen, als er mit seinem Fahrzeug von der Fahrbahn abkam, und gegen die Leitplanke stie\u00df.<\/p><h3>Autoschl\u00fcssel und Messer abgenommen<\/h3><p>Aufmerksame Anwohner nahmen dem stark alkoholisierten Mann den Fahrzeugschl\u00fcssel sowie ein Messer ab, und schoben den PKW von der Fahrbahn, und verst\u00e4ndigten anschlie\u00dfend die Polizei.<\/p><h3>Fahrer war stark alkoholisiert<\/h3><p>Wie sich herausstellte, hatte der Fahrer mehr als zwei Promille intus, was eine Blutentnahme, die Sicherstellung seines F\u00fchrerscheins, sowie die Einleitung mehrerer Strafverfahren zur Folge hatte. Bei der Durchsetzung dieser Ma\u00dfnahmen widersetzte sich der Mann dann auch noch heftig und griff sogar die Polizeibeamten an, wof\u00fcr er sich jetzt zus\u00e4tzlich vor Gericht verantworten mu\u00df.<\/p>\t\t\t\t\t\t<\/div>\n\t\t\t\t<\/div>\n\t\t\t\t<div class=\"elementor-element elementor-element-lkj62ub elementor-widget-divider--view-line elementor-widget elementor-widget-divider\" data-id=\"lkj62ub\" data-element_type=\"widget\" data-widget_type=\"divider.default\">\n\t\t\t\t<div class=\"elementor-widget-container\">\n\t\t\t\t\t<div class=\"elementor-divider\">\n\t\t\t<span class=\"elementor-divider-separator\">\n\t\t\t\t\t\t<\/span>\n\t\t<\/div>\n\t\t\t\t<\/div>\n\t\t\t\t<\/div>\n\t\t\t\t<div class=\"elementor-element elementor-element-c98jtdz elementor-widget elementor-widget-google_maps\" data-id=\"c98jtdz\" data-element_type=\"widget\" data-widget_type=\"google_maps.default\">\n\t\t\t\t<div class=\"elementor-widget-container\">\n\t\t\t\t\t<div class=\"elementor-custom-embed\">\n\t\t\t<iframe loading=\"lazy\"\n\t\t\t\t\tsrc=\"https:\/\/maps.google.com\/maps?q=Willi-Memmert-Stra%C3%9Fe%2C%20B%C3%BCchenbach%2C%20Deutschland&#038;t=m&#038;z=15&#038;output=embed&#038;iwloc=near\"\n\t\t\t\t\ttitle=\"Willi-Memmert-Stra\u00dfe, B\u00fcchenbach, Deutschland\"\n\t\t\t\t\taria-label=\"Willi-Memmert-Stra\u00dfe, B\u00fcchenbach, Deutschland\"\n\t\t\t><\/iframe>\n\t\t<\/div>\n\t\t\t\t<\/div>\n\t\t\t\t<\/div>\n\t\t\t\t\t<\/div>\n\t\t<\/div>\n\t\t\t\t<div class=\"elementor-column elementor-col-33 elementor-top-column elementor-element elementor-element-flkv3o5\" data-id=\"flkv3o5\" data-element_type=\"column\">\n\t\t\t<div class=\"elementor-widget-wrap elementor-element-populated\">\n\t\t\t\t\t\t<div class=\"elementor-element elementor-element-bpvimlk elementor-widget elementor-widget-image\" data-id=\"bpvimlk\" data-element_type=\"widget\" data-widget_type=\"image.default\">\n\t\t\t\t<div class=\"elementor-widget-container\">\n\t\t\t\t\t\t\t\t\t\t\t\t\t\t<a href=\"http:\/\/www.region-schwabach.de\/wordpress\/werben-auf-region-schwabach\/\" target=\"_blank\">\n\t\t\t\t\t\t\t<img fetchpriority=\"high\" decoding=\"async\" width=\"1024\" height=\"1024\" src=\"https:\/\/www.region-schwabach.de\/wordpress\/wp-content\/uploads\/2017\/06\/werbung8-1024x1024.png\" class=\"attachment-large size-large wp-image-2484\" alt=\"\" srcset=\"https:\/\/www.region-schwabach.de\/wordpress\/wp-content\/uploads\/2017\/06\/werbung8-1024x1024.png 1024w, https:\/\/www.region-schwabach.de\/wordpress\/wp-content\/uploads\/2017\/06\/werbung8-150x150.png 150w, https:\/\/www.region-schwabach.de\/wordpress\/wp-content\/uploads\/2017\/06\/werbung8-300x300.png 300w, https:\/\/www.region-schwabach.de\/wordpress\/wp-content\/uploads\/2017\/06\/werbung8-768x768.png 768w, https:\/\/www.region-schwabach.de\/wordpress\/wp-content\/uploads\/2017\/06\/werbung8-600x600.png 600w, https:\/\/www.region-schwabach.de\/wordpress\/wp-content\/uploads\/2017\/06\/werbung8.png 1200w\" sizes=\"(max-width: 1024px) 100vw, 1024px\" \/>\t\t\t\t\t\t\t\t<\/a>\n\t\t\t\t\t\t\t\t\t\t\t\t\t<\/div>\n\t\t\t\t<\/div>\n\t\t\t\t\t<\/div>\n\t\t<\/div>\n\t\t\t\t\t<\/div>\n\t\t<\/section>\n\t\t\t\t<\/div>\n\t\t","protected":false},"excerpt":{"rendered":"<div class=\"mh-excerpt\"><p>Unfall bei B\u00fcchenbach B\u00fcchenbach &#8211; Am Samstagabend, den 14.04.2018, war ein 28-j\u00e4hriger Fordfahrer auf der Willi-Memmert-Stra\u00dfe unterwegs, und war gerade dabei nach rechts in die Schwabacher Stra\u00dfe abzubiegen, als er mit seinem Fahrzeug von der <a class=\"mh-excerpt-more\" href=\"https:\/\/www.region-schwabach.de\/wordpress\/aufmerksame-zeugen-verhindern-schlimmeres-in-buechenbach\/\" title=\"Aufmerksame Zeugen verhindern Schlimmeres in B\u00fcchenbach\">[&#8230;]<\/a><\/p>\n<\/div>","protected":false},"author":1,"featured_media":36184,"comment_status":"open","ping_status":"open","sticky":false,"template":"","format":"standard","meta":{"_cbd_carousel_blocks":"[]","footnotes":""},"categories":[15],"tags":[3234,492,3595,1104,254,981,32,1116,334,3594],"class_list":{"0":"post-36183","1":"post","2":"type-post","3":"status-publish","4":"format-standard","5":"has-post-thumbnail","7":"category-polizeimeldungen","8":"tag-14-04-2018","9":"tag-buechenbach","10":"tag-fahzeugschluessel","11":"tag-leitplanke","12":"tag-messer","13":"tag-polizei","14":"tag-roth","15":"tag-schwabacher-strasse","16":"tag-unfall","17":"tag-willi-memmert-strasse"},"_links":{"self":[{"href":"https:\/\/www.region-schwabach.de\/wordpress\/wp-json\/wp\/v2\/posts\/36183","targetHints":{"allow":["GET"]}}],"collection":[{"href":"https:\/\/www.region-schwabach.de\/wordpress\/wp-json\/wp\/v2\/posts"}],"about":[{"href":"https:\/\/www.region-schwabach.de\/wordpress\/wp-json\/wp\/v2\/types\/post"}],"author":[{"embeddable":true,"href":"https:\/\/www.region-schwabach.de\/wordpress\/wp-json\/wp\/v2\/users\/1"}],"replies":[{"embeddable":true,"href":"https:\/\/www.region-schwabach.de\/wordpress\/wp-json\/wp\/v2\/comments?post=36183"}],"version-history":[{"count":0,"href":"https:\/\/www.region-schwabach.de\/wordpress\/wp-json\/wp\/v2\/posts\/36183\/revisions"}],"wp:featuredmedia":[{"embeddable":true,"href":"https:\/\/www.region-schwabach.de\/wordpress\/wp-json\/wp\/v2\/media\/36184"}],"wp:attachment":[{"href":"https:\/\/www.region-schwabach.de\/wordpress\/wp-json\/wp\/v2\/media?parent=36183"}],"wp:term":[{"taxonomy":"category","embeddable":true,"href":"https:\/\/www.region-schwabach.de\/wordpress\/wp-json\/wp\/v2\/categories?post=36183"},{"taxonomy":"post_tag","embeddable":true,"href":"https:\/\/www.region-schwabach.de\/wordpress\/wp-json\/wp\/v2\/tags?post=36183"}],"curies":[{"name":"wp","href":"https:\/\/api.w.org\/{rel}","templated":true}]}}