{"id":36421,"date":"2018-04-18T11:40:15","date_gmt":"2018-04-18T09:40:15","guid":{"rendered":"http:\/\/www.region-schwabach.de\/wordpress\/?p=36421"},"modified":"2018-04-18T12:09:07","modified_gmt":"2018-04-18T10:09:07","slug":"viel-zu-tun-am-dienstag-fuer-die-polizeiinspektion-in-roth","status":"publish","type":"post","link":"https:\/\/www.region-schwabach.de\/wordpress\/viel-zu-tun-am-dienstag-fuer-die-polizeiinspektion-in-roth\/","title":{"rendered":"Viel zu tun am Dienstag f\u00fcr die Polizeiinspektion in Roth"},"content":{"rendered":"\t\t<div data-elementor-type=\"wp-post\" data-elementor-id=\"36421\" class=\"elementor elementor-36421 elementor-bc-flex-widget\">\n\t\t\t\t\t\t<section class=\"elementor-section elementor-top-section elementor-element elementor-element-tlus4ia elementor-section-boxed elementor-section-height-default elementor-section-height-default\" data-id=\"tlus4ia\" data-element_type=\"section\">\n\t\t\t\t\t\t<div class=\"elementor-container elementor-column-gap-default\">\n\t\t\t\t\t<div class=\"elementor-column elementor-col-66 elementor-top-column elementor-element elementor-element-sphcucl\" data-id=\"sphcucl\" data-element_type=\"column\">\n\t\t\t<div class=\"elementor-widget-wrap elementor-element-populated\">\n\t\t\t\t\t\t<div class=\"elementor-element elementor-element-4f2h2af elementor-widget elementor-widget-text-editor\" data-id=\"4f2h2af\" data-element_type=\"widget\" data-widget_type=\"text-editor.default\">\n\t\t\t\t<div class=\"elementor-widget-container\">\n\t\t\t\t\t\t\t<h3>Viel Arbeit f\u00fcr die PI Roth<\/h3><p>Roth &#8211; Am Dienstag, den\u00a017.04.2018, war die Polizei in Roth mit mehreren Eins\u00e4tzen bei Unf\u00e4llen und einem Diebstahl auf einem Friedhof besch\u00e4ftigt.<\/p><h3>Unfall in der Auffahrt zur B2<\/h3><p>Roth &#8211; Am Dienstagmorgen, den 17.04.2018, kam es in der Auffahrt zur B2 an der Hilpoltsteiner Stra\u00dfe zu einem Verkehrsunfall, bei dem Sachschaden in H\u00f6he von rund 7.000 Euro entstanden ist.<\/p><p>Ein 20-j\u00e4hriger Audi-Fahrer war dabei auf der Hilpoltsteiner Stra\u00dfe stadtausw\u00e4rts unterwegs, und bog nach links in die Auffahrt zur B2 ein, wo zur selben Zeit ein 74-j\u00e4hriger Nissan-Fahrer von Eckersm\u00fchlen kommend nach rechts in die B2-Auffahrt einfuhr, woraufhin beide Fahrzeuge heftig zusammenstie\u00dfen.<\/p><h3>Heftiger Auffahrunfall in Roth<\/h3><p>Roth &#8211; Am Dienstagvormittag, den 17.04.2018, ereignete sich in der Allersberger Stra\u00dfe in Roth &#8211; an der Ampel H\u00f6he B2 &#8211; ein Auffahrunfall, bei dem ca. 10.000 Euro Sachschaden entstanden sind.<\/p><p>Eine 37-j\u00e4hrige Seat-Fahrerin erkannte hier zu sp\u00e4t, da\u00df ein vor ihr fahrenden Lkw mit Anh\u00e4nger bremste, und sie fuhr fast ungebremst auf den Anh\u00e4nger auf.<\/p><h3>Beim Wenden Unfall verursacht<\/h3><p>Roth &#8211; Am Dienstagabend, den 17.04.2018, kam es in der N\u00fcrnberger Stra\u00dfe in Roth zu einem Verkehrsunfall, bei dem Sachschaden in H\u00f6he von ca. 8.000 Euro verursacht wurde.<\/p><p>Hier fuhr ein 21-j\u00e4hriger VW-Fahrer aus B\u00fcchenbach stadteinw\u00e4rts, und bemerkte dabei eine 26-j\u00e4hrige Ford-Fahrerin nicht, mit der er dann kollidierte, als er nach rechts in die Von-Vollmar-Stra\u00dfe einbog, um in einem Zug zu wenden.<\/p><h3>Blumen von Grab entwendet<\/h3><p>Roth &#8211; Manche Diebe schrecken nicht einmal davor zur\u00fcck, eine Straftat auf einem Friedhof &#8211; der eigentlich eine Tabuzone sein sollte &#8211; zu begehen.<\/p><p>Ein bisher Unbekannter hat am Dienstag, den 17.04.2018, zwischen 10.00 Uhr und 16.00 Uhr, auf dem neuen Friedhof in Eckersm\u00fchlen am F\u00f6hrenbaum frisch gepflanzte Blumen von einem Kindergrab gestohlen.<\/p>\t\t\t\t\t\t<\/div>\n\t\t\t\t<\/div>\n\t\t\t\t<div class=\"elementor-element elementor-element-lkj62ub elementor-widget-divider--view-line elementor-widget elementor-widget-divider\" data-id=\"lkj62ub\" data-element_type=\"widget\" data-widget_type=\"divider.default\">\n\t\t\t\t<div class=\"elementor-widget-container\">\n\t\t\t\t\t<div class=\"elementor-divider\">\n\t\t\t<span class=\"elementor-divider-separator\">\n\t\t\t\t\t\t<\/span>\n\t\t<\/div>\n\t\t\t\t<\/div>\n\t\t\t\t<\/div>\n\t\t\t\t<div class=\"elementor-element elementor-element-c98jtdz elementor-widget elementor-widget-google_maps\" data-id=\"c98jtdz\" data-element_type=\"widget\" data-widget_type=\"google_maps.default\">\n\t\t\t\t<div class=\"elementor-widget-container\">\n\t\t\t\t\t<div class=\"elementor-custom-embed\">\n\t\t\t<iframe loading=\"lazy\"\n\t\t\t\t\tsrc=\"https:\/\/maps.google.com\/maps?q=Roth%2C%20Deutschland&#038;t=m&#038;z=11&#038;output=embed&#038;iwloc=near\"\n\t\t\t\t\ttitle=\"Roth, Deutschland\"\n\t\t\t\t\taria-label=\"Roth, Deutschland\"\n\t\t\t><\/iframe>\n\t\t<\/div>\n\t\t\t\t<\/div>\n\t\t\t\t<\/div>\n\t\t\t\t\t<\/div>\n\t\t<\/div>\n\t\t\t\t<div class=\"elementor-column elementor-col-33 elementor-top-column elementor-element elementor-element-flkv3o5\" data-id=\"flkv3o5\" data-element_type=\"column\">\n\t\t\t<div class=\"elementor-widget-wrap elementor-element-populated\">\n\t\t\t\t\t\t<div class=\"elementor-element elementor-element-bpvimlk elementor-widget elementor-widget-image\" data-id=\"bpvimlk\" data-element_type=\"widget\" data-widget_type=\"image.default\">\n\t\t\t\t<div class=\"elementor-widget-container\">\n\t\t\t\t\t\t\t\t\t\t\t\t\t\t<a href=\"http:\/\/www.region-schwabach.de\/wordpress\/werben-auf-region-schwabach\/\" target=\"_blank\">\n\t\t\t\t\t\t\t<img fetchpriority=\"high\" decoding=\"async\" width=\"1024\" height=\"1024\" src=\"https:\/\/www.region-schwabach.de\/wordpress\/wp-content\/uploads\/2017\/06\/werbung8-1024x1024.png\" class=\"attachment-large size-large wp-image-2484\" alt=\"\" srcset=\"https:\/\/www.region-schwabach.de\/wordpress\/wp-content\/uploads\/2017\/06\/werbung8-1024x1024.png 1024w, https:\/\/www.region-schwabach.de\/wordpress\/wp-content\/uploads\/2017\/06\/werbung8-150x150.png 150w, https:\/\/www.region-schwabach.de\/wordpress\/wp-content\/uploads\/2017\/06\/werbung8-300x300.png 300w, https:\/\/www.region-schwabach.de\/wordpress\/wp-content\/uploads\/2017\/06\/werbung8-768x768.png 768w, https:\/\/www.region-schwabach.de\/wordpress\/wp-content\/uploads\/2017\/06\/werbung8-600x600.png 600w, https:\/\/www.region-schwabach.de\/wordpress\/wp-content\/uploads\/2017\/06\/werbung8.png 1200w\" sizes=\"(max-width: 1024px) 100vw, 1024px\" \/>\t\t\t\t\t\t\t\t<\/a>\n\t\t\t\t\t\t\t\t\t\t\t\t\t<\/div>\n\t\t\t\t<\/div>\n\t\t\t\t\t<\/div>\n\t\t<\/div>\n\t\t\t\t\t<\/div>\n\t\t<\/section>\n\t\t\t\t<\/div>\n\t\t","protected":false},"excerpt":{"rendered":"<div class=\"mh-excerpt\"><p>Viel Arbeit f\u00fcr die PI Roth Roth &#8211; Am Dienstag, den\u00a017.04.2018, war die Polizei in Roth mit mehreren Eins\u00e4tzen bei Unf\u00e4llen und einem Diebstahl auf einem Friedhof besch\u00e4ftigt. Unfall in der Auffahrt zur B2 Roth <a class=\"mh-excerpt-more\" href=\"https:\/\/www.region-schwabach.de\/wordpress\/viel-zu-tun-am-dienstag-fuer-die-polizeiinspektion-in-roth\/\" title=\"Viel zu tun am Dienstag f\u00fcr die Polizeiinspektion in Roth\">[&#8230;]<\/a><\/p>\n<\/div>","protected":false},"author":1,"featured_media":36422,"comment_status":"open","ping_status":"open","sticky":false,"template":"","format":"standard","meta":{"_cbd_carousel_blocks":"[]","footnotes":""},"categories":[15],"tags":[3237,626,3629,961,3083,429,30,221,1246,342,1046,3628,2327,464,981,32,401,713,1161,334,960,3478],"class_list":{"0":"post-36421","1":"post","2":"type-post","3":"status-publish","4":"format-standard","5":"has-post-thumbnail","7":"category-polizeimeldungen","8":"tag-17-04-2018","9":"tag-allersberger-strasse","10":"tag-am-foehrenbaum","11":"tag-audi","12":"tag-auffahrt","13":"tag-b2","14":"tag-diebstahl","15":"tag-eckersmuehlen","16":"tag-ford","17":"tag-friedhof","18":"tag-hilpoltsteiner-strasse","19":"tag-lkw-mit-anhaenger","20":"tag-nissan","21":"tag-nuernberger-strasse","22":"tag-polizei","23":"tag-roth","24":"tag-sachschaden","25":"tag-schaden","26":"tag-seat","27":"tag-unfall","28":"tag-vw","29":"tag-wendemanoever"},"_links":{"self":[{"href":"https:\/\/www.region-schwabach.de\/wordpress\/wp-json\/wp\/v2\/posts\/36421","targetHints":{"allow":["GET"]}}],"collection":[{"href":"https:\/\/www.region-schwabach.de\/wordpress\/wp-json\/wp\/v2\/posts"}],"about":[{"href":"https:\/\/www.region-schwabach.de\/wordpress\/wp-json\/wp\/v2\/types\/post"}],"author":[{"embeddable":true,"href":"https:\/\/www.region-schwabach.de\/wordpress\/wp-json\/wp\/v2\/users\/1"}],"replies":[{"embeddable":true,"href":"https:\/\/www.region-schwabach.de\/wordpress\/wp-json\/wp\/v2\/comments?post=36421"}],"version-history":[{"count":0,"href":"https:\/\/www.region-schwabach.de\/wordpress\/wp-json\/wp\/v2\/posts\/36421\/revisions"}],"wp:featuredmedia":[{"embeddable":true,"href":"https:\/\/www.region-schwabach.de\/wordpress\/wp-json\/wp\/v2\/media\/36422"}],"wp:attachment":[{"href":"https:\/\/www.region-schwabach.de\/wordpress\/wp-json\/wp\/v2\/media?parent=36421"}],"wp:term":[{"taxonomy":"category","embeddable":true,"href":"https:\/\/www.region-schwabach.de\/wordpress\/wp-json\/wp\/v2\/categories?post=36421"},{"taxonomy":"post_tag","embeddable":true,"href":"https:\/\/www.region-schwabach.de\/wordpress\/wp-json\/wp\/v2\/tags?post=36421"}],"curies":[{"name":"wp","href":"https:\/\/api.w.org\/{rel}","templated":true}]}}