{"id":36493,"date":"2018-04-20T11:07:26","date_gmt":"2018-04-20T09:07:26","guid":{"rendered":"http:\/\/www.region-schwabach.de\/wordpress\/?p=36493"},"modified":"2018-11-14T00:29:11","modified_gmt":"2018-11-13T23:29:11","slug":"buntgemischt-konzert-in-der-alten-musikschule-am-mittwoch-25-april-2018","status":"publish","type":"post","link":"https:\/\/www.region-schwabach.de\/wordpress\/buntgemischt-konzert-in-der-alten-musikschule-am-mittwoch-25-april-2018\/","title":{"rendered":"Buntgemischt &#8211; Konzert in der &#8222;alten&#8220; Musikschule am Mittwoch, 25. April 2018"},"content":{"rendered":"\t\t<div data-elementor-type=\"wp-post\" data-elementor-id=\"36493\" class=\"elementor elementor-36493 elementor-bc-flex-widget\">\n\t\t\t\t\t\t<section class=\"elementor-section elementor-top-section elementor-element elementor-element-678181b elementor-section-boxed elementor-section-height-default elementor-section-height-default\" data-id=\"678181b\" data-element_type=\"section\">\n\t\t\t\t\t\t<div class=\"elementor-container elementor-column-gap-default\">\n\t\t\t\t\t<div class=\"elementor-column elementor-col-66 elementor-top-column elementor-element elementor-element-6b34026\" data-id=\"6b34026\" data-element_type=\"column\">\n\t\t\t<div class=\"elementor-widget-wrap elementor-element-populated\">\n\t\t\t\t\t\t<div class=\"elementor-element elementor-element-443ab98 elementor-widget elementor-widget-text-editor\" data-id=\"443ab98\" data-element_type=\"widget\" data-widget_type=\"text-editor.default\">\n\t\t\t\t<div class=\"elementor-widget-container\">\n\t\t\t\t\t\t\t<h3>Abschiedskonzert der Musikschule Schwabach<\/h3><p>Mit einem Streifzug durch die verschiedenen Instrumentengruppen und Alterststufen verabschiedet sich die Musikschule am Mittwoch, den 25. April, um 18:30 Uhr, konzertant aus ihren alten R\u00e4umen.<\/p><h3>Abwechslungsreiches Programm<\/h3><p>Ein abwechslungsreiches Programm mit Streichern, Bl\u00e4sern, Klavier und Gitarre und vielem mehr zeigt, was sich die Sch\u00fcler mit ihren Lehrern musikalisch erarbeitet haben. Der Eintritt ist frei. Der Eingang zum Saal in der Wittelsbacherstra\u00dfe ist \u00fcber die Seminarstra\u00dfe erreichbar.<\/p><h3>Abschied? Warum?<\/h3><p>Warum Abschied? Die Musikschule zieht in den Pfingstferien in Ihre neuen R\u00e4ume &#8211; auch im Geb\u00e4udekomplex des Alten DG. Ab dem 4. Juni 2018 findet dort der komplette Musikschulbetrieb statt. Und deshalb verabschieden sich Sch\u00fcler und Lehrer mit dem, was \u00fcber Jahrzehnte in der &#8222;alten&#8220; Musikschule immer Motto war (und auch in der neuen weiterleben wird): BUNTGEMISCHT<\/p><p>J\u00fcrgen Ramspeck<br \/> Pressesprecher<br \/> &#8212;&#8212;&#8212;&#8212;&#8212;&#8212;&#8212;&#8212;&#8212;&#8212;&#8212;&#8212;&#8212;&#8211;<br \/> STADT SCHWABACH<\/p>\t\t\t\t\t\t<\/div>\n\t\t\t\t<\/div>\n\t\t\t\t\t<\/div>\n\t\t<\/div>\n\t\t\t\t<div class=\"elementor-column elementor-col-33 elementor-top-column elementor-element elementor-element-f645137\" data-id=\"f645137\" data-element_type=\"column\">\n\t\t\t<div class=\"elementor-widget-wrap elementor-element-populated\">\n\t\t\t\t\t\t<div class=\"elementor-element elementor-element-25043c1 elementor-widget elementor-widget-image\" data-id=\"25043c1\" data-element_type=\"widget\" data-widget_type=\"image.default\">\n\t\t\t\t<div class=\"elementor-widget-container\">\n\t\t\t\t\t\t\t\t\t\t\t\t\t<img fetchpriority=\"high\" decoding=\"async\" width=\"300\" height=\"300\" src=\"https:\/\/www.region-schwabach.de\/wordpress\/wp-content\/uploads\/2018\/04\/werbung1-300x300.png\" class=\"attachment-medium size-medium wp-image-35382\" alt=\"\" srcset=\"https:\/\/www.region-schwabach.de\/wordpress\/wp-content\/uploads\/2018\/04\/werbung1-300x300.png 300w, https:\/\/www.region-schwabach.de\/wordpress\/wp-content\/uploads\/2018\/04\/werbung1-150x150.png 150w, https:\/\/www.region-schwabach.de\/wordpress\/wp-content\/uploads\/2018\/04\/werbung1-768x768.png 768w, https:\/\/www.region-schwabach.de\/wordpress\/wp-content\/uploads\/2018\/04\/werbung1-1024x1024.png 1024w, https:\/\/www.region-schwabach.de\/wordpress\/wp-content\/uploads\/2018\/04\/werbung1.png 1200w\" sizes=\"(max-width: 300px) 100vw, 300px\" \/>\t\t\t\t\t\t\t\t\t\t\t\t\t<\/div>\n\t\t\t\t<\/div>\n\t\t\t\t\t<\/div>\n\t\t<\/div>\n\t\t\t\t\t<\/div>\n\t\t<\/section>\n\t\t\t\t<\/div>\n\t\t","protected":false},"excerpt":{"rendered":"<div class=\"mh-excerpt\"><p>Abschiedskonzert der Musikschule Schwabach Mit einem Streifzug durch die verschiedenen Instrumentengruppen und Alterststufen verabschiedet sich die Musikschule am Mittwoch, den 25. April, um 18:30 Uhr, konzertant aus ihren alten R\u00e4umen. Abwechslungsreiches Programm Ein abwechslungsreiches Programm <a class=\"mh-excerpt-more\" href=\"https:\/\/www.region-schwabach.de\/wordpress\/buntgemischt-konzert-in-der-alten-musikschule-am-mittwoch-25-april-2018\/\" title=\"Buntgemischt &#8211; Konzert in der &#8222;alten&#8220; Musikschule am Mittwoch, 25. April 2018\">[&#8230;]<\/a><\/p>\n<\/div>","protected":false},"author":1,"featured_media":36494,"comment_status":"open","ping_status":"open","sticky":false,"template":"","format":"standard","meta":{"_cbd_carousel_blocks":"[]","footnotes":""},"categories":[16,1,61,231],"tags":[3245,3659,3658,3657,3144,3555,19,987],"class_list":{"0":"post-36493","1":"post","2":"type-post","3":"status-publish","4":"format-standard","5":"has-post-thumbnail","7":"category-aktuell","8":"category-allgemein","9":"category-rathaus","10":"category-veranstaltungsnews","11":"tag-25-04-2018","12":"tag-abschied","13":"tag-buntgemischt","14":"tag-letztes-konzert","15":"tag-musikschule","16":"tag-pfingstferien","17":"tag-schwabach","18":"tag-umzug"},"_links":{"self":[{"href":"https:\/\/www.region-schwabach.de\/wordpress\/wp-json\/wp\/v2\/posts\/36493","targetHints":{"allow":["GET"]}}],"collection":[{"href":"https:\/\/www.region-schwabach.de\/wordpress\/wp-json\/wp\/v2\/posts"}],"about":[{"href":"https:\/\/www.region-schwabach.de\/wordpress\/wp-json\/wp\/v2\/types\/post"}],"author":[{"embeddable":true,"href":"https:\/\/www.region-schwabach.de\/wordpress\/wp-json\/wp\/v2\/users\/1"}],"replies":[{"embeddable":true,"href":"https:\/\/www.region-schwabach.de\/wordpress\/wp-json\/wp\/v2\/comments?post=36493"}],"version-history":[{"count":0,"href":"https:\/\/www.region-schwabach.de\/wordpress\/wp-json\/wp\/v2\/posts\/36493\/revisions"}],"wp:featuredmedia":[{"embeddable":true,"href":"https:\/\/www.region-schwabach.de\/wordpress\/wp-json\/wp\/v2\/media\/36494"}],"wp:attachment":[{"href":"https:\/\/www.region-schwabach.de\/wordpress\/wp-json\/wp\/v2\/media?parent=36493"}],"wp:term":[{"taxonomy":"category","embeddable":true,"href":"https:\/\/www.region-schwabach.de\/wordpress\/wp-json\/wp\/v2\/categories?post=36493"},{"taxonomy":"post_tag","embeddable":true,"href":"https:\/\/www.region-schwabach.de\/wordpress\/wp-json\/wp\/v2\/tags?post=36493"}],"curies":[{"name":"wp","href":"https:\/\/api.w.org\/{rel}","templated":true}]}}