{"id":36742,"date":"2018-04-21T16:01:42","date_gmt":"2018-04-21T14:01:42","guid":{"rendered":"http:\/\/www.region-schwabach.de\/wordpress\/?p=36742"},"modified":"2018-04-22T10:13:43","modified_gmt":"2018-04-22T08:13:43","slug":"zwei-trunkenheitsfahrten-im-bereich-der-pi-weissenburg","status":"publish","type":"post","link":"https:\/\/www.region-schwabach.de\/wordpress\/zwei-trunkenheitsfahrten-im-bereich-der-pi-weissenburg\/","title":{"rendered":"Zwei Trunkenheitsfahrten im Bereich der PI Wei\u00dfenburg"},"content":{"rendered":"\t\t<div data-elementor-type=\"wp-post\" data-elementor-id=\"36742\" class=\"elementor elementor-36742 elementor-bc-flex-widget\">\n\t\t\t\t\t\t<section class=\"elementor-section elementor-top-section elementor-element elementor-element-tlus4ia elementor-section-boxed elementor-section-height-default elementor-section-height-default\" data-id=\"tlus4ia\" data-element_type=\"section\">\n\t\t\t\t\t\t<div class=\"elementor-container elementor-column-gap-default\">\n\t\t\t\t\t<div class=\"elementor-column elementor-col-66 elementor-top-column elementor-element elementor-element-sphcucl\" data-id=\"sphcucl\" data-element_type=\"column\">\n\t\t\t<div class=\"elementor-widget-wrap elementor-element-populated\">\n\t\t\t\t\t\t<div class=\"elementor-element elementor-element-4f2h2af elementor-widget elementor-widget-text-editor\" data-id=\"4f2h2af\" data-element_type=\"widget\" data-widget_type=\"text-editor.default\">\n\t\t\t\t<div class=\"elementor-widget-container\">\n\t\t\t\t\t\t\t<h3>Trunkenheitsfahrt bei Pleinfeld<\/h3><p>Pleinfeld &#8211;\u00a0Am Samstagmorgen, den 21.04.2018, bemerkten aufmerksame Verkehrsteilnehmer einen Pkw-Fahrer, der von der Staatsstra\u00dfe die Auffahrt zur B2 befuhr, und pl\u00f6tzlich anhielt. Ein folgender Lkw-Fahrer stellte fest, dass der Fahrer zun\u00e4chst nicht mehr ansprechbar war, und verst\u00e4ndigte deshalb einen Krankenwagen und die Polizei.<\/p><p>W\u00e4hrend Polizei und Rettungsdienst auf dem Weg waren, erwachte der 47-j\u00e4hrige Pkw-Fahrer pl\u00f6tzlich wieder, und wollte weiterfahren. Dies konnte der Lkw-Fahrer jedoch bis zum Eintreffen der Einsatzkr\u00e4fte verhindern.<\/p><p>Die Ursache des Unwohlseins wurde dann aber schnell herausgefunden, ein durchgef\u00fchrter Alkoholtest ergab einen Wert von \u00fcber 2 Promille bei dem 47 J\u00e4hrigen. Daraufhin wurde eine Blutentnahme durchgef\u00fchrt und der F\u00fchrerschein sichergestellt.<\/p><h3>Trunkenheitsfahrt in Raitenbuch<\/h3><p>Raitenbuch &#8211; Bei einer routinem\u00e4ssigen Verkehrskontrolle am Samstag, den 21.04.2018 gegen 03.00 Uhr in Raitenbuch, stellten die Beamten bei einem 56-j\u00e4hrigen Pkw-Fahrer ebenfalls Alkoholgeruch fest. Ein Alkoholtest ergab dann auch einen Wert von \u00fcber 0,5 Promille, weshalb der Fahrer nun mit einer Bu\u00dfgeldanzeige und einem Fahrverbot rechnen mu\u00df.<\/p>\t\t\t\t\t\t<\/div>\n\t\t\t\t<\/div>\n\t\t\t\t<div class=\"elementor-element elementor-element-lkj62ub elementor-widget-divider--view-line elementor-widget elementor-widget-divider\" data-id=\"lkj62ub\" data-element_type=\"widget\" data-widget_type=\"divider.default\">\n\t\t\t\t<div class=\"elementor-widget-container\">\n\t\t\t\t\t<div class=\"elementor-divider\">\n\t\t\t<span class=\"elementor-divider-separator\">\n\t\t\t\t\t\t<\/span>\n\t\t<\/div>\n\t\t\t\t<\/div>\n\t\t\t\t<\/div>\n\t\t\t\t<div class=\"elementor-element elementor-element-c98jtdz elementor-widget elementor-widget-google_maps\" data-id=\"c98jtdz\" data-element_type=\"widget\" data-widget_type=\"google_maps.default\">\n\t\t\t\t<div class=\"elementor-widget-container\">\n\t\t\t\t\t<div class=\"elementor-custom-embed\">\n\t\t\t<iframe loading=\"lazy\"\n\t\t\t\t\tsrc=\"https:\/\/maps.google.com\/maps?q=Wei%C3%9Fenburg%2C%20Deutschland&#038;t=m&#038;z=11&#038;output=embed&#038;iwloc=near\"\n\t\t\t\t\ttitle=\"Wei\u00dfenburg, Deutschland\"\n\t\t\t\t\taria-label=\"Wei\u00dfenburg, Deutschland\"\n\t\t\t><\/iframe>\n\t\t<\/div>\n\t\t\t\t<\/div>\n\t\t\t\t<\/div>\n\t\t\t\t\t<\/div>\n\t\t<\/div>\n\t\t\t\t<div class=\"elementor-column elementor-col-33 elementor-top-column elementor-element elementor-element-flkv3o5\" data-id=\"flkv3o5\" data-element_type=\"column\">\n\t\t\t<div class=\"elementor-widget-wrap elementor-element-populated\">\n\t\t\t\t\t\t<div class=\"elementor-element elementor-element-bpvimlk elementor-widget elementor-widget-image\" data-id=\"bpvimlk\" data-element_type=\"widget\" data-widget_type=\"image.default\">\n\t\t\t\t<div class=\"elementor-widget-container\">\n\t\t\t\t\t\t\t\t\t\t\t\t\t\t<a href=\"http:\/\/www.region-schwabach.de\/wordpress\/werben-auf-region-schwabach\/\" target=\"_blank\">\n\t\t\t\t\t\t\t<img fetchpriority=\"high\" decoding=\"async\" width=\"1024\" height=\"1024\" src=\"https:\/\/www.region-schwabach.de\/wordpress\/wp-content\/uploads\/2017\/06\/werbung8-1024x1024.png\" class=\"attachment-large size-large wp-image-2484\" alt=\"\" srcset=\"https:\/\/www.region-schwabach.de\/wordpress\/wp-content\/uploads\/2017\/06\/werbung8-1024x1024.png 1024w, https:\/\/www.region-schwabach.de\/wordpress\/wp-content\/uploads\/2017\/06\/werbung8-150x150.png 150w, https:\/\/www.region-schwabach.de\/wordpress\/wp-content\/uploads\/2017\/06\/werbung8-300x300.png 300w, https:\/\/www.region-schwabach.de\/wordpress\/wp-content\/uploads\/2017\/06\/werbung8-768x768.png 768w, https:\/\/www.region-schwabach.de\/wordpress\/wp-content\/uploads\/2017\/06\/werbung8-600x600.png 600w, https:\/\/www.region-schwabach.de\/wordpress\/wp-content\/uploads\/2017\/06\/werbung8.png 1200w\" sizes=\"(max-width: 1024px) 100vw, 1024px\" \/>\t\t\t\t\t\t\t\t<\/a>\n\t\t\t\t\t\t\t\t\t\t\t\t\t<\/div>\n\t\t\t\t<\/div>\n\t\t\t\t\t<\/div>\n\t\t<\/div>\n\t\t\t\t\t<\/div>\n\t\t<\/section>\n\t\t\t\t<\/div>\n\t\t","protected":false},"excerpt":{"rendered":"<div class=\"mh-excerpt\"><p>Trunkenheitsfahrt bei Pleinfeld Pleinfeld &#8211;\u00a0Am Samstagmorgen, den 21.04.2018, bemerkten aufmerksame Verkehrsteilnehmer einen Pkw-Fahrer, der von der Staatsstra\u00dfe die Auffahrt zur B2 befuhr, und pl\u00f6tzlich anhielt. Ein folgender Lkw-Fahrer stellte fest, dass der Fahrer zun\u00e4chst nicht <a class=\"mh-excerpt-more\" href=\"https:\/\/www.region-schwabach.de\/wordpress\/zwei-trunkenheitsfahrten-im-bereich-der-pi-weissenburg\/\" title=\"Zwei Trunkenheitsfahrten im Bereich der PI Wei\u00dfenburg\">[&#8230;]<\/a><\/p>\n<\/div>","protected":false},"author":1,"featured_media":36743,"comment_status":"open","ping_status":"open","sticky":false,"template":"","format":"standard","meta":{"_cbd_carousel_blocks":"[]","footnotes":""},"categories":[15],"tags":[3241,470,1820,1636,1111,1018,468,463,820,1809,249],"class_list":{"0":"post-36742","1":"post","2":"type-post","3":"status-publish","4":"format-standard","5":"has-post-thumbnail","7":"category-polizeimeldungen","8":"tag-21-04-2018","9":"tag-alkohol","10":"tag-alkoholtest","11":"tag-blutentnahme","12":"tag-bussgeld","13":"tag-fahrverbot","14":"tag-fuehrerscheinentzug","15":"tag-pkw","16":"tag-pleinfeld","17":"tag-raitenbuch","18":"tag-weissenburg"},"_links":{"self":[{"href":"https:\/\/www.region-schwabach.de\/wordpress\/wp-json\/wp\/v2\/posts\/36742","targetHints":{"allow":["GET"]}}],"collection":[{"href":"https:\/\/www.region-schwabach.de\/wordpress\/wp-json\/wp\/v2\/posts"}],"about":[{"href":"https:\/\/www.region-schwabach.de\/wordpress\/wp-json\/wp\/v2\/types\/post"}],"author":[{"embeddable":true,"href":"https:\/\/www.region-schwabach.de\/wordpress\/wp-json\/wp\/v2\/users\/1"}],"replies":[{"embeddable":true,"href":"https:\/\/www.region-schwabach.de\/wordpress\/wp-json\/wp\/v2\/comments?post=36742"}],"version-history":[{"count":0,"href":"https:\/\/www.region-schwabach.de\/wordpress\/wp-json\/wp\/v2\/posts\/36742\/revisions"}],"wp:featuredmedia":[{"embeddable":true,"href":"https:\/\/www.region-schwabach.de\/wordpress\/wp-json\/wp\/v2\/media\/36743"}],"wp:attachment":[{"href":"https:\/\/www.region-schwabach.de\/wordpress\/wp-json\/wp\/v2\/media?parent=36742"}],"wp:term":[{"taxonomy":"category","embeddable":true,"href":"https:\/\/www.region-schwabach.de\/wordpress\/wp-json\/wp\/v2\/categories?post=36742"},{"taxonomy":"post_tag","embeddable":true,"href":"https:\/\/www.region-schwabach.de\/wordpress\/wp-json\/wp\/v2\/tags?post=36742"}],"curies":[{"name":"wp","href":"https:\/\/api.w.org\/{rel}","templated":true}]}}