{"id":36877,"date":"2018-04-22T10:55:42","date_gmt":"2018-04-22T08:55:42","guid":{"rendered":"http:\/\/www.region-schwabach.de\/wordpress\/?p=36877"},"modified":"2018-04-22T11:08:21","modified_gmt":"2018-04-22T09:08:21","slug":"jugendlicher-mit-soft-air-pistole-in-allersberg-angegriffen","status":"publish","type":"post","link":"https:\/\/www.region-schwabach.de\/wordpress\/jugendlicher-mit-soft-air-pistole-in-allersberg-angegriffen\/","title":{"rendered":"Jugendlicher mit Soft-Air Pistole in Allersberg angegriffen"},"content":{"rendered":"\t\t<div data-elementor-type=\"wp-post\" data-elementor-id=\"36877\" class=\"elementor elementor-36877 elementor-bc-flex-widget\">\n\t\t\t\t\t\t<section class=\"elementor-section elementor-top-section elementor-element elementor-element-tlus4ia elementor-section-boxed elementor-section-height-default elementor-section-height-default\" data-id=\"tlus4ia\" data-element_type=\"section\">\n\t\t\t\t\t\t<div class=\"elementor-container elementor-column-gap-default\">\n\t\t\t\t\t<div class=\"elementor-column elementor-col-66 elementor-top-column elementor-element elementor-element-sphcucl\" data-id=\"sphcucl\" data-element_type=\"column\">\n\t\t\t<div class=\"elementor-widget-wrap elementor-element-populated\">\n\t\t\t\t\t\t<div class=\"elementor-element elementor-element-4f2h2af elementor-widget elementor-widget-text-editor\" data-id=\"4f2h2af\" data-element_type=\"widget\" data-widget_type=\"text-editor.default\">\n\t\t\t\t<div class=\"elementor-widget-container\">\n\t\t\t\t\t\t\t<h3>Mit Soft-Air-Pistole angegriffen<\/h3><p>Allersberg &#8211;\u00a0Am Samstagabend, den 21.04.2018, griff ein Heranwachsender aus einer Gruppe einen anderen Jugendlichen mit einer Soft-Air Pistole an, und schoss im weiteren Verlauf mit der Waffe auf den 19 J\u00e4hrigen, der sich gerade noch zur Seite drehen konnte, so dass ihn die Kugel der Soft-Air Pistole &#8222;nur&#8220; am rechten Jochbein traf.<\/p><h3>Fahrzeug bei Auseinandersetzung besch\u00e4digt<\/h3><p>Als der Gesch\u00e4digte den Angreifer daraufhin zu Boden schubste, zielte dieser mit der Waffe erneut auf den 19 J\u00e4hrigen, der ihm die Pistole aber mit dem Fu\u00df aus der Hand treten konnte, woraufhin die Pistole in die Heckscheibe eines geparkten Fahrzeugs flog. Die getroffene Scheibe ging dabei zu Bruch, und es entstand dadurch ein Sachschaden in H\u00f6he von ca. 2.200 Euro.<\/p><h3>Angreifer stark alkoholisiert<\/h3><p>Bei der folgenden Anzeigenaufnahme wurde bei dem Angreifer ein Alkoholwert von ca. 2,3 Promille festgestellt, der Gesch\u00e4digte erlitt ein H\u00e4matom am rechten Jochbein. Die Waffe konnte sichergestellt werden, der Angreifer muss sich nun wegen gef\u00e4hrlicher K\u00f6rperverletzung verantworten.<\/p>\t\t\t\t\t\t<\/div>\n\t\t\t\t<\/div>\n\t\t\t\t<div class=\"elementor-element elementor-element-lkj62ub elementor-widget-divider--view-line elementor-widget elementor-widget-divider\" data-id=\"lkj62ub\" data-element_type=\"widget\" data-widget_type=\"divider.default\">\n\t\t\t\t<div class=\"elementor-widget-container\">\n\t\t\t\t\t<div class=\"elementor-divider\">\n\t\t\t<span class=\"elementor-divider-separator\">\n\t\t\t\t\t\t<\/span>\n\t\t<\/div>\n\t\t\t\t<\/div>\n\t\t\t\t<\/div>\n\t\t\t\t<div class=\"elementor-element elementor-element-c98jtdz elementor-widget elementor-widget-google_maps\" data-id=\"c98jtdz\" data-element_type=\"widget\" data-widget_type=\"google_maps.default\">\n\t\t\t\t<div class=\"elementor-widget-container\">\n\t\t\t\t\t<div class=\"elementor-custom-embed\">\n\t\t\t<iframe loading=\"lazy\"\n\t\t\t\t\tsrc=\"https:\/\/maps.google.com\/maps?q=Bahnhofstra%C3%9Fe%2C%20Allersberg%2C%20Deutschland&#038;t=m&#038;z=18&#038;output=embed&#038;iwloc=near\"\n\t\t\t\t\ttitle=\"Bahnhofstra\u00dfe, Allersberg, Deutschland\"\n\t\t\t\t\taria-label=\"Bahnhofstra\u00dfe, Allersberg, Deutschland\"\n\t\t\t><\/iframe>\n\t\t<\/div>\n\t\t\t\t<\/div>\n\t\t\t\t<\/div>\n\t\t\t\t\t<\/div>\n\t\t<\/div>\n\t\t\t\t<div class=\"elementor-column elementor-col-33 elementor-top-column elementor-element elementor-element-flkv3o5\" data-id=\"flkv3o5\" data-element_type=\"column\">\n\t\t\t<div class=\"elementor-widget-wrap elementor-element-populated\">\n\t\t\t\t\t\t<div class=\"elementor-element elementor-element-bpvimlk elementor-widget elementor-widget-image\" data-id=\"bpvimlk\" data-element_type=\"widget\" data-widget_type=\"image.default\">\n\t\t\t\t<div class=\"elementor-widget-container\">\n\t\t\t\t\t\t\t\t\t\t\t\t\t\t<a href=\"http:\/\/www.region-schwabach.de\/wordpress\/werben-auf-region-schwabach\/\" target=\"_blank\">\n\t\t\t\t\t\t\t<img fetchpriority=\"high\" decoding=\"async\" width=\"1024\" height=\"1024\" src=\"https:\/\/www.region-schwabach.de\/wordpress\/wp-content\/uploads\/2017\/06\/werbung8-1024x1024.png\" class=\"attachment-large size-large wp-image-2484\" alt=\"\" srcset=\"https:\/\/www.region-schwabach.de\/wordpress\/wp-content\/uploads\/2017\/06\/werbung8-1024x1024.png 1024w, https:\/\/www.region-schwabach.de\/wordpress\/wp-content\/uploads\/2017\/06\/werbung8-150x150.png 150w, https:\/\/www.region-schwabach.de\/wordpress\/wp-content\/uploads\/2017\/06\/werbung8-300x300.png 300w, https:\/\/www.region-schwabach.de\/wordpress\/wp-content\/uploads\/2017\/06\/werbung8-768x768.png 768w, https:\/\/www.region-schwabach.de\/wordpress\/wp-content\/uploads\/2017\/06\/werbung8-600x600.png 600w, https:\/\/www.region-schwabach.de\/wordpress\/wp-content\/uploads\/2017\/06\/werbung8.png 1200w\" sizes=\"(max-width: 1024px) 100vw, 1024px\" \/>\t\t\t\t\t\t\t\t<\/a>\n\t\t\t\t\t\t\t\t\t\t\t\t\t<\/div>\n\t\t\t\t<\/div>\n\t\t\t\t\t<\/div>\n\t\t<\/div>\n\t\t\t\t\t<\/div>\n\t\t<\/section>\n\t\t\t\t<\/div>\n\t\t","protected":false},"excerpt":{"rendered":"<div class=\"mh-excerpt\"><p>Mit Soft-Air-Pistole angegriffen Allersberg &#8211;\u00a0Am Samstagabend, den 21.04.2018, griff ein Heranwachsender aus einer Gruppe einen anderen Jugendlichen mit einer Soft-Air Pistole an, und schoss im weiteren Verlauf mit der Waffe auf den 19 J\u00e4hrigen, der <a class=\"mh-excerpt-more\" href=\"https:\/\/www.region-schwabach.de\/wordpress\/jugendlicher-mit-soft-air-pistole-in-allersberg-angegriffen\/\" title=\"Jugendlicher mit Soft-Air Pistole in Allersberg angegriffen\">[&#8230;]<\/a><\/p>\n<\/div>","protected":false},"author":1,"featured_media":36878,"comment_status":"open","ping_status":"open","sticky":false,"template":"","format":"standard","meta":{"_cbd_carousel_blocks":"[]","footnotes":""},"categories":[15],"tags":[3241,470,556,398,3674,1120,297,488,515,463,487,401,713,3673],"class_list":{"0":"post-36877","1":"post","2":"type-post","3":"status-publish","4":"format-standard","5":"has-post-thumbnail","7":"category-polizeimeldungen","8":"tag-21-04-2018","9":"tag-alkohol","10":"tag-allersberg","11":"tag-bahnhofstrasse","12":"tag-haematom","13":"tag-heckscheibe","14":"tag-hilpoltstein","15":"tag-jugendliche","16":"tag-koerperverletzung","17":"tag-pkw","18":"tag-sachbeschaedigung","19":"tag-sachschaden","20":"tag-schaden","21":"tag-softair-pistole"},"_links":{"self":[{"href":"https:\/\/www.region-schwabach.de\/wordpress\/wp-json\/wp\/v2\/posts\/36877","targetHints":{"allow":["GET"]}}],"collection":[{"href":"https:\/\/www.region-schwabach.de\/wordpress\/wp-json\/wp\/v2\/posts"}],"about":[{"href":"https:\/\/www.region-schwabach.de\/wordpress\/wp-json\/wp\/v2\/types\/post"}],"author":[{"embeddable":true,"href":"https:\/\/www.region-schwabach.de\/wordpress\/wp-json\/wp\/v2\/users\/1"}],"replies":[{"embeddable":true,"href":"https:\/\/www.region-schwabach.de\/wordpress\/wp-json\/wp\/v2\/comments?post=36877"}],"version-history":[{"count":0,"href":"https:\/\/www.region-schwabach.de\/wordpress\/wp-json\/wp\/v2\/posts\/36877\/revisions"}],"wp:featuredmedia":[{"embeddable":true,"href":"https:\/\/www.region-schwabach.de\/wordpress\/wp-json\/wp\/v2\/media\/36878"}],"wp:attachment":[{"href":"https:\/\/www.region-schwabach.de\/wordpress\/wp-json\/wp\/v2\/media?parent=36877"}],"wp:term":[{"taxonomy":"category","embeddable":true,"href":"https:\/\/www.region-schwabach.de\/wordpress\/wp-json\/wp\/v2\/categories?post=36877"},{"taxonomy":"post_tag","embeddable":true,"href":"https:\/\/www.region-schwabach.de\/wordpress\/wp-json\/wp\/v2\/tags?post=36877"}],"curies":[{"name":"wp","href":"https:\/\/api.w.org\/{rel}","templated":true}]}}