{"id":3723,"date":"2017-07-12T11:00:45","date_gmt":"2017-07-12T09:00:45","guid":{"rendered":"http:\/\/www.region-schwabach.de\/wordpress\/?p=3723"},"modified":"2018-07-30T09:47:28","modified_gmt":"2018-07-30T07:47:28","slug":"sperrung-der-galgengartenstrasse-vom-17-bis-21-juli","status":"publish","type":"post","link":"https:\/\/www.region-schwabach.de\/wordpress\/sperrung-der-galgengartenstrasse-vom-17-bis-21-juli\/","title":{"rendered":"Sperrung der Galgengartenstra\u00dfe vom 17. bis 21. Juli"},"content":{"rendered":"\t\t<div data-elementor-type=\"wp-post\" data-elementor-id=\"3723\" class=\"elementor elementor-3723 elementor-bc-flex-widget\">\n\t\t\t\t\t\t<section class=\"elementor-section elementor-top-section elementor-element elementor-element-1dzeyuh elementor-section-boxed elementor-section-height-default elementor-section-height-default\" data-id=\"1dzeyuh\" data-element_type=\"section\">\n\t\t\t\t\t\t<div class=\"elementor-container elementor-column-gap-default\">\n\t\t\t\t\t<div class=\"elementor-column elementor-col-66 elementor-top-column elementor-element elementor-element-aam59ft\" data-id=\"aam59ft\" data-element_type=\"column\">\n\t\t\t<div class=\"elementor-widget-wrap elementor-element-populated\">\n\t\t\t\t\t\t<div class=\"elementor-element elementor-element-k9p1oyc elementor-widget elementor-widget-text-editor\" data-id=\"k9p1oyc\" data-element_type=\"widget\" data-widget_type=\"text-editor.default\">\n\t\t\t\t<div class=\"elementor-widget-container\">\n\t\t\t\t\t\t\t<h3>Verlegung von Hausanschl\u00fcssen beginnt am 17. Juli 2017<\/h3><p>Von Montag, den 17. Juli bis Freitag, den 21. Juli 2017 findet die Verlegung von Hausanschl\u00fcssen in der Galgengartenstra\u00dfe \u00a0&#8211; auf H\u00f6he der Hausnummer 31 &#8211; statt., was zu einer Vollsperrung in diesem Bereich f\u00fchrt.<\/p><h3>Sperrung von Montag, den 17. Juli bis Freitag, den 21. Juli<\/h3><p>Aufgrund der anfallenden Arbeiten kommt es in der Zeit vom 17. Juli bis zum 21. Juli zu einer Vollsperrung in diesem Bereich.<\/p><h3>Anliegerverkehr weiterhin m\u00f6glich<\/h3><p>Der Anliegerverkehr wird w\u00e4hrend der Dauer der Sperrung \u00fcber die Kreuzwegstra\u00dfe und den Grenzweg erm\u00f6glicht.<\/p><p>\u00a0<\/p>\t\t\t\t\t\t<\/div>\n\t\t\t\t<\/div>\n\t\t\t\t<div class=\"elementor-element elementor-element-rf47wqh elementor-widget elementor-widget-google_maps\" data-id=\"rf47wqh\" data-element_type=\"widget\" data-widget_type=\"google_maps.default\">\n\t\t\t\t<div class=\"elementor-widget-container\">\n\t\t\t\t\t<div class=\"elementor-custom-embed\">\n\t\t\t<iframe loading=\"lazy\"\n\t\t\t\t\tsrc=\"https:\/\/maps.google.com\/maps?q=Galgengartenstra%C3%9Fe%2C%20Schwabach%2C%20Deutschland&#038;t=m&#038;z=15&#038;output=embed&#038;iwloc=near\"\n\t\t\t\t\ttitle=\"Galgengartenstra\u00dfe, Schwabach, Deutschland\"\n\t\t\t\t\taria-label=\"Galgengartenstra\u00dfe, Schwabach, Deutschland\"\n\t\t\t><\/iframe>\n\t\t<\/div>\n\t\t\t\t<\/div>\n\t\t\t\t<\/div>\n\t\t\t\t\t<\/div>\n\t\t<\/div>\n\t\t\t\t<div class=\"elementor-column elementor-col-33 elementor-top-column elementor-element elementor-element-uferl75\" data-id=\"uferl75\" data-element_type=\"column\">\n\t\t\t<div class=\"elementor-widget-wrap elementor-element-populated\">\n\t\t\t\t\t\t<div class=\"elementor-element elementor-element-xuttsc2 elementor-widget elementor-widget-image\" data-id=\"xuttsc2\" data-element_type=\"widget\" data-widget_type=\"image.default\">\n\t\t\t\t<div class=\"elementor-widget-container\">\n\t\t\t\t\t\t\t\t\t\t\t\t\t<img fetchpriority=\"high\" decoding=\"async\" width=\"300\" height=\"300\" src=\"https:\/\/www.region-schwabach.de\/wordpress\/wp-content\/uploads\/2017\/06\/werbung8-300x300.png\" class=\"attachment-medium size-medium wp-image-2484\" alt=\"\" srcset=\"https:\/\/www.region-schwabach.de\/wordpress\/wp-content\/uploads\/2017\/06\/werbung8-300x300.png 300w, https:\/\/www.region-schwabach.de\/wordpress\/wp-content\/uploads\/2017\/06\/werbung8-150x150.png 150w, https:\/\/www.region-schwabach.de\/wordpress\/wp-content\/uploads\/2017\/06\/werbung8-768x768.png 768w, https:\/\/www.region-schwabach.de\/wordpress\/wp-content\/uploads\/2017\/06\/werbung8-1024x1024.png 1024w, https:\/\/www.region-schwabach.de\/wordpress\/wp-content\/uploads\/2017\/06\/werbung8-600x600.png 600w, https:\/\/www.region-schwabach.de\/wordpress\/wp-content\/uploads\/2017\/06\/werbung8.png 1200w\" sizes=\"(max-width: 300px) 100vw, 300px\" \/>\t\t\t\t\t\t\t\t\t\t\t\t\t<\/div>\n\t\t\t\t<\/div>\n\t\t\t\t\t<\/div>\n\t\t<\/div>\n\t\t\t\t\t<\/div>\n\t\t<\/section>\n\t\t\t\t<\/div>\n\t\t","protected":false},"excerpt":{"rendered":"<div class=\"mh-excerpt\"><p>Verlegung von Hausanschl\u00fcssen beginnt am 17. Juli 2017 Von Montag, den 17. Juli bis Freitag, den 21. Juli 2017 findet die Verlegung von Hausanschl\u00fcssen in der Galgengartenstra\u00dfe \u00a0&#8211; auf H\u00f6he der Hausnummer 31 &#8211; statt., <a class=\"mh-excerpt-more\" href=\"https:\/\/www.region-schwabach.de\/wordpress\/sperrung-der-galgengartenstrasse-vom-17-bis-21-juli\/\" title=\"Sperrung der Galgengartenstra\u00dfe vom 17. bis 21. Juli\">[&#8230;]<\/a><\/p>\n<\/div>","protected":false},"author":1,"featured_media":3725,"comment_status":"open","ping_status":"open","sticky":false,"template":"template-full.php","format":"standard","meta":{"_cbd_carousel_blocks":"[]","footnotes":""},"categories":[16,14],"tags":[70,69,67,68,71,66],"class_list":{"0":"post-3723","1":"post","2":"type-post","3":"status-publish","4":"format-standard","5":"has-post-thumbnail","7":"category-aktuell","8":"category-verkehrsinfos","9":"tag-baukran","10":"tag-einsentrautstrasse","11":"tag-rathausgasse","12":"tag-schillerstrasse","13":"tag-strassensperre","14":"tag-suedliche-ringstrasse"},"_links":{"self":[{"href":"https:\/\/www.region-schwabach.de\/wordpress\/wp-json\/wp\/v2\/posts\/3723","targetHints":{"allow":["GET"]}}],"collection":[{"href":"https:\/\/www.region-schwabach.de\/wordpress\/wp-json\/wp\/v2\/posts"}],"about":[{"href":"https:\/\/www.region-schwabach.de\/wordpress\/wp-json\/wp\/v2\/types\/post"}],"author":[{"embeddable":true,"href":"https:\/\/www.region-schwabach.de\/wordpress\/wp-json\/wp\/v2\/users\/1"}],"replies":[{"embeddable":true,"href":"https:\/\/www.region-schwabach.de\/wordpress\/wp-json\/wp\/v2\/comments?post=3723"}],"version-history":[{"count":0,"href":"https:\/\/www.region-schwabach.de\/wordpress\/wp-json\/wp\/v2\/posts\/3723\/revisions"}],"wp:featuredmedia":[{"embeddable":true,"href":"https:\/\/www.region-schwabach.de\/wordpress\/wp-json\/wp\/v2\/media\/3725"}],"wp:attachment":[{"href":"https:\/\/www.region-schwabach.de\/wordpress\/wp-json\/wp\/v2\/media?parent=3723"}],"wp:term":[{"taxonomy":"category","embeddable":true,"href":"https:\/\/www.region-schwabach.de\/wordpress\/wp-json\/wp\/v2\/categories?post=3723"},{"taxonomy":"post_tag","embeddable":true,"href":"https:\/\/www.region-schwabach.de\/wordpress\/wp-json\/wp\/v2\/tags?post=3723"}],"curies":[{"name":"wp","href":"https:\/\/api.w.org\/{rel}","templated":true}]}}