{"id":37793,"date":"2018-04-30T14:53:15","date_gmt":"2018-04-30T12:53:15","guid":{"rendered":"http:\/\/www.region-schwabach.de\/wordpress\/?p=37793"},"modified":"2018-04-30T15:09:01","modified_gmt":"2018-04-30T13:09:01","slug":"mehrere-geschwindigkeitskontrollen-am-wochenende-im-raum-roth","status":"publish","type":"post","link":"https:\/\/www.region-schwabach.de\/wordpress\/mehrere-geschwindigkeitskontrollen-am-wochenende-im-raum-roth\/","title":{"rendered":"Mehrere Geschwindigkeitskontrollen am Wochenende im Raum Roth"},"content":{"rendered":"\t\t<div data-elementor-type=\"wp-post\" data-elementor-id=\"37793\" class=\"elementor elementor-37793 elementor-bc-flex-widget\">\n\t\t\t\t\t\t<section class=\"elementor-section elementor-top-section elementor-element elementor-element-tlus4ia elementor-section-boxed elementor-section-height-default elementor-section-height-default\" data-id=\"tlus4ia\" data-element_type=\"section\">\n\t\t\t\t\t\t<div class=\"elementor-container elementor-column-gap-default\">\n\t\t\t\t\t<div class=\"elementor-column elementor-col-66 elementor-top-column elementor-element elementor-element-sphcucl\" data-id=\"sphcucl\" data-element_type=\"column\">\n\t\t\t<div class=\"elementor-widget-wrap elementor-element-populated\">\n\t\t\t\t\t\t<div class=\"elementor-element elementor-element-4f2h2af elementor-widget elementor-widget-text-editor\" data-id=\"4f2h2af\" data-element_type=\"widget\" data-widget_type=\"text-editor.default\">\n\t\t\t\t<div class=\"elementor-widget-container\">\n\t\t\t\t\t\t\t<h3>Mehrere Geschwindigkeitskontrollen<\/h3><p>Roth &#8211;\u00a0Am Wochenende f\u00fchrte die Verkehrspolizei gleich mehrere Geschwindigkeitskontrollen im Einzugsgebiet von Roth durch, welche zur Folge haben, da\u00df insgesamt vier Fahrzeugf\u00fchrer demn\u00e4chst bis zu drei Monate zu Fu\u00df unterwegs sein werden.<\/p><h3>B2 auf H\u00f6he Roth<\/h3><p>Auf der B2 in Richtung N\u00fcrnberg &#8211; in H\u00f6he von Roth &#8211; wurde am Freitag, den 27.04.2018, im 100er Bereich gemessen. Dabei hielt sich der \u00fcberwiegende Teil der kontrollierten Fahrer an die vorgeschriebene H\u00f6chstgeschwindigkeit.<\/p><p>Der schnellste Fahrer war allerdings mit 71 km\/h zu schnell unterwegs, weshalb er nun mit zwei Monatne Fahrverbot und einer Geldbu\u00dfe von 440,- Euro rechnen mu\u00df. Ein weiterer Raser war mit \u00fcber 146 km\/h unterwegs, weshalb ihn nun ein Fahrverbot von einem Monat und eine Geldbu\u00dfe in H\u00f6he von 240,- Euro drohen.<\/p><h3>Zwischen Roth und Eckersm\u00fchlen<\/h3><p>Ein noch unverbesserlicherer Raser war am Sonntag, den 29.04.2018, mit 190 km\/h zwischen Roth und Eckersm\u00fchlen unterwegs, weshalb er nun mit drei Monaten Fahrverbot und einer Geldbu\u00dfe von 600,- Euro rechnen mu\u00df. Am selben Kontrollpunkt wurde ein weiterer PKW-Fahrer mit mehr als 146 km\/h gemessen, den nun ein Fahrverbot von einem Monat und eine Geldbu\u00dfe von 240,- Euro erwarten.<\/p><p>Eine dritte Geschwindigkeitskontrolle am Rother Westring am Freitagmorgen, den 27.04.2018, blieb gr\u00f6\u00dftenteils ohne Beanstandungen.<\/p>\t\t\t\t\t\t<\/div>\n\t\t\t\t<\/div>\n\t\t\t\t<div class=\"elementor-element elementor-element-lkj62ub elementor-widget-divider--view-line elementor-widget elementor-widget-divider\" data-id=\"lkj62ub\" data-element_type=\"widget\" data-widget_type=\"divider.default\">\n\t\t\t\t<div class=\"elementor-widget-container\">\n\t\t\t\t\t<div class=\"elementor-divider\">\n\t\t\t<span class=\"elementor-divider-separator\">\n\t\t\t\t\t\t<\/span>\n\t\t<\/div>\n\t\t\t\t<\/div>\n\t\t\t\t<\/div>\n\t\t\t\t<div class=\"elementor-element elementor-element-c98jtdz elementor-widget elementor-widget-google_maps\" data-id=\"c98jtdz\" data-element_type=\"widget\" data-widget_type=\"google_maps.default\">\n\t\t\t\t<div class=\"elementor-widget-container\">\n\t\t\t\t\t<div class=\"elementor-custom-embed\">\n\t\t\t<iframe loading=\"lazy\"\n\t\t\t\t\tsrc=\"https:\/\/maps.google.com\/maps?q=Roth%2C%20Deutschland&#038;t=m&#038;z=11&#038;output=embed&#038;iwloc=near\"\n\t\t\t\t\ttitle=\"Roth, Deutschland\"\n\t\t\t\t\taria-label=\"Roth, Deutschland\"\n\t\t\t><\/iframe>\n\t\t<\/div>\n\t\t\t\t<\/div>\n\t\t\t\t<\/div>\n\t\t\t\t\t<\/div>\n\t\t<\/div>\n\t\t\t\t<div class=\"elementor-column elementor-col-33 elementor-top-column elementor-element elementor-element-flkv3o5\" data-id=\"flkv3o5\" data-element_type=\"column\">\n\t\t\t<div class=\"elementor-widget-wrap elementor-element-populated\">\n\t\t\t\t\t\t<div class=\"elementor-element elementor-element-bpvimlk elementor-widget elementor-widget-image\" data-id=\"bpvimlk\" data-element_type=\"widget\" data-widget_type=\"image.default\">\n\t\t\t\t<div class=\"elementor-widget-container\">\n\t\t\t\t\t\t\t\t\t\t\t\t\t\t<a href=\"http:\/\/www.region-schwabach.de\/wordpress\/werben-auf-region-schwabach\/\" target=\"_blank\">\n\t\t\t\t\t\t\t<img fetchpriority=\"high\" decoding=\"async\" width=\"1024\" height=\"1024\" src=\"https:\/\/www.region-schwabach.de\/wordpress\/wp-content\/uploads\/2017\/06\/werbung8-1024x1024.png\" class=\"attachment-large size-large wp-image-2484\" alt=\"\" srcset=\"https:\/\/www.region-schwabach.de\/wordpress\/wp-content\/uploads\/2017\/06\/werbung8-1024x1024.png 1024w, https:\/\/www.region-schwabach.de\/wordpress\/wp-content\/uploads\/2017\/06\/werbung8-150x150.png 150w, https:\/\/www.region-schwabach.de\/wordpress\/wp-content\/uploads\/2017\/06\/werbung8-300x300.png 300w, https:\/\/www.region-schwabach.de\/wordpress\/wp-content\/uploads\/2017\/06\/werbung8-768x768.png 768w, https:\/\/www.region-schwabach.de\/wordpress\/wp-content\/uploads\/2017\/06\/werbung8-600x600.png 600w, https:\/\/www.region-schwabach.de\/wordpress\/wp-content\/uploads\/2017\/06\/werbung8.png 1200w\" sizes=\"(max-width: 1024px) 100vw, 1024px\" \/>\t\t\t\t\t\t\t\t<\/a>\n\t\t\t\t\t\t\t\t\t\t\t\t\t<\/div>\n\t\t\t\t<\/div>\n\t\t\t\t\t<\/div>\n\t\t<\/div>\n\t\t\t\t\t<\/div>\n\t\t<\/section>\n\t\t\t\t<\/div>\n\t\t","protected":false},"excerpt":{"rendered":"<div class=\"mh-excerpt\"><p>Mehrere Geschwindigkeitskontrollen Roth &#8211;\u00a0Am Wochenende f\u00fchrte die Verkehrspolizei gleich mehrere Geschwindigkeitskontrollen im Einzugsgebiet von Roth durch, welche zur Folge haben, da\u00df insgesamt vier Fahrzeugf\u00fchrer demn\u00e4chst bis zu drei Monate zu Fu\u00df unterwegs sein werden. B2 <a class=\"mh-excerpt-more\" href=\"https:\/\/www.region-schwabach.de\/wordpress\/mehrere-geschwindigkeitskontrollen-am-wochenende-im-raum-roth\/\" title=\"Mehrere Geschwindigkeitskontrollen am Wochenende im Raum Roth\">[&#8230;]<\/a><\/p>\n<\/div>","protected":false},"author":1,"featured_media":37794,"comment_status":"open","ping_status":"open","sticky":false,"template":"","format":"standard","meta":{"_cbd_carousel_blocks":"[]","footnotes":""},"categories":[15],"tags":[3247,3249,429,1111,221,1018,635,1807,32],"class_list":{"0":"post-37793","1":"post","2":"type-post","3":"status-publish","4":"format-standard","5":"has-post-thumbnail","7":"category-polizeimeldungen","8":"tag-27-04-2018","9":"tag-29-04-2018","10":"tag-b2","11":"tag-bussgeld","12":"tag-eckersmuehlen","13":"tag-fahrverbot","14":"tag-geschwindigkeitskontrolle","15":"tag-punkte-in-flensburg","16":"tag-roth"},"_links":{"self":[{"href":"https:\/\/www.region-schwabach.de\/wordpress\/wp-json\/wp\/v2\/posts\/37793","targetHints":{"allow":["GET"]}}],"collection":[{"href":"https:\/\/www.region-schwabach.de\/wordpress\/wp-json\/wp\/v2\/posts"}],"about":[{"href":"https:\/\/www.region-schwabach.de\/wordpress\/wp-json\/wp\/v2\/types\/post"}],"author":[{"embeddable":true,"href":"https:\/\/www.region-schwabach.de\/wordpress\/wp-json\/wp\/v2\/users\/1"}],"replies":[{"embeddable":true,"href":"https:\/\/www.region-schwabach.de\/wordpress\/wp-json\/wp\/v2\/comments?post=37793"}],"version-history":[{"count":0,"href":"https:\/\/www.region-schwabach.de\/wordpress\/wp-json\/wp\/v2\/posts\/37793\/revisions"}],"wp:featuredmedia":[{"embeddable":true,"href":"https:\/\/www.region-schwabach.de\/wordpress\/wp-json\/wp\/v2\/media\/37794"}],"wp:attachment":[{"href":"https:\/\/www.region-schwabach.de\/wordpress\/wp-json\/wp\/v2\/media?parent=37793"}],"wp:term":[{"taxonomy":"category","embeddable":true,"href":"https:\/\/www.region-schwabach.de\/wordpress\/wp-json\/wp\/v2\/categories?post=37793"},{"taxonomy":"post_tag","embeddable":true,"href":"https:\/\/www.region-schwabach.de\/wordpress\/wp-json\/wp\/v2\/tags?post=37793"}],"curies":[{"name":"wp","href":"https:\/\/api.w.org\/{rel}","templated":true}]}}